{"id":35860,"date":"2022-01-18T21:48:02","date_gmt":"2022-01-18T21:48:02","guid":{"rendered":"https:\/\/www.ole.com.ar\/independiente\/independiente-dominguez-sosa_0_yVIuwbZseB.html"},"modified":"2022-01-18T21:48:02","modified_gmt":"2022-01-18T21:48:02","slug":"ahora-si-independiente-confirmo-la-continuidad-de-un-referente","status":"publish","type":"post","link":"http:\/\/hoycordobaweb.com\/index.php\/2022\/01\/18\/ahora-si-independiente-confirmo-la-continuidad-de-un-referente\/","title":{"rendered":"\u00a1Ahora s\u00ed! Independiente confirm\u00f3 la continuidad de un referente"},"content":{"rendered":"<p><img src=\"http:\/\/hoycordobaweb.com\/wp-content\/uploads\/2022\/01\/ahora-si-independiente-confirmo-la-continuidad-de-un-referente.jpg\"><\/p>\n<p>Muchos fueron los rumores que compromet\u00edan el coraz\u00f3n de m\u00e1s de un hincha de <a data-cke-saved-href=\"https:\/\/www.ole.com.ar\/independiente\/\" target=\"_blank\" href=\"https:\/\/www.ole.com.ar\/independiente\/\" rel=\"noopener noreferrer\">Independiente<\/a>. Es que los clubes lo llamaban, de eso hay certezas, pero ninguno logr\u00f3 romper la barrera del amor que form\u00f3 uno de los referentes del plantel, con la gente del Rojo. Y eso termin\u00f3 siendo determinante.<strong> Es que Sebasti\u00e1n Sosa, uno de los emblemas que tiene hoy la instituci\u00f3n, se desvincul\u00f3 de Mazatl\u00e1n de M\u00e9xico, y esta tarde arregl\u00f3 su contrato con el Rey de Copas, para seguir, una temporada m\u00e1s, arriba del barco que hoy conduce<a data-cke-saved-href=\"https:\/\/www.ole.com.ar\/independiente\/independiente-dominguez-batallini_0_TFeb7qsPSm.html\" target=\"_blank\" href=\"https:\/\/www.ole.com.ar\/independiente\/independiente-dominguez-batallini_0_TFeb7qsPSm.html\" rel=\"noopener noreferrer\"> Eduardo Dom\u00ednguez.<\/a><\/strong> \u00a1Y se festej\u00f3 en Avellaneda! <\/p>\n<p>Esta tarde se vio el primer indicio de lo que pod\u00eda suceder, cuando su compatriota uruguayo, y compa\u00f1ero en el Diablo, Diego Segovia, public\u00f3 una foto en Instagram, compartiendo el entrenamiento matutino en el predio de Villa Dom\u00ednico junto a \u00e9l, y a Renzo Bacchia.<strong> Y los 3 arqueros charr\u00faas que tiene el Rojo, coparon la escena. \u00abVamo&#8217; arriba mi gente\u00bb, escribi\u00f3, seguido de una bandera roja y blanca, y otra de su pa\u00eds.<\/strong> Y mientras la dirigencia busca dejar atr\u00e1s esta semana las inhibiciones que le impiden incorporar en este mercado, de 1,2 millones de d\u00f3lares, tratan de adelantarse y acomodar las cosas para darle m\u00e1s herramientas a Eduardo Dom\u00ednguez y compa\u00f1\u00eda.&nbsp;<\/p>\n<div class=\"sp__Normal\">\n<div class=\"image-embeb image-trigger\" readability=\"8\">\n<picture><source media=\"(min-width: 720px)\" srcset=\"http:\/\/hoycordobaweb.com\/wp-content\/uploads\/2022\/01\/ahora-si-independiente-confirmo-la-continuidad-de-un-referente-2.jpg\"><img itemprop=\"image\" src=\"http:\/\/hoycordobaweb.com\/wp-content\/uploads\/2022\/01\/ahora-si-independiente-confirmo-la-continuidad-de-un-referente-2.jpg\" loading=\"lazy\" alt=\"Sebasti\u00e1n Sosa se entren\u00f3 esta ma\u00f1ana en Independiente, y su compatriota, Diego Segovia, lo mostr\u00f3 contento en sus redes.\nFoto: Instagram Diego Segovia\">\n<\/picture><figcaption readability=\"6\">\n<p>Sebasti\u00e1n Sosa se entren\u00f3 esta ma\u00f1ana en Independiente, y su compatriota, Diego Segovia, lo mostr\u00f3 contento en sus redes.<br \/>\nFoto: Instagram Diego Segovia\n<\/p>\n<\/figcaption><\/div>\n<\/div>\n<p>Ahora, el club hizo oficial su continuidad en el Rey de Copas, cont\u00f3 que en los pr\u00f3ximos d\u00edas firmar\u00e1 el contrato, y le pone as\u00ed, fin a la novela de si se iba a Pe\u00f1arol, equipo de cual es hincha, o a Libertad de Paraguay. Sondeos hubo, pero el amor fue m\u00e1s fuerte.<strong> El Rojo le dio ritmo, visibilidad y&nbsp;situ\u00f3 a Sebasti\u00e1n Sosa como un claro s\u00edmbolo del grupo<\/strong>. Este mes logr\u00f3 lo que tanto anhelaba, que era llegar a ser citado por su Selecci\u00f3n, cuando Diego Alonso lo llam\u00f3 para presentarse con la Celeste. Transita un gran momento en lo personal, y buscar\u00e1 revancha en este nuevo Independiente que de a poco, se va formando. \u00bfC\u00f3mo le ir\u00e1 al 1?<\/p>\n<div class=\"entry-tags\">\n<h2>TEMAS QUE APARECEN EN ESTA NOTA<\/h2>\n<\/p><\/div>\n","protected":false},"excerpt":{"rendered":"<p>Muchos fueron los rumores que compromet\u00edan el coraz\u00f3n de m\u00e1s de un hincha de Independiente. Es que los clubes lo llamaban, de eso hay certezas, pero ninguno logr\u00f3 romper la barrera del amor que form\u00f3 uno de los referentes del plantel, con la gente del Rojo. Y eso termin\u00f3 siendo determinante. Es que Sebasti\u00e1n Sosa, [&hellip;]<\/p>\n","protected":false},"author":1,"featured_media":35861,"comment_status":"open","ping_status":"closed","sticky":false,"template":"","format":"standard","meta":[],"categories":[16],"tags":[],"_links":{"self":[{"href":"http:\/\/hoycordobaweb.com\/index.php\/wp-json\/wp\/v2\/posts\/35860"}],"collection":[{"href":"http:\/\/hoycordobaweb.com\/index.php\/wp-json\/wp\/v2\/posts"}],"about":[{"href":"http:\/\/hoycordobaweb.com\/index.php\/wp-json\/wp\/v2\/types\/post"}],"author":[{"embeddable":true,"href":"http:\/\/hoycordobaweb.com\/index.php\/wp-json\/wp\/v2\/users\/1"}],"replies":[{"embeddable":true,"href":"http:\/\/hoycordobaweb.com\/index.php\/wp-json\/wp\/v2\/comments?post=35860"}],"version-history":[{"count":0,"href":"http:\/\/hoycordobaweb.com\/index.php\/wp-json\/wp\/v2\/posts\/35860\/revisions"}],"wp:featuredmedia":[{"embeddable":true,"href":"http:\/\/hoycordobaweb.com\/index.php\/wp-json\/wp\/v2\/media\/35861"}],"wp:attachment":[{"href":"http:\/\/hoycordobaweb.com\/index.php\/wp-json\/wp\/v2\/media?parent=35860"}],"wp:term":[{"taxonomy":"category","embeddable":true,"href":"http:\/\/hoycordobaweb.com\/index.php\/wp-json\/wp\/v2\/categories?post=35860"},{"taxonomy":"post_tag","embeddable":true,"href":"http:\/\/hoycordobaweb.com\/index.php\/wp-json\/wp\/v2\/tags?post=35860"}],"curies":[{"name":"wp","href":"https:\/\/api.w.org\/{rel}","templated":true}]}}