{"id":35856,"date":"2022-01-18T22:00:45","date_gmt":"2022-01-18T22:00:45","guid":{"rendered":"https:\/\/www.ole.com.ar\/futbol-internacional\/lewandowski-messi-the-best_0_PT00hPJgHI.html"},"modified":"2022-01-18T22:00:45","modified_gmt":"2022-01-18T22:00:45","slug":"la-reaccion-de-lewandowski-porque-messi-no-lo-voto","status":"publish","type":"post","link":"http:\/\/hoycordobaweb.com\/index.php\/2022\/01\/18\/la-reaccion-de-lewandowski-porque-messi-no-lo-voto\/","title":{"rendered":"La reacci\u00f3n de Lewandowski porque Messi no lo vot\u00f3"},"content":{"rendered":"<p><img src=\"http:\/\/hoycordobaweb.com\/wp-content\/uploads\/2022\/01\/la-reaccion-de-lewandowski-porque-messi-no-lo-voto.jpg\"><\/p>\n<p><a alt=\"robert-lewandowski\" class=\"slug\" href=\"https:\/\/www.ole.com.ar\/tema\/robert-lewandowski.html\" target=\"_blank\" title=\"robert-lewandowski\" rel=\"noopener noreferrer\">Robert Lewandowski<\/a> pas\u00f3 este martes por la conferencia de prensa del <a alt=\"bayern-munich\" class=\"slug\" href=\"https:\/\/www.ole.com.ar\/tema\/bayern-munich.html\" target=\"_blank\" title=\"bayern-munich\" rel=\"noopener noreferrer\">Bayern Munich<\/a> tras<a href=\"https:\/\/www.ole.com.ar\/futbol-internacional\/vivo-the-best-fifa-lionel-messi-robert-lewandowski_0_gB6vPfmWC.html#:~:text=LEWANDOWSKI%20LE%20GAN%C3%93%20A%20MESSI,Munich%20y%20anot%C3%B3%2069%20goles.\" target=\"_blank\" rel=\"noopener noreferrer\"> haber ganado el premio The Best <\/a>al mejor futbolista del a\u00f1o en la fiesta de la FIFA. Una de las primeras consultas fue por el voto de Lionel Messi, segundo en la votaci\u00f3n, que no lo vot\u00f3 a \u00e9l entre los tres mejores, y se decant\u00f3 por Neymar, Mbapp\u00e9 y Benzema, pese a que en la gala del Bal\u00f3n de Oro hab\u00eda pedido el premio para \u00e9l por su nivel en 2020, cuando se anul\u00f3 por la pandemia.<\/p>\n<p>\u00ab<strong>Me alegraron sus declaraciones, aunque ahora haya sido un poco diferente. Habr\u00eda que preguntarle a \u00e9l sobre sus votos. No debe estar enfadado conmigo, quiz\u00e1 en lo deportivo, pero no en lo privado<\/strong>\u00ab, declar\u00f3 el punta.<\/p>\n<p>\u00abYo s\u00ed lo vot\u00e9 en segundo lugar\u00bb, agreg\u00f3 el atacante. Primero puso a Jorginho, del Chelsea, y tercero a Cristiano Ronaldo.<\/p>\n<div class=\"sp__Normal\">\n<div class=\"image-embeb image-trigger\" readability=\"6\">\n<picture><source media=\"(min-width: 720px)\" srcset=\"http:\/\/hoycordobaweb.com\/wp-content\/uploads\/2022\/01\/la-reaccion-de-lewandowski-porque-messi-no-lo-voto-2.jpg\"><img itemprop=\"image\" src=\"http:\/\/hoycordobaweb.com\/wp-content\/uploads\/2022\/01\/la-reaccion-de-lewandowski-porque-messi-no-lo-voto-2.jpg\" loading=\"lazy\" alt=\"El delantero polaco se qued\u00f3 con el premio al mejor futbolista del mundo otorgado por la FIFA.\">\n<\/picture><figcaption readability=\"2\">\n<p>El delantero polaco se qued\u00f3 con el premio al mejor futbolista del mundo otorgado por la FIFA.\n<\/p>\n<\/figcaption><\/div>\n<\/div>\n<p>El futbolista del equipo b\u00e1varo <a href=\"https:\/\/www.ole.com.ar\/futbol-internacional\/fifa-the-best-lewandowski-messi-votos_0_YdM81Nr8J2.html\" target=\"_blank\" rel=\"noopener noreferrer\">le gan\u00f3 la elecci\u00f3n a Leo por 48 a 44 puntos<\/a>. Recordar: el premio se resolvi\u00f3 por los votos de t\u00e9cnicos y capitanes de selecciones de todo el mundo, un periodista por pa\u00eds y el de hinchas a trav\u00e9s de la web de la FIFA.<\/p>\n<div class=\"entry-tags\">\n<h2>TEMAS QUE APARECEN EN ESTA NOTA<\/h2>\n<\/p><\/div>\n","protected":false},"excerpt":{"rendered":"<p>Robert Lewandowski pas\u00f3 este martes por la conferencia de prensa del Bayern Munich tras haber ganado el premio The Best al mejor futbolista del a\u00f1o en la fiesta de la FIFA. Una de las primeras consultas fue por el voto de Lionel Messi, segundo en la votaci\u00f3n, que no lo vot\u00f3 a \u00e9l entre los [&hellip;]<\/p>\n","protected":false},"author":1,"featured_media":35857,"comment_status":"open","ping_status":"closed","sticky":false,"template":"","format":"standard","meta":[],"categories":[16],"tags":[],"_links":{"self":[{"href":"http:\/\/hoycordobaweb.com\/index.php\/wp-json\/wp\/v2\/posts\/35856"}],"collection":[{"href":"http:\/\/hoycordobaweb.com\/index.php\/wp-json\/wp\/v2\/posts"}],"about":[{"href":"http:\/\/hoycordobaweb.com\/index.php\/wp-json\/wp\/v2\/types\/post"}],"author":[{"embeddable":true,"href":"http:\/\/hoycordobaweb.com\/index.php\/wp-json\/wp\/v2\/users\/1"}],"replies":[{"embeddable":true,"href":"http:\/\/hoycordobaweb.com\/index.php\/wp-json\/wp\/v2\/comments?post=35856"}],"version-history":[{"count":0,"href":"http:\/\/hoycordobaweb.com\/index.php\/wp-json\/wp\/v2\/posts\/35856\/revisions"}],"wp:featuredmedia":[{"embeddable":true,"href":"http:\/\/hoycordobaweb.com\/index.php\/wp-json\/wp\/v2\/media\/35857"}],"wp:attachment":[{"href":"http:\/\/hoycordobaweb.com\/index.php\/wp-json\/wp\/v2\/media?parent=35856"}],"wp:term":[{"taxonomy":"category","embeddable":true,"href":"http:\/\/hoycordobaweb.com\/index.php\/wp-json\/wp\/v2\/categories?post=35856"},{"taxonomy":"post_tag","embeddable":true,"href":"http:\/\/hoycordobaweb.com\/index.php\/wp-json\/wp\/v2\/tags?post=35856"}],"curies":[{"name":"wp","href":"https:\/\/api.w.org\/{rel}","templated":true}]}}