{"id":35831,"date":"2022-01-17T21:54:00","date_gmt":"2022-01-17T21:54:00","guid":{"rendered":"http:\/\/hoycordobaweb.com\/index.php\/2022\/01\/17\/mesa-judicial-conte-grand-decidio-no-asistir-al-congreso-para-declarar\/"},"modified":"2022-01-17T21:54:00","modified_gmt":"2022-01-17T21:54:00","slug":"mesa-judicial-conte-grand-decidio-no-asistir-al-congreso-para-declarar","status":"publish","type":"post","link":"http:\/\/hoycordobaweb.com\/index.php\/2022\/01\/17\/mesa-judicial-conte-grand-decidio-no-asistir-al-congreso-para-declarar\/","title":{"rendered":"Mesa judicial: Conte Grand decidi\u00f3 no asistir al Congreso para declarar"},"content":{"rendered":"<p><img src=\"http:\/\/hoycordobaweb.com\/wp-content\/uploads\/2022\/01\/mesa-judicial-conte-grand-decidio-no-asistir-al-congreso-para-declarar.jpg\"><\/p>\n<figure class=\"mb-3\"><img loading=\"lazy\" src=\"http:\/\/hoycordobaweb.com\/wp-content\/uploads\/2022\/01\/mesa-judicial-conte-grand-decidio-no-asistir-al-congreso-para-declarar-2.jpg\" width=\"100%\" height=\"100%\" alt=\"El procurador haba sido citado por la subcomisin de Inteligencia parlamentaria bicameral \"><figcaption> El procurador hab\u00eda sido citado por la subcomisi\u00f3n de Inteligencia parlamentaria bicameral. <\/figcaption><\/figure>\n<p>El procurador general bonaerense, Julio Conte Grand, se excus\u00f3 este lunes de asistir el martes al Congreso y pidi\u00f3 responder por escrito las preguntas sobre la mesa judicial bonaerense durante la gesti\u00f3n de la exgobernadora Mar\u00eda Eugenia Vidal, <strong>por lo que la subcomisi\u00f3n de Inteligencia parlamentaria bicameral volvi\u00f3 a convocarlo para el 27 de enero pr\u00f3ximo.<\/strong><\/p>\n<p>Conte Grand hab\u00eda sido citado tras la <strong>difusi\u00f3n de las im\u00e1genes de una reuni\u00f3n de 2017 en la que exfuncionarios de la gesti\u00f3n de Vidal -uno de ellos propiciando formar una Gestapo-, exdirectivos de la Agencia Federal de Inteligencia (AFI) y empresarios analizaban estrategias para armar causas judiciales <\/strong>contra referentes del gremio de la construcci\u00f3n de La Plata.<\/p>\n<p>Despu\u00e9s de que el funcionario bonaerense se excusara este lunes de asistir el martes y ofreciera responder por escrito para garantizar su \u00abpredisposici\u00f3n a colaborar\u00bb, el presidente de la Comisi\u00f3n bicameral de Inteligencia, Leopoldo Moreau, volvi\u00f3 a citarlo para el jueves 27 de enero a las 12, seg\u00fan un intercambio de misivas entre ambos al que tuvo acceso T\u00e9lam.<\/p>\n<p>\u00abSu comparecencia responde a la posibilidad a dar respuesta a requerimientos de car\u00e1cter pol\u00edtico-institucional que los legisladores de la subcomisi\u00f3n de investigaci\u00f3n parlamentaria convocada con motivo de una denuncia solicitaron realizarle\u00bb, le respondi\u00f3 Moreau a Conte Grand.<\/p>\n<p>Para <strong>Moreau, <\/strong>la respuesta de Conte Grand de excusarse de asistir<strong> \u00ablimita el ejercicio de las facultades parlamentarias propias de esta Comisi\u00f3n Bicameral previstas por la Ley N\u00b0 25.520<\/strong>; que, de continuar en esa postura, lesionar\u00eda inequ\u00edvocamente instituciones fundamentales del sistema federal y republicano que las mismas provincias han decidido establecer\u00bb.<\/p>\n<p>Por eso, y a fin de \u00abno obstaculizar una investigaci\u00f3n en curso en cabeza de una comisi\u00f3n bicameral permanente del Congreso\u00bb, el legislador del Frente de Todos (FdT) volvi\u00f3 a convocar al procurador bonaerense para el 27 de enero a las 12.<\/p>\n<p><strong>El audio de la filmaci\u00f3n de la reuni\u00f3n de 2017 revel\u00f3 que algunos de los asistentes alud\u00edan a la colaboraci\u00f3n asegurada de una fiscal y de la Procuraci\u00f3n General<\/strong> con el objetivo de perjudicar a sindicalistas.<\/p>\n<p>El jueves pasado, <strong>el comisario bonaerense Hern\u00e1n Cassasa confirm\u00f3 a los legisladores de ese cuerpo que son de su autor\u00eda los audios en los que menciona el accionar de la \u00abmesa judicial\u00bb<\/strong> macrista y en los cuales se detalla qui\u00e9nes eran los funcionarios que la integraban.<\/p>\n<p>Cassasa, que ostentaba el grado de subcomisario en 2017, declar\u00f3 ante los miembros de ese grupo de trabajo, integrado por los diputados oficialistas Rodolfo Tailhade y Eduardo Vald\u00e9s, y el legislador de Juntos por el Cambio (JxC) Miguel \u00c1ngel Bazze.<\/p>\n<p>Adem\u00e1s, seg\u00fan detall\u00f3 este lunes Tailhade en una entrevista con radio Del Plata, Conte Grand tambi\u00e9n fue citado por la comisi\u00f3n bicameral para que explique \u00abpor qu\u00e9 ten\u00eda un tel\u00e9fono encriptado entregado por la AFI durante el gobierno de (Mauricio) Macri\u00bb.<\/p>\n<p><strong>Tailhade<\/strong> remarc\u00f3 adem\u00e1s que el expresidente entreg\u00f3 tel\u00e9fonos encriptados \u00aba alrededor de 150 personas, muchas de las cuales no ten\u00edan absolutamente nada que ver ni con la AFI ni con el propio gobierno nacional como, por ejemplo, Daniel Angelici, Nicol\u00e1s Caputo, el abogado personal de Macri, parte del equipo de Vidal y la propia exgobernadora\u00bb.<\/p>\n<p>\u00abNo hay ninguna justificaci\u00f3n para que Conte Grand tenga un tel\u00e9fono encriptado proporcionado por el servicio de inteligencia argentino\u00bb, advirti\u00f3.<\/p>\n<p>Por otra parte, el diputado miembro de la comisi\u00f3n bicameral dijo que \u00ablos 23 gremios que fueron intervenidos por la gesti\u00f3n macrista\u00bb pueden denunciar ante ese grupo parlamentario \u00absi la AFI particip\u00f3 eventualmente del armado de alguna causa contra ellos o en procedimientos que hayan terminado con una intervenci\u00f3n\u00bb.<\/p>\n<p>Hasta el momento, <strong>la comisi\u00f3n cuenta con denuncias de UOCRA de La Plata, el sindicato de Fleteros, \u00abambos con dirigentes presos en Bah\u00eda Blanca\u00bb, y del sindicato de Astilleros R\u00edo Santiago y de Camioneros<\/strong>, entre otros, seg\u00fan detall\u00f3 el diputado.<\/p>\n<p>En el caso de Camioneros, Tailhade record\u00f3 que \u00abdos agentes de inteligencia de m\u00e1xima jerarqu\u00eda en la AFI fueron a apretar al juez Luis Carzoglio para que detuviera a Pablo y a Hugo Moyano\u00bb. <\/p>\n","protected":false},"excerpt":{"rendered":"<p>El procurador hab\u00eda sido citado por la subcomisi\u00f3n de Inteligencia parlamentaria bicameral. El procurador general bonaerense, Julio Conte Grand, se excus\u00f3 este lunes de asistir el martes al Congreso y pidi\u00f3 responder por escrito las preguntas sobre la mesa judicial bonaerense durante la gesti\u00f3n de la exgobernadora Mar\u00eda Eugenia Vidal, por lo que la subcomisi\u00f3n [&hellip;]<\/p>\n","protected":false},"author":1,"featured_media":35832,"comment_status":"open","ping_status":"closed","sticky":false,"template":"","format":"standard","meta":[],"categories":[19],"tags":[],"_links":{"self":[{"href":"http:\/\/hoycordobaweb.com\/index.php\/wp-json\/wp\/v2\/posts\/35831"}],"collection":[{"href":"http:\/\/hoycordobaweb.com\/index.php\/wp-json\/wp\/v2\/posts"}],"about":[{"href":"http:\/\/hoycordobaweb.com\/index.php\/wp-json\/wp\/v2\/types\/post"}],"author":[{"embeddable":true,"href":"http:\/\/hoycordobaweb.com\/index.php\/wp-json\/wp\/v2\/users\/1"}],"replies":[{"embeddable":true,"href":"http:\/\/hoycordobaweb.com\/index.php\/wp-json\/wp\/v2\/comments?post=35831"}],"version-history":[{"count":0,"href":"http:\/\/hoycordobaweb.com\/index.php\/wp-json\/wp\/v2\/posts\/35831\/revisions"}],"wp:featuredmedia":[{"embeddable":true,"href":"http:\/\/hoycordobaweb.com\/index.php\/wp-json\/wp\/v2\/media\/35832"}],"wp:attachment":[{"href":"http:\/\/hoycordobaweb.com\/index.php\/wp-json\/wp\/v2\/media?parent=35831"}],"wp:term":[{"taxonomy":"category","embeddable":true,"href":"http:\/\/hoycordobaweb.com\/index.php\/wp-json\/wp\/v2\/categories?post=35831"},{"taxonomy":"post_tag","embeddable":true,"href":"http:\/\/hoycordobaweb.com\/index.php\/wp-json\/wp\/v2\/tags?post=35831"}],"curies":[{"name":"wp","href":"https:\/\/api.w.org\/{rel}","templated":true}]}}