{"id":35813,"date":"2022-01-17T20:57:55","date_gmt":"2022-01-17T20:57:55","guid":{"rendered":"https:\/\/www.ole.com.ar\/futbol-internacional\/the-best-messi-premios-votacion_0_QkJeWShA0H.html"},"modified":"2022-01-17T20:57:55","modified_gmt":"2022-01-17T20:57:55","slug":"quienes-votaron-y-quienes-ningunearon-a-messi-en-the-best","status":"publish","type":"post","link":"http:\/\/hoycordobaweb.com\/index.php\/2022\/01\/17\/quienes-votaron-y-quienes-ningunearon-a-messi-en-the-best\/","title":{"rendered":"\u00bfQui\u00e9nes votaron y qui\u00e9nes ningunearon a Messi en The Best?"},"content":{"rendered":"<p><img src=\"http:\/\/hoycordobaweb.com\/wp-content\/uploads\/2022\/01\/quienes-votaron-y-quienes-ningunearon-a-messi-en-the-best.jpg\"><\/p>\n<p><strong><a alt=\"robert-lewandowski\" class=\"slug\" href=\"https:\/\/www.ole.com.ar\/tema\/robert-lewandowski.html\" target=\"_blank\" title=\"robert-lewandowski\" rel=\"noopener noreferrer\">Robert Lewandowski <\/a><\/strong><a href=\"https:\/\/www.ole.com.ar\/futbol-internacional\/vivo-the-best-fifa-lionel-messi-robert-lewandowski_0_gB6vPfmWC.html\" target=\"_blank\" rel=\"noopener noreferrer\">fue elegido como el mejor jugador del 2021 y se qued\u00f3 con el premio The Best<\/a> por encima de <a alt=\"lionel-messi\" class=\"slug\" href=\"https:\/\/www.ole.com.ar\/tema\/lionel-messi.html\" target=\"_blank\" title=\"lionel-messi\" rel=\"noopener noreferrer\">Lionel Messi<\/a> y <a alt=\"mohamed-salah\" class=\"slug\" href=\"https:\/\/www.ole.com.ar\/tema\/mohamed-salah.html\" target=\"_blank\" title=\"mohamed-salah\" rel=\"noopener noreferrer\">Mohamed Salah<\/a> en la gala virtual de la FIFA que se desarroll\u00f3 en Zurich. El ente que regula el f\u00fatbol internacional dio a conocer en su sitio web a qui\u00e9n vot\u00f3 cada futbolista, entrenador y periodista especializado que particip\u00f3 de la elecci\u00f3n, con algunos votos llamativos.<\/p>\n<p>Por supuesto, en las elecciones de los capitanes y entrenadores <strong>suele haber amiguismos<\/strong>: compa\u00f1eros de equipo y compatriotas suelen sumar algun puntito m\u00e1s para hacer buena letra, pero <strong>\u00bfhay animosidad contra alg\u00fan rival? <\/strong>Cada uno saca sus propias conclusiones&#8230;<\/p>\n<p>Los argentinos tuvieron protagonismo en la gala, con <strong>Leo Messi <\/strong>incluido en el mejor equipo masculino del mundo, en tanto que el argentino <strong>Erik Lamela <\/strong>gan\u00f3 el premio Pusk\u00e1s al mejor gol del a\u00f1o por su rabona ante el Arsenal. Adem\u00e1s, <strong>Estefan\u00eda Banini<\/strong>, mediocampista argentina de la Selecci\u00f3n femenina, fue seleccionada en el mejor once femenino.<\/p>\n<div class=\"sp__SM\">\n<div class=\"content-new \">\n<span class=\"tit-mobile\">Mir\u00e1 tambi\u00e9n<\/span><\/p>\n<div class=\"mg\">\n<div class=\"wrap-figure\">\n<picture>\n<a href=\"https:\/\/www.ole.com.ar\/futbol-femenino\/estefania-banini-equipo-ideal-fifa_0_9rHDY7wr61.html\" target=\"_self\" rel=\"noopener noreferrer\"><br \/>\n<img class=\"img-responsive\" alt=\"Estefan\u00eda Banini en el equipo ideal de la FIFA\" src=\"http:\/\/hoycordobaweb.com\/wp-content\/uploads\/2022\/01\/quienes-votaron-y-quienes-ningunearon-a-messi-en-the-best-2.jpg\" loading=\"lazy\"><br \/>\n<\/a>\n<\/picture>\n<\/div>\n<\/div><\/div>\n<\/div>\n<h2>\u00bfQUI\u00c9N LO VOT\u00d3 A MESSI? <\/h2>\n<p>La elecci\u00f3n se hizo a trav\u00e9s de los capitanes y entrenadores de cada selecci\u00f3n asociada a la FIFA, adem\u00e1s de un periodista especializado de cada pa\u00eds. A excepci\u00f3n de Leo, que no pod\u00eda votarse a s\u00ed mismo, los argentinos <strong>Lionel Scaloni y Claudio Mauri<\/strong> eligieron al 10 de la Selecci\u00f3n en primer lugar y le otorgaron cinco puntos &#8211; tres van a la segunda elecci\u00f3n y un punto a la tercera-. <\/p>\n<p><strong>En general, hubo unidad hispana entre los capitanes y t\u00e9cnicos de las selecciones<\/strong>: Claudio Bravo (Chile), David Ospina y Reinaldo Rueda (Colombia), Gustavo G\u00f3mez y Guillermo Barros Schelotto (Paraguay), Guillermo Ochoa (M\u00e9xico), Sergio Busquets y Luis Enrique (Espa\u00f1a), Gustavo Alfaro (Ecuador) y Jos\u00e9 Pekerman (Venezuela) <strong>eligieron a Leo en primer lugar. <\/strong>Ricardo Gareca, DT argentino de Per\u00fa, opt\u00f3 por ponerlo tercero, igual que Diego God\u00edn de Uruguay.<\/p>\n<div class=\"sp__SM\">\n<div class=\"content-new \">\n<span class=\"tit-mobile\">Mir\u00e1 tambi\u00e9n<\/span><\/p>\n<div class=\"mg\">\n<div class=\"wrap-figure\">\n<picture>\n<a href=\"https:\/\/www.ole.com.ar\/futbol-internacional\/lamela-the-best-fifa_0_Xd5z7xII14.html\" target=\"_self\" rel=\"noopener noreferrer\"><br \/>\n<img class=\"img-responsive\" alt=\"\u00a1Lamela gan\u00f3 el premio de la FIFA por el mejor gol del a\u00f1o!\" src=\"http:\/\/hoycordobaweb.com\/wp-content\/uploads\/2022\/01\/quienes-votaron-y-quienes-ningunearon-a-messi-en-the-best-3.jpg\" loading=\"lazy\"><br \/>\n<\/a>\n<\/picture>\n<\/div>\n<\/div><\/div>\n<\/div>\n<h2>BRASIL Y BOLIVIA BORRARON AL CAMPE\u00d3N DE AM\u00c9RICA<br \/><\/h2>\n<h2> <\/h2>\n<p>Llamativas fueron las elecciones desde Brasil y Bolivia. El capit\u00e1n brasile\u00f1o<strong> Thiago Silva<\/strong> vot\u00f3 a su compatriota Neymar, a Lewandowski y a Jorginho, en tanto que el boliviano <strong>Marcelo Martins <\/strong>fue por Cristiano Ronaldo, Benzema y Lewandowski. Los t\u00e9cnicos tampoco se acordaron: Tite le dio sus puntos a&nbsp;Lewandowski, Salah y Benzema, y C\u00e9sar Far\u00edas eligi\u00f3 a Jorginho,&nbsp;Kant\u00e9 y Lewan. <strong>\u200b\u00bfSe olvidaron de Leo o hay alguna espina?<\/strong><\/p>\n<div class=\"sp__SM\">\n<div class=\"content-new \">\n<span class=\"tit-mobile\">Mir\u00e1 tambi\u00e9n<\/span><\/p>\n<div class=\"mg\">\n<div class=\"wrap-figure\">\n<picture>\n<a href=\"https:\/\/www.ole.com.ar\/futbol-internacional\/lionel-messi-the-best_0_clGrNQcVdt.html\" target=\"_self\" rel=\"noopener noreferrer\"><br \/>\n<img class=\"img-responsive\" alt=\"Leo en el equipo ideal, pero con un ins\u00f3lito problema de conexi\u00f3n\" src=\"http:\/\/hoycordobaweb.com\/wp-content\/uploads\/2022\/01\/quienes-votaron-y-quienes-ningunearon-a-messi-en-the-best-4.jpg\" loading=\"lazy\"><br \/>\n<\/a>\n<\/picture>\n<\/div>\n<\/div><\/div>\n<\/div>\n<div class=\"sp__Normal\">\n<div class=\"image-embeb image-trigger\" readability=\"6.5\">\n<picture><source media=\"(min-width: 720px)\" srcset=\"http:\/\/hoycordobaweb.com\/wp-content\/uploads\/2022\/01\/quienes-votaron-y-quienes-ningunearon-a-messi-en-the-best-5.jpg\"><img itemprop=\"image\" src=\"http:\/\/hoycordobaweb.com\/wp-content\/uploads\/2022\/01\/quienes-votaron-y-quienes-ningunearon-a-messi-en-the-best-5.jpg\" loading=\"lazy\" alt=\"Robert Lewandowski, The Best.\">\n<\/picture><figcaption readability=\"3\">\n<p>Robert Lewandowski, The Best.\n<\/p>\n<\/figcaption><\/div>\n<\/div>\n<h2>EL NINGUNEO EUROPEO<\/h2>\n<p>Entre los l\u00edderes de las selecciones m\u00e1s grandes, sobre todo las europeas, hubo preferencia europea: <strong>Eden Hazard de B\u00e9lgica fue por Karim Benzema y dej\u00f3 a Messi afuera de sus elecciones, igual que Luka Modric de Croacia.<\/strong> El ingl\u00e9s <strong>Harry Kane<\/strong> fue por <mark>Robert Lewandowski y puso segundo a Leo<\/mark>, y el franc\u00e9s <strong>Hugo Lloris<\/strong> opt\u00f3 por un tr\u00edo de compatriotas: <mark>Benzema, Mbapp\u00e9 y Kant\u00e9<\/mark>.<\/p>\n<p>Desde Alemania, <strong>Manuel Neuer tambi\u00e9n ningune\u00f3 a Messi<\/strong>: Lewandowski, Salah y Kant\u00e9, mientras que <strong>Giorgio Chiellini<\/strong> en Italia prefiri\u00f3 a su compatriota Jorginho, Lewandowski y Kant\u00e9. <strong>Virgil van Dijk<\/strong>, de Pa\u00edses Bajos, fue por su compa\u00f1ero de equipo Mohamed Salah, luego Lewandowski y m\u00e1s atr\u00e1s Kant\u00e9.<\/p>\n<p><strong>Cristiano Ronaldo, capit\u00e1n de Portugal, se olvid\u00f3 de Messi<\/strong>:&nbsp;Robert Lewandowski, N\u2019Golo Kant\u00e9 y&nbsp;Jorginho fueron sus elecciones.&nbsp;<\/p>\n<div class=\"sp__SM\">\n<div class=\"content-new \">\n<span class=\"tit-mobile\">Mir\u00e1 tambi\u00e9n<\/span><\/p>\n<div class=\"mg\">\n<div class=\"wrap-figure\">\n<picture>\n<a href=\"https:\/\/www.ole.com.ar\/futbol-internacional\/voto-messi-the-best-lewandowski_0_3INidXE3QC.html\" target=\"_self\" rel=\"noopener noreferrer\"><br \/>\n<img class=\"img-responsive\" alt=\"\u00bfA qui\u00e9n vot\u00f3 Messi en The Best?\" src=\"http:\/\/hoycordobaweb.com\/wp-content\/uploads\/2022\/01\/quienes-votaron-y-quienes-ningunearon-a-messi-en-the-best-6.jpg\" loading=\"lazy\"><br \/>\n<\/a>\n<\/picture>\n<\/div>\n<\/div><\/div>\n<\/div>\n<div class=\"sp__Normal\">\n<div class=\"image-embeb image-trigger\" readability=\"6.5\">\n<picture><source media=\"(min-width: 720px)\" srcset=\"http:\/\/hoycordobaweb.com\/wp-content\/uploads\/2022\/01\/quienes-votaron-y-quienes-ningunearon-a-messi-en-the-best-7.jpg\"><img itemprop=\"image\" src=\"http:\/\/hoycordobaweb.com\/wp-content\/uploads\/2022\/01\/quienes-votaron-y-quienes-ningunearon-a-messi-en-the-best-7.jpg\" loading=\"lazy\" alt=\"Messi eligi\u00f3 a Neymar, Mbapp\u00e9 y Benzema.\">\n<\/picture><figcaption readability=\"3\">\n<p>Messi eligi\u00f3 a Neymar, Mbapp\u00e9 y Benzema.\n<\/p>\n<\/figcaption><\/div>\n<\/div>\n<h2>TODOS LOS GANADORES<\/h2>\n<p><strong>Mejor jugador masculino<\/strong>: Robert Lewandowski (Polonia, Bayern Munich)<\/p>\n<p><strong>Mejor jugadora femenina<\/strong>: Alexia Putellas (Espa\u00f1a, Barcelona)<\/p>\n<p><strong>Premio Especial FIFA<\/strong>: Cristiano Ronaldo (Portugal)<\/p>\n<p><strong>Premio Especial FIFA<\/strong>: Christine Sinclair (Canad\u00e1)<\/p>\n<p> <strong>Mejor equipo masculino<\/strong>: Gianluigi Donnarumma, Leonardo Bonucci, David Alaba, R\u00faben Dias, Kevin De Bruyne, Jorginho, N&#8217;Golo Kant\u00e9, Robert Lewandowski, Cristiano Ronaldo, Erling Haaland y Lionel Messi.<\/p>\n<p> <strong>Mejor equipo femenino<\/strong>: Christiane Endler, Millie Bright, Lucy Bronze, Wendy Renard, Magdalena Eriksson, Estefan\u00eda Banini, Barbara Bonansea, Carli Lloyd, Marta, Vivianne Miedema y Alex Morgan.<\/p>\n<p> <strong>Premio FIFA Fans<\/strong>: hinchas de Dinamarca y Finlandia (Eurocopa 2020, tras la ca\u00edda de Christian Eriksen).<\/p>\n<p> <strong>Entrenador masculino<\/strong>: Thomas Tuchel (Alemania, Chelsea) Entrenadora femenina: Emma Hayes (Inglaterra, Chelsea) FIFA Fair Play: Selecci\u00f3n de Dinamarca y equipo m\u00e9dico de Dinamarca, tras la ca\u00edda de Christian Eriksen en la Eurocopa.<\/p>\n<p><strong>Premio Pusk\u00e1s &#8211; Mejor gol del a\u00f1o<\/strong>: Erik Lamela (Argentina, Tottenham)<\/p>\n<p><strong>Mejor arquero masculino<\/strong>: \u00c9douard Mendy (Senegal, Chelsea)<\/p>\n<p> <strong>Mejor arquera femenina<\/strong>: Christiane Endler (Chile, Lyon)<\/p>\n<div class=\"entry-tags\">\n<h2>TEMAS QUE APARECEN EN ESTA NOTA<\/h2>\n<\/p><\/div>\n","protected":false},"excerpt":{"rendered":"<p>Robert Lewandowski fue elegido como el mejor jugador del 2021 y se qued\u00f3 con el premio The Best por encima de Lionel Messi y Mohamed Salah en la gala virtual de la FIFA que se desarroll\u00f3 en Zurich. El ente que regula el f\u00fatbol internacional dio a conocer en su sitio web a qui\u00e9n vot\u00f3 [&hellip;]<\/p>\n","protected":false},"author":1,"featured_media":35814,"comment_status":"open","ping_status":"closed","sticky":false,"template":"","format":"standard","meta":[],"categories":[16],"tags":[],"_links":{"self":[{"href":"http:\/\/hoycordobaweb.com\/index.php\/wp-json\/wp\/v2\/posts\/35813"}],"collection":[{"href":"http:\/\/hoycordobaweb.com\/index.php\/wp-json\/wp\/v2\/posts"}],"about":[{"href":"http:\/\/hoycordobaweb.com\/index.php\/wp-json\/wp\/v2\/types\/post"}],"author":[{"embeddable":true,"href":"http:\/\/hoycordobaweb.com\/index.php\/wp-json\/wp\/v2\/users\/1"}],"replies":[{"embeddable":true,"href":"http:\/\/hoycordobaweb.com\/index.php\/wp-json\/wp\/v2\/comments?post=35813"}],"version-history":[{"count":0,"href":"http:\/\/hoycordobaweb.com\/index.php\/wp-json\/wp\/v2\/posts\/35813\/revisions"}],"wp:featuredmedia":[{"embeddable":true,"href":"http:\/\/hoycordobaweb.com\/index.php\/wp-json\/wp\/v2\/media\/35814"}],"wp:attachment":[{"href":"http:\/\/hoycordobaweb.com\/index.php\/wp-json\/wp\/v2\/media?parent=35813"}],"wp:term":[{"taxonomy":"category","embeddable":true,"href":"http:\/\/hoycordobaweb.com\/index.php\/wp-json\/wp\/v2\/categories?post=35813"},{"taxonomy":"post_tag","embeddable":true,"href":"http:\/\/hoycordobaweb.com\/index.php\/wp-json\/wp\/v2\/tags?post=35813"}],"curies":[{"name":"wp","href":"https:\/\/api.w.org\/{rel}","templated":true}]}}