{"id":35811,"date":"2022-01-17T21:55:19","date_gmt":"2022-01-17T21:55:19","guid":{"rendered":"https:\/\/www.ole.com.ar\/futbol-femenino\/estefania-banini-the-best_0_GONkyVbH2a.html"},"modified":"2022-01-17T21:55:19","modified_gmt":"2022-01-17T21:55:19","slug":"la-emocion-de-banini-por-estar-en-el-11-ideal-de-la-fifa-no-voy-a-pegar-un-ojo","status":"publish","type":"post","link":"http:\/\/hoycordobaweb.com\/index.php\/2022\/01\/17\/la-emocion-de-banini-por-estar-en-el-11-ideal-de-la-fifa-no-voy-a-pegar-un-ojo\/","title":{"rendered":"La emoci\u00f3n de Banini por estar en el 11 ideal de la FIFA: \u00abNo voy a pegar un ojo\u00bb"},"content":{"rendered":"<p><img src=\"http:\/\/hoycordobaweb.com\/wp-content\/uploads\/2022\/01\/la-emocion-de-banini-por-estar-en-el-11-ideal-de-la-fifa-no-voy-a-pegar-un-ojo.jpg\"><\/p>\n<p><strong><a alt=\"estefania-banini\" class=\"slug\" href=\"https:\/\/www.ole.com.ar\/tema\/estefania-banini.html\" target=\"_blank\" title=\"estefania-banini\" rel=\"noopener noreferrer\">Estefan\u00eda Banini<\/a><\/strong> acaba de hacer historia. La mendocina entr\u00f3 <a data-cke-saved-href=\"https:\/\/www.ole.com.ar\/futbol-femenino\/estefania-banini-equipo-ideal-fifa_0_9rHDY7wr61.html\" target=\"_blank\" href=\"https:\/\/www.ole.com.ar\/futbol-femenino\/estefania-banini-equipo-ideal-fifa_0_9rHDY7wr61.html\" rel=\"noopener noreferrer\"><strong>en el 11 ideal femenino de la FIFPRO, siendo la primera argentina en conseguir la haza\u00f1a. <\/strong><\/a>Fue reconocida en la gala de los <strong><a alt=\"premios-the-best\" class=\"slug\" href=\"https:\/\/www.ole.com.ar\/tema\/premios-the-best.html\" target=\"_blank\" title=\"premios-the-best\" rel=\"noopener noreferrer\">Premios The Best<\/a> <\/strong>de la<strong> <a alt=\"fifa\" class=\"slug\" href=\"https:\/\/www.ole.com.ar\/tema\/fifa.html\" target=\"_blank\" title=\"fifa\" rel=\"noopener noreferrer\">FIFA<\/a><\/strong>&nbsp;y, despu\u00e9s de recibir el honor de estar entre las mejores del 2021<strong>, estall\u00f3 de alegr\u00eda y emoci\u00f3n.<\/strong><\/p>\n<div class=\"sp__Normal\">\n<div class=\"image-embeb image-trigger\" readability=\"6.5\">\n<picture><source media=\"(min-width: 720px)\" srcset=\"http:\/\/hoycordobaweb.com\/wp-content\/uploads\/2022\/01\/la-emocion-de-banini-por-estar-en-el-11-ideal-de-la-fifa-no-voy-a-pegar-un-ojo-2.jpg\"><img itemprop=\"image\" src=\"http:\/\/hoycordobaweb.com\/wp-content\/uploads\/2022\/01\/la-emocion-de-banini-por-estar-en-el-11-ideal-de-la-fifa-no-voy-a-pegar-un-ojo-2.jpg\" loading=\"lazy\" alt=\"Banini, en el once femenino de The Best. Foto: AFP.\">\n<\/picture><figcaption readability=\"3\">\n<p>Banini, en el once femenino de The Best. Foto: AFP.\n<\/p>\n<\/figcaption><\/div>\n<\/div>\n<h2> <strong>\u00bfQU\u00c9 DIJO BANINI?<\/strong><\/h2>\n<p> La mediocampista tuvo la palabra durante la premiaci\u00f3n y pudo dar las gracias de forma virtual.<strong> \u00abLa verdad es un honor para m\u00ed, es incre\u00edble. <\/strong>La verdad que ya el simple hecho de permanecer en este 11 con estas incre\u00edbles jugadoras es espectacular, as\u00ed que <strong>agradecida por pertenecer y ser parte\u00bb<\/strong>, declar\u00f3 la de 31 a\u00f1os mientras estaba conectada junto a las otras 10 representantes del equipo ideal.<\/p>\n<p> Ya un rato despu\u00e9s de la ceremonia, con la adrenalina ya un poco m\u00e1s baja, Estefan\u00eda le concedi\u00f3 una entrevista a <strong>TyC Sports<\/strong>, en la que se pudo explayar un poco m\u00e1s. <mark>\u00abEstoy muy emocionada, muy contenta por este reconocimiento.<\/mark> Es muy lindo despu\u00e9s de<strong> todo el sacrificio <\/strong>que hay que hacer, pero bueno, siempre disfrut\u00e1ndolo\u00bb, arranc\u00f3.<\/p>\n<div class=\"sp__Normal\">\n<div class=\"image-embeb image-trigger\" readability=\"6\">\n<picture><source media=\"(min-width: 720px)\" srcset=\"http:\/\/hoycordobaweb.com\/wp-content\/uploads\/2022\/01\/la-emocion-de-banini-por-estar-en-el-11-ideal-de-la-fifa-no-voy-a-pegar-un-ojo-3.jpg\"><img itemprop=\"image\" src=\"http:\/\/hoycordobaweb.com\/wp-content\/uploads\/2022\/01\/la-emocion-de-banini-por-estar-en-el-11-ideal-de-la-fifa-no-voy-a-pegar-un-ojo-3.jpg\" loading=\"lazy\" alt=\"Banini fue reconocida en The Best. Foto: AFP.\">\n<\/picture><figcaption readability=\"2\">\n<p>Banini fue reconocida en The Best. Foto: AFP.\n<\/p>\n<\/figcaption><\/div>\n<\/div>\n<div class=\"sp__SM\">\n<div class=\"content-new \">\n<span class=\"tit-mobile\">Mir\u00e1 tambi\u00e9n<\/span><\/p>\n<div class=\"mg\">\n<div class=\"wrap-figure\">\n<picture>\n<a href=\"https:\/\/www.ole.com.ar\/futbol-femenino\/estefania-banini-equipo-ideal-fifa_0_9rHDY7wr61.html\" target=\"_self\" rel=\"noopener noreferrer\"><br \/>\n<img class=\"img-responsive\" alt=\"Estefan\u00eda Banini en el equipo ideal de la FIFA\" src=\"http:\/\/hoycordobaweb.com\/wp-content\/uploads\/2022\/01\/la-emocion-de-banini-por-estar-en-el-11-ideal-de-la-fifa-no-voy-a-pegar-un-ojo-4.jpg\" loading=\"lazy\"><br \/>\n<\/a>\n<\/picture>\n<\/div>\n<\/div><\/div>\n<\/div>\n<p> Y agreg\u00f3: <strong>\u00abNo lo esperaba, me sorprendi\u00f3 ya el hecho de estar en la preselecci\u00f3n de 23 jugadores, la verdad que para m\u00ed&nbsp;eso ya era ganar.<\/strong> Estar dentro de las mejores era el m\u00e1ximo reconocimiento que hab\u00eda tenido. Esto no me lo esperaba, pero la verdad que es muy lindo y emocionante\u00bb.<\/p>\n<p> Estefan\u00eda coment\u00f3 que tan grande es su alegr\u00eda, que esta noche no iba a poder descansar tranquila.<strong> \u00abEsta noche no creo que pueda dormir, no creo que pueda pegar un ojo.<\/strong> La verdad que es impresionante, uno como deportista no se imagina este tipo de cosas\u00bb, dijo.<\/p>\n<div class=\"sp__Normal\">\n<div class=\"image-embeb image-trigger\">\n<picture><source media=\"(min-width: 720px)\" srcset=\"http:\/\/hoycordobaweb.com\/wp-content\/uploads\/2022\/01\/la-emocion-de-banini-por-estar-en-el-11-ideal-de-la-fifa-no-voy-a-pegar-un-ojo-5.jpg\"><img itemprop=\"image\" src=\"http:\/\/hoycordobaweb.com\/wp-content\/uploads\/2022\/01\/la-emocion-de-banini-por-estar-en-el-11-ideal-de-la-fifa-no-voy-a-pegar-un-ojo-5.jpg\" loading=\"lazy\" alt=\"Banini hizo historia.\">\n<\/picture><figcaption>\n<p>Banini hizo historia.\n<\/p>\n<\/figcaption><\/div>\n<\/div>\n<p> Adem\u00e1s, aprovech\u00f3 para mandarle saludos y darle las gracias a todos sus seres queridos: \u00abMe pone muy feliz, sobre todo por toda la gente que ha estado cerca y apoy\u00e1ndome todos estos a\u00f1os, porque <strong>esto no ha sido de un d\u00eda para el otro. <\/strong>Todos los clubes que han confiado en m\u00ed, sobre todo el actual. Toda mi familia y amigos, evidentemente esto tambi\u00e9n fue gracias a ellos. Y como te digo, no creo que pueda pegar un ojo esta noche\u00bb.<\/p>\n<div class=\"sp__SM\">\n<div class=\"content-new \">\n<span class=\"tit-mobile\">Mir\u00e1 tambi\u00e9n<\/span><\/p>\n<div class=\"mg\">\n<div class=\"wrap-figure\">\n<picture>\n<a href=\"https:\/\/www.ole.com.ar\/futbol-internacional\/lamela-the-best-fifa_0_Xd5z7xII14.html\" target=\"_self\" rel=\"noopener noreferrer\"><br \/>\n<img class=\"img-responsive\" alt=\"\u00a1Lamela gan\u00f3 el premio de la FIFA por el mejor gol del a\u00f1o!\" src=\"http:\/\/hoycordobaweb.com\/wp-content\/uploads\/2022\/01\/la-emocion-de-banini-por-estar-en-el-11-ideal-de-la-fifa-no-voy-a-pegar-un-ojo-6.jpg\" loading=\"lazy\"><br \/>\n<\/a>\n<\/picture>\n<\/div>\n<\/div><\/div>\n<\/div>\n<h2> <strong>\u00bfVUELVE A LA SELECCI\u00d3N?<\/strong><\/h2>\n<p>La jugadora del <strong><a alt=\"atletico-madrid\" class=\"slug\" href=\"https:\/\/www.ole.com.ar\/tema\/atletico-madrid.html\" target=\"_blank\" title=\"atletico-madrid\" rel=\"noopener noreferrer\">Atl\u00e9tico de Madrid<\/a><\/strong>, tambi\u00e9n habl\u00f3 de su presente distante con la <strong><a alt=\"seleccion-femenina-de-futbol\" class=\"slug\" href=\"https:\/\/www.ole.com.ar\/tema\/seleccion-femenina-de-futbol.html\" target=\"_blank\" title=\"seleccion-femenina-de-futbol\" rel=\"noopener noreferrer\">Selecci\u00f3n Argentina<\/a><\/strong>. La 10 se alej\u00f3 de la Celeste y Blanca despu\u00e9s del Mundial de 2019, por diferencias con el cuerpo t\u00e9cnico. Pero este lunes explic\u00f3 que estaba contenta con los cambios que se estaban viendo en el equipo nacional, y dej\u00f3 la puerta abierta para su vuelta.<\/p>\n<div class=\"sp__Normal\">\n<div class=\"image-embeb image-trigger\" readability=\"6\">\n<picture><source media=\"(min-width: 720px)\" srcset=\"http:\/\/hoycordobaweb.com\/wp-content\/uploads\/2022\/01\/la-emocion-de-banini-por-estar-en-el-11-ideal-de-la-fifa-no-voy-a-pegar-un-ojo-7.jpg\"><img itemprop=\"image\" src=\"http:\/\/hoycordobaweb.com\/wp-content\/uploads\/2022\/01\/la-emocion-de-banini-por-estar-en-el-11-ideal-de-la-fifa-no-voy-a-pegar-un-ojo-7.jpg\" loading=\"lazy\" alt=\"Banini habl\u00f3 de Argentina. Foto: AP.\">\n<\/picture><figcaption readability=\"2\">\n<p>Banini habl\u00f3 de Argentina. Foto: AP.\n<\/p>\n<\/figcaption><\/div>\n<\/div>\n<p> \u00abEvidentemente la Selecci\u00f3n Argentina ya<strong> ha cambiado de cuerpo t\u00e9cnico, y en ese sentido los dirigentes han estado buscando una mejor\u00eda<\/strong>, y creo que eso es lo importante. Que la liga argentina crezca, que el pa\u00eds se unifique un poco m\u00e1s, que se tenga en cuenta a las provincias creo que es muy importante\u00bb, argument\u00f3.<\/p>\n<div class=\"sp__Normal\">\n<div class=\"image-embeb image-trigger\" readability=\"6\">\n<picture><source media=\"(min-width: 720px)\" srcset=\"http:\/\/hoycordobaweb.com\/wp-content\/uploads\/2022\/01\/la-emocion-de-banini-por-estar-en-el-11-ideal-de-la-fifa-no-voy-a-pegar-un-ojo-8.jpg\"><img itemprop=\"image\" src=\"http:\/\/hoycordobaweb.com\/wp-content\/uploads\/2022\/01\/la-emocion-de-banini-por-estar-en-el-11-ideal-de-la-fifa-no-voy-a-pegar-un-ojo-8.jpg\" loading=\"lazy\" alt=\"Banini en la Selecci\u00f3n. Foto: AFP.\">\n<\/picture><figcaption readability=\"2\">\n<p>Banini en la Selecci\u00f3n. Foto: AFP.\n<\/p>\n<\/figcaption><\/div>\n<\/div>\n<p> Y asegur\u00f3 que est\u00e1 contenta por el rumbo que est\u00e1 tomando el equipo argentino: \u00abA ra\u00edz de esa lucha, que no hice solamente yo, sino varias jugadoras m\u00e1s, y en ese momento todo el plantel de la Selecci\u00f3n estaba de acuerdo. Despu\u00e9s tomamos diferentes caminos pero siempre partiendo desde la misma idea, y <strong>creemos que se ha cambiado, que se est\u00e1 creciendo, y eso a m\u00ed me deja muy tranquila y feliz por la Selecci\u00f3n Argentina\u00bb.<\/strong><\/p>\n<div class=\"sp__SM\">\n<div class=\"content-new \">\n<span class=\"tit-mobile\">Mir\u00e1 tambi\u00e9n<\/span><\/p>\n<div class=\"mg\">\n<div class=\"wrap-figure\">\n<picture>\n<a href=\"https:\/\/www.ole.com.ar\/futbol-internacional\/lionel-messi-the-best_0_clGrNQcVdt.html\" target=\"_self\" rel=\"noopener noreferrer\"><br \/>\n<img class=\"img-responsive\" alt=\"Leo en el equipo ideal, pero con un ins\u00f3lito problema de conexi\u00f3n\" src=\"http:\/\/hoycordobaweb.com\/wp-content\/uploads\/2022\/01\/la-emocion-de-banini-por-estar-en-el-11-ideal-de-la-fifa-no-voy-a-pegar-un-ojo-9.jpg\" loading=\"lazy\"><br \/>\n<\/a>\n<\/picture>\n<\/div>\n<\/div><\/div>\n<\/div>\n<h2><strong>\u00bfPASAR\u00c1 POR EL F\u00daTBOL ARGENTINA?<\/strong><\/h2>\n<p> Sea por A o por B, Banini nunca tuvo una experiencia en la liga argentina. La crack dio sus primeros pasos en los equipos Cementista y Las Pumas, ambos de su ciudad, pero r\u00e1pidamente dio el salto y emigr\u00f3 del pa\u00eds. Arranc\u00f3 su carrera profesional en Chile, jugando para el Colo-Colo. Despu\u00e9s pas\u00f3 por el f\u00fatbol de Estados Unidos, militando para el Washington Spirit, y m\u00e1s tarde tuvo la oportunidad de jugar en Europa, primero con el Valencia, despu\u00e9s con el Levante, y finalmente con el Atl\u00e9tico de Madrid (su equipo actual).<\/p>\n<div class=\"sp__Normal\">\n<div class=\"image-embeb image-trigger\" readability=\"6\">\n<picture><source media=\"(min-width: 720px)\" srcset=\"http:\/\/hoycordobaweb.com\/wp-content\/uploads\/2022\/01\/la-emocion-de-banini-por-estar-en-el-11-ideal-de-la-fifa-no-voy-a-pegar-un-ojo-10.jpg\"><img itemprop=\"image\" src=\"http:\/\/hoycordobaweb.com\/wp-content\/uploads\/2022\/01\/la-emocion-de-banini-por-estar-en-el-11-ideal-de-la-fifa-no-voy-a-pegar-un-ojo-10.jpg\" loading=\"lazy\" alt=\"Banini quiere jugar en la liga argentina. Foto: AFP.\">\n<\/picture><figcaption readability=\"2\">\n<p>Banini quiere jugar en la liga argentina. Foto: AFP.\n<\/p>\n<\/figcaption><\/div>\n<\/div>\n<p> La carrera Estefan\u00eda es brillante, pero ella sabe que todav\u00eda le queda la cuenta pendiente de jugar en su pa\u00eds, donde el f\u00fatbol femenino es profesional desde 2019.<mark> \u00abA m\u00ed me encantar\u00eda terminar mi carrera en Argentina.<\/mark> Nunca pude jugar para un equipo de all\u00e1 profesionalmente, y qu\u00e9 mejor estar en casa, con tu familia, tus amigos, tu cultura, tus costumbres..<strong>. Ser\u00eda lo ideal para m\u00ed terminar mi carrera all\u00e1<\/strong>, y qu\u00e9 mejor que en una liga m\u00e1s organizada y profesional\u00bb, declar\u00f3.<\/p>\n<h2><strong>EL EQUIPO COMPLETO DE LA FIFPRO<\/strong><\/h2>\n<p> <strong>Arquera:<\/strong> Christiane Endler (Paris Saint-Germain\/Olympique Lyon, CHI).<br \/><strong><br \/>Defensoras:<\/strong> Lucy Bronze (Manchester City, ING), Millie Bright (Chelsea, ING), Magdalena Eriksson (Chelsea, SWE), Wendie Renard (Olympique Lyon, FRA) <\/p>\n<p><strong>Mediocampistas: Estefania Banini<\/strong> (Levante\/Atl\u00e9tico Madrid, ARG), Barbara Bonansea (Juventus, ITA), Carli Lloyd (NJ\/NY Gotham, USA) <\/p>\n<p><strong>Delanteras: <\/strong>Marta (Orlando Pride, BRA), Vivianne Miedema (Arsenal, NED) y Alex Morgan (Tottenham Hotspur\/Orlando Pride\/San Diego Wave, USA) <\/p>\n<div class=\"sp__SM\">\n<div class=\"content-new \">\n<span class=\"tit-mobile\">Mir\u00e1 tambi\u00e9n<\/span><\/p>\n<div class=\"mg\">\n<div class=\"wrap-figure\">\n<picture>\n<a href=\"https:\/\/www.ole.com.ar\/futbol-internacional\/the-best-messi-premios-votacion_0_QkJeWShA0H.html\" target=\"_self\" rel=\"noopener noreferrer\"><br \/>\n<img class=\"img-responsive\" alt=\"\u00bfQui\u00e9nes votaron y qui\u00e9nes ningunearon a Messi en The Best?\" src=\"http:\/\/hoycordobaweb.com\/wp-content\/uploads\/2022\/01\/la-emocion-de-banini-por-estar-en-el-11-ideal-de-la-fifa-no-voy-a-pegar-un-ojo-11.jpg\" loading=\"lazy\"><br \/>\n<\/a>\n<\/picture>\n<\/div>\n<\/div><\/div>\n<\/div>\n<div class=\"sp__SM\">\n<div class=\"content-new \">\n<span class=\"tit-mobile\">Mir\u00e1 tambi\u00e9n<\/span><\/p>\n<div class=\"mg\">\n<div class=\"wrap-figure\">\n<picture>\n<a href=\"https:\/\/www.ole.com.ar\/futbol-internacional\/voto-messi-the-best-lewandowski_0_3INidXE3QC.html\" target=\"_self\" rel=\"noopener noreferrer\"><br \/>\n<img class=\"img-responsive\" alt=\"\u00bfA qui\u00e9n vot\u00f3 Messi en The Best?\" src=\"http:\/\/hoycordobaweb.com\/wp-content\/uploads\/2022\/01\/la-emocion-de-banini-por-estar-en-el-11-ideal-de-la-fifa-no-voy-a-pegar-un-ojo-12.jpg\" loading=\"lazy\"><br \/>\n<\/a>\n<\/picture>\n<\/div>\n<\/div><\/div>\n<\/div>\n<div class=\"entry-tags\">\n<h2>TEMAS QUE APARECEN EN ESTA NOTA<\/h2>\n<\/p><\/div>\n","protected":false},"excerpt":{"rendered":"<p>Estefan\u00eda Banini acaba de hacer historia. La mendocina entr\u00f3 en el 11 ideal femenino de la FIFPRO, siendo la primera argentina en conseguir la haza\u00f1a. Fue reconocida en la gala de los Premios The Best de la FIFA&nbsp;y, despu\u00e9s de recibir el honor de estar entre las mejores del 2021, estall\u00f3 de alegr\u00eda y emoci\u00f3n. [&hellip;]<\/p>\n","protected":false},"author":1,"featured_media":35812,"comment_status":"open","ping_status":"closed","sticky":false,"template":"","format":"standard","meta":[],"categories":[16],"tags":[],"_links":{"self":[{"href":"http:\/\/hoycordobaweb.com\/index.php\/wp-json\/wp\/v2\/posts\/35811"}],"collection":[{"href":"http:\/\/hoycordobaweb.com\/index.php\/wp-json\/wp\/v2\/posts"}],"about":[{"href":"http:\/\/hoycordobaweb.com\/index.php\/wp-json\/wp\/v2\/types\/post"}],"author":[{"embeddable":true,"href":"http:\/\/hoycordobaweb.com\/index.php\/wp-json\/wp\/v2\/users\/1"}],"replies":[{"embeddable":true,"href":"http:\/\/hoycordobaweb.com\/index.php\/wp-json\/wp\/v2\/comments?post=35811"}],"version-history":[{"count":0,"href":"http:\/\/hoycordobaweb.com\/index.php\/wp-json\/wp\/v2\/posts\/35811\/revisions"}],"wp:featuredmedia":[{"embeddable":true,"href":"http:\/\/hoycordobaweb.com\/index.php\/wp-json\/wp\/v2\/media\/35812"}],"wp:attachment":[{"href":"http:\/\/hoycordobaweb.com\/index.php\/wp-json\/wp\/v2\/media?parent=35811"}],"wp:term":[{"taxonomy":"category","embeddable":true,"href":"http:\/\/hoycordobaweb.com\/index.php\/wp-json\/wp\/v2\/categories?post=35811"},{"taxonomy":"post_tag","embeddable":true,"href":"http:\/\/hoycordobaweb.com\/index.php\/wp-json\/wp\/v2\/tags?post=35811"}],"curies":[{"name":"wp","href":"https:\/\/api.w.org\/{rel}","templated":true}]}}