{"id":35807,"date":"2022-01-17T21:33:12","date_gmt":"2022-01-17T21:33:12","guid":{"rendered":"https:\/\/www.ole.com.ar\/futbol-primera\/copa-liga-profesional-horarios-confirmados-primeras-fechas_0_qUMGHiMX4U.html"},"modified":"2022-01-17T21:33:12","modified_gmt":"2022-01-17T21:33:12","slug":"dias-y-horarios-confirmados-cuando-juega-tu-equipo-en-la-copa-de-la-liga","status":"publish","type":"post","link":"http:\/\/hoycordobaweb.com\/index.php\/2022\/01\/17\/dias-y-horarios-confirmados-cuando-juega-tu-equipo-en-la-copa-de-la-liga\/","title":{"rendered":"D\u00edas y horarios confirmados: cu\u00e1ndo juega tu equipo en la Copa de la Liga"},"content":{"rendered":"<p><img src=\"http:\/\/hoycordobaweb.com\/wp-content\/uploads\/2022\/01\/dias-y-horarios-confirmados-cuando-juega-tu-equipo-en-la-copa-de-la-liga.jpg\"><\/p>\n<p>De a poco la ansiedad cesa y el regreso del f\u00fatbol argentino toma su forma. Con los torneos de verano los distintos equipos se ponen a punto para lo que ser\u00e1 un calendario exigente, con muchas competencias ajustadas debido al Mundial de Qatar. En la dulce espera,<strong> este lunes la Liga Profesional confirm\u00f3 el cronograma inicial del primer torneo del 2022.<\/strong><\/p>\n<p>La <a alt=\"copa-de-la-liga-profesional-de-futbol\" class=\"slug\" href=\"https:\/\/www.ole.com.ar\/tema\/copa-de-la-liga-profesional-de-futbol.html\" target=\"_blank\" title=\"copa-de-la-liga-profesional-de-futbol\" rel=\"noopener noreferrer\">Copa de la Liga<\/a> comenzar\u00e1 el jueves 10 de febrero, con la visita de Argentinos a Entre R\u00edos para enfrentar a Patronato y, en simult\u00e1neo desde las 19:15, el encuentro entre Sarmiento y Atl\u00e9tico Tucum\u00e1n. Un d\u00eda despu\u00e9s San Lorenzo visita Banfield a las 21:30, mientras que el Rojo jugar\u00e1 a la misma hora, pero el s\u00e1bado, contra Estudiantes en La Plata. Antes del duelo de Independiente estar\u00e1 el estreno de River (desde las 19.15) en Santa Fe y con Uni\u00f3n. Boca (con Col\u00f3n) y Racing (con Gimnasia), van el \u00faltimo d\u00eda de la semana. <strong>Agend\u00e1 el d\u00eda y horario en el que juega tu equipo en las primeras tres jornadas.<\/strong><\/p>\n<div class=\"sp__Normal\">\n<div class=\"image-embeb image-trigger\" readability=\"6\">\n<picture><source media=\"(min-width: 720px)\" srcset=\"http:\/\/hoycordobaweb.com\/wp-content\/uploads\/2022\/01\/dias-y-horarios-confirmados-cuando-juega-tu-equipo-en-la-copa-de-la-liga-2.jpg\"><img itemprop=\"image\" src=\"http:\/\/hoycordobaweb.com\/wp-content\/uploads\/2022\/01\/dias-y-horarios-confirmados-cuando-juega-tu-equipo-en-la-copa-de-la-liga-2.jpg\" loading=\"lazy\" alt=\"El estadio de Patronato tendr\u00e1 el puntapi\u00e9 inicial junto con el de Sarmiento de Jun\u00edn.\">\n<\/picture><figcaption readability=\"2\">\n<p>El estadio de Patronato tendr\u00e1 el puntapi\u00e9 inicial junto con el de Sarmiento de Jun\u00edn.\n<\/p>\n<\/figcaption><\/div>\n<\/div>\n<div class=\"sp__SM\">\n<div class=\"content-new \">\n<span class=\"tit-mobile\">Mir\u00e1 tambi\u00e9n<\/span><\/p>\n<div class=\"mg\">\n<div class=\"wrap-figure\">\n<picture>\n<a href=\"https:\/\/www.ole.com.ar\/futbol-internacional\/the-best-messi-premios-votacion_0_QkJeWShA0H.html\" target=\"_self\" rel=\"noopener noreferrer\"><br \/>\n<img class=\"img-responsive\" alt=\"\u00bfQui\u00e9nes votaron y qui\u00e9nes ningunearon a Messi en The Best?\" src=\"http:\/\/hoycordobaweb.com\/wp-content\/uploads\/2022\/01\/dias-y-horarios-confirmados-cuando-juega-tu-equipo-en-la-copa-de-la-liga-3.jpg\" loading=\"lazy\"><br \/>\n<\/a>\n<\/picture>\n<\/div>\n<\/div><\/div>\n<\/div>\n<h2><strong>\u200bEL CRONOGRAMA<\/strong><br \/><\/h2>\n<p><mark>Fecha 1<\/mark><\/p>\n<p><strong>Jueves 10 de febrero<\/strong><\/p>\n<p>19.15 Patronato \u2013 Argentinos (Zona A)<\/p>\n<p>19.15 Sarmiento \u2013 Atl\u00e9tico Tucum\u00e1n (Zona A)<\/p>\n<p>21.30 Central C\u00f3rdoba \u2013 Barracas Central (Zona B)<\/p>\n<p>21.30 Newell\u2019s \u2013 Defensa y Justicia (Zona A)<\/p>\n<p><strong>Viernes 11 de febrero<\/strong><\/p>\n<p>17.00 Arsenal \u2013 Rosario Central (Zona B)<\/p>\n<p>19.15 V\u00e9lez \u2013 Aldosivi (Zona B)<\/p>\n<p>19.15 Godoy Cruz \u2013 Tigre (Zona B)<\/p>\n<p>21.30 Banfield \u2013 San Lorenzo (Zona A)<\/p>\n<p><strong>S\u00e1bado 12 de febrero<\/strong><\/p>\n<p>17.00 Hurac\u00e1n \u2013 Lan\u00fas (Zona B)<\/p>\n<p>19.15 Uni\u00f3n \u2013 River (Zona A)<\/p>\n<p>21.30 Estudiantes \u2013 Independiente (Zona B)<\/p>\n<p><strong>Domingo 13 de febrero<\/strong><\/p>\n<p>17.00 Racing \u2013 Gimnasia (Zona A)<\/p>\n<p>19.15 Platense \u2013 Talleres (Zona A)<\/p>\n<p>21.30 Boca \u2013 Col\u00f3n (Zona B)<\/p>\n<p><mark>Fecha 2 <\/mark><\/p>\n<p><strong>Martes 15 de febrero<\/strong><\/p>\n<p>17.00 Argentinos \u2013 Newell\u2019s (Zona A)<\/p>\n<p>19.15 Independiente \u2013 Arsenal (Zona B)<\/p>\n<p>19.15 Rosario Central \u2013 V\u00e9lez (Zona B)<\/p>\n<p>21.30 Lan\u00fas \u2013 Barracas Central (Zona B)<\/p>\n<p>21.30 Hurac\u00e1n \u2013 Estudiantes (Zona B)<\/p>\n<p><strong>Mi\u00e9rcoles 16 de febrero<\/strong><\/p>\n<p>17.00 Tigre \u2013 Central C\u00f3rdoba (Zona B)<\/p>\n<p>19.15 Aldosivi \u2013 Boca (Zona B)<\/p>\n<p>21.30 River \u2013 Patronato (Zona A)<\/p>\n<p><strong>Jueves 17 de febrero<\/strong><\/p>\n<p>17.00 Gimnasia \u2013 San Lorenzo (Zona A)<\/p>\n<p>17.00 Col\u00f3n \u2013 Godoy Cruz (Zona B)<\/p>\n<p>19.15 Sarmiento \u2013 Banfield (Zona A)<\/p>\n<p>19.15 Defensa y Justicia \u2013 Racing (Zona A)<\/p>\n<p>21.30 Atl\u00e9tico Tucum\u00e1n \u2013 Platense (Zona A)<\/p>\n<p>21.30 Talleres \u2013 Uni\u00f3n (Zona A)<\/p>\n<p> <mark>Fecha 3<\/mark> <\/p>\n<p><strong>S\u00e1bado 19 de febrero<\/strong> <\/p>\n<p>17.00 Arsenal \u2013 Hurac\u00e1n (Zona B) <\/p>\n<p>19.15 Estudiantes \u2013 Lan\u00fas (Zona B) <\/p>\n<p>21.30 V\u00e9lez \u2013 Independiente (Zona B) <\/p>\n<p><strong>Domingo 20 de febrero <br \/><\/strong><br \/>17.00 Platense \u2013 Sarmiento (Zona A) <\/p>\n<p>19.15 Boca \u2013 Rosario Central (Zona B) <\/p>\n<p>21.30 Newell\u2019s \u2013 River (Zona A) <\/p>\n<p><strong>Lunes 21 de febrero&nbsp;<br \/><\/strong><br \/>17.00&nbsp;Barracas Central \u2013 Tigre (Zona B) <\/p>\n<p>19.15 Godoy Cruz \u2013 Aldosivi (Zona B) <\/p>\n<p>19.15 Banfield \u2013 Gimnasia (Zona A) <\/p>\n<p>21.30 San Lorenzo \u2013 Defensa y Justicia (Zona A) <\/p>\n<p><strong>Martes 22 de febrero <br \/><\/strong><br \/>19.15 Patronato \u2013 Talleres (Zona A) <\/p>\n<p>19.15 Uni\u00f3n \u2013 Atl\u00e9tico Tucum\u00e1n (Zona A) <\/p>\n<p>21.30 Racing \u2013 Argentinos (Zona A) <\/p>\n<p>21.30 Central C\u00f3rdoba \u2013 Col\u00f3n (Zona B)<\/p>\n<div class=\"sp__SM\">\n<div class=\"content-new \">\n<span class=\"tit-mobile\">Mir\u00e1 tambi\u00e9n<\/span><\/p>\n<div class=\"mg\">\n<div class=\"wrap-figure\">\n<picture>\n<a href=\"https:\/\/www.ole.com.ar\/futbol-internacional\/voto-messi-the-best-lewandowski_0_3INidXE3QC.html\" target=\"_self\" rel=\"noopener noreferrer\"><br \/>\n<img class=\"img-responsive\" alt=\"\u00bfA qui\u00e9n vot\u00f3 Messi en The Best?\" src=\"http:\/\/hoycordobaweb.com\/wp-content\/uploads\/2022\/01\/dias-y-horarios-confirmados-cuando-juega-tu-equipo-en-la-copa-de-la-liga-4.jpg\" loading=\"lazy\"><br \/>\n<\/a>\n<\/picture>\n<\/div>\n<\/div><\/div>\n<\/div>\n<div class=\"entry-tags\">\n<h2>TEMAS QUE APARECEN EN ESTA NOTA<\/h2>\n<\/p><\/div>\n","protected":false},"excerpt":{"rendered":"<p>De a poco la ansiedad cesa y el regreso del f\u00fatbol argentino toma su forma. Con los torneos de verano los distintos equipos se ponen a punto para lo que ser\u00e1 un calendario exigente, con muchas competencias ajustadas debido al Mundial de Qatar. En la dulce espera, este lunes la Liga Profesional confirm\u00f3 el cronograma [&hellip;]<\/p>\n","protected":false},"author":1,"featured_media":35808,"comment_status":"open","ping_status":"closed","sticky":false,"template":"","format":"standard","meta":[],"categories":[16],"tags":[],"_links":{"self":[{"href":"http:\/\/hoycordobaweb.com\/index.php\/wp-json\/wp\/v2\/posts\/35807"}],"collection":[{"href":"http:\/\/hoycordobaweb.com\/index.php\/wp-json\/wp\/v2\/posts"}],"about":[{"href":"http:\/\/hoycordobaweb.com\/index.php\/wp-json\/wp\/v2\/types\/post"}],"author":[{"embeddable":true,"href":"http:\/\/hoycordobaweb.com\/index.php\/wp-json\/wp\/v2\/users\/1"}],"replies":[{"embeddable":true,"href":"http:\/\/hoycordobaweb.com\/index.php\/wp-json\/wp\/v2\/comments?post=35807"}],"version-history":[{"count":0,"href":"http:\/\/hoycordobaweb.com\/index.php\/wp-json\/wp\/v2\/posts\/35807\/revisions"}],"wp:featuredmedia":[{"embeddable":true,"href":"http:\/\/hoycordobaweb.com\/index.php\/wp-json\/wp\/v2\/media\/35808"}],"wp:attachment":[{"href":"http:\/\/hoycordobaweb.com\/index.php\/wp-json\/wp\/v2\/media?parent=35807"}],"wp:term":[{"taxonomy":"category","embeddable":true,"href":"http:\/\/hoycordobaweb.com\/index.php\/wp-json\/wp\/v2\/categories?post=35807"},{"taxonomy":"post_tag","embeddable":true,"href":"http:\/\/hoycordobaweb.com\/index.php\/wp-json\/wp\/v2\/tags?post=35807"}],"curies":[{"name":"wp","href":"https:\/\/api.w.org\/{rel}","templated":true}]}}