{"id":35788,"date":"2022-01-17T12:48:00","date_gmt":"2022-01-17T12:48:00","guid":{"rendered":"https:\/\/fm-comunicar.com.ar\/contenido\/18757\/la-lluvia-de-60-mm-termino-con-la-ola-de-calor-de-los-ultimos-siete-dias"},"modified":"2022-01-17T12:48:00","modified_gmt":"2022-01-17T12:48:00","slug":"la-lluvia-de-60-mm-termino-con-la-ola-de-calor-de-los-ultimos-siete-dias","status":"publish","type":"post","link":"http:\/\/hoycordobaweb.com\/index.php\/2022\/01\/17\/la-lluvia-de-60-mm-termino-con-la-ola-de-calor-de-los-ultimos-siete-dias\/","title":{"rendered":"La lluvia de 60 mm termin\u00f3 con la ola de calor de los \u00faltimos siete d\u00edas"},"content":{"rendered":"<p>Fue una semana completa con temperaturas por encima de 37\u00baC (la m\u00e1s alta fue 40\u00ba7C) hasta que la tormenta del anoche trajo el alivio que toda la provincia ped\u00eda. Se viene una semana inestable.<img src=\"http:\/\/hoycordobaweb.com\/wp-content\/uploads\/2022\/01\/la-lluvia-de-60-mm-termino-con-la-ola-de-calor-de-los-ultimos-siete-dias.png\"><\/p>\n","protected":false},"excerpt":{"rendered":"<p>Fue una semana completa con temperaturas por encima de 37\u00baC (la m\u00e1s alta fue 40\u00ba7C) hasta que la tormenta del anoche trajo el alivio que toda la provincia ped\u00eda. Se viene una semana inestable.<\/p>\n","protected":false},"author":1,"featured_media":35789,"comment_status":"closed","ping_status":"closed","sticky":false,"template":"","format":"standard","meta":[],"categories":[18],"tags":[],"_links":{"self":[{"href":"http:\/\/hoycordobaweb.com\/index.php\/wp-json\/wp\/v2\/posts\/35788"}],"collection":[{"href":"http:\/\/hoycordobaweb.com\/index.php\/wp-json\/wp\/v2\/posts"}],"about":[{"href":"http:\/\/hoycordobaweb.com\/index.php\/wp-json\/wp\/v2\/types\/post"}],"author":[{"embeddable":true,"href":"http:\/\/hoycordobaweb.com\/index.php\/wp-json\/wp\/v2\/users\/1"}],"replies":[{"embeddable":true,"href":"http:\/\/hoycordobaweb.com\/index.php\/wp-json\/wp\/v2\/comments?post=35788"}],"version-history":[{"count":0,"href":"http:\/\/hoycordobaweb.com\/index.php\/wp-json\/wp\/v2\/posts\/35788\/revisions"}],"wp:featuredmedia":[{"embeddable":true,"href":"http:\/\/hoycordobaweb.com\/index.php\/wp-json\/wp\/v2\/media\/35789"}],"wp:attachment":[{"href":"http:\/\/hoycordobaweb.com\/index.php\/wp-json\/wp\/v2\/media?parent=35788"}],"wp:term":[{"taxonomy":"category","embeddable":true,"href":"http:\/\/hoycordobaweb.com\/index.php\/wp-json\/wp\/v2\/categories?post=35788"},{"taxonomy":"post_tag","embeddable":true,"href":"http:\/\/hoycordobaweb.com\/index.php\/wp-json\/wp\/v2\/tags?post=35788"}],"curies":[{"name":"wp","href":"https:\/\/api.w.org\/{rel}","templated":true}]}}