{"id":35722,"date":"2022-01-15T21:30:24","date_gmt":"2022-01-15T21:30:24","guid":{"rendered":"https:\/\/www.ole.com.ar\/futbol-internacional\/espana\/sevilla-betis-clasico-papu-gomez_0_xPoo5ivJw.html"},"modified":"2022-01-15T21:30:24","modified_gmt":"2022-01-15T21:30:24","slug":"lamentable-el-derbi-andaluz-suspendido-por-un-palazo-luego-del-gol-del-papu-y-del-empate-olimpico","status":"publish","type":"post","link":"http:\/\/hoycordobaweb.com\/index.php\/2022\/01\/15\/lamentable-el-derbi-andaluz-suspendido-por-un-palazo-luego-del-gol-del-papu-y-del-empate-olimpico\/","title":{"rendered":"Lamentable: el derbi andaluz suspendido por un palazo luego del gol del Papu y del empate ol\u00edmpico"},"content":{"rendered":"<p><img src=\"http:\/\/hoycordobaweb.com\/wp-content\/uploads\/2022\/01\/lamentable-el-derbi-andaluz-suspendido-por-un-palazo-luego-del-gol-del-papu-y-del-empate-olimpico.jpg\"><\/p>\n<div><img src=\"http:\/\/hoycordobaweb.com\/wp-content\/uploads\/2022\/01\/lamentable-el-derbi-andaluz-suspendido-por-un-palazo-luego-del-gol-del-papu-y-del-empate-olimpico-2.jpg\" class=\"ff-og-image-inserted\"><\/div>\n<p>Suspenso en el derbi entre Sevilla y Betis por la Copa del Rey. El partido hab\u00eda arrancado arriba para los de Lopetegui gracias a un remate desde afuera del \u00e1rea del Papu G\u00f3mez. Apenas cuatro minutos dur\u00f3 la ventaja. Nabil Fekir clav\u00f3 el empate desde el corner. Hermoso gol ol\u00edmpico. Y antes del final&nbsp; del primer tiempo&nbsp;ocurri\u00f3 lo peor: una agresi\u00f3n a Joan Jordan. El volante del Sevilla recibi\u00f3 un proyectil en la cabeza desde una de las tribunas en la que estaban los hinchas del Betis. Por el momento, el encuentro se encuentra interrumpido.<\/p>\n<p>En este duelo por la ida de los octavos de final de la Copa del Rey hubo gran presencia de jugadores argentinos. Por el lado del Betis fueron titulares Pezzella y Guido Rodr\u00edguez, Mientras que en Sevilla arrancaron Papu G\u00f3mez, Montiel y Lucas Ocampos (Marcos Acu\u00f1a, en el banco).<\/p>\n<p>Los dos equipos llegaron entonados al derbi por la Copa del Rey. El buen presente de ambos se refleja en La Liga.&nbsp;Sevilla (44 puntos) es segundo a cinco del l\u00edder Real Madrid y Betis se ubica tercero con 34, en zona de acceso a la pr\u00f3xima Champions.<\/p>\n<p> <opta-widget sport=\"football\" widget=\"timeline\" competition=\"331\" season=\"2021\" match=\"2267622\" template=\"normal\" live=\"true\" orientation=\"horizontal\" vertical_timebar_height=\"260\" show_match_header=\"true\" show_score=\"true\" show_crests=\"true\" show_assists=\"all\" show_team_formation=\"true\" show_clock=\"true\" show_period_dividers=\"true\" show_halftime_score=\"false\" show_date=\"true\" date_format=\"dddd D MMMM YYYY\" show_attendance=\"true\" show_images=\"true\" show_referee=\"true\" show_venue=\"true\" show_cards=\"all\" show_goals=\"true\" show_penalties_missed=\"true\" show_subs=\"false\" show_goals_combined=\"false\" show_shootouts=\"false\" show_competition_name=\"true\" competition_naming=\"full\" team_naming=\"full\" player_naming=\"full\" show_live=\"true\" show_logo=\"false\" show_title=\"true\" breakpoints=\"400, 700\"><\/opta-widget><opta-widget sport=\"football\" widget=\"matchstats\" competition=\"331\" season=\"2021\" match=\"2267622\" template=\"lineups\" live=\"true\" side=\"both\" column_count=\"1\" side_by_side=\"true\" show_match_header=\"true\" show_score=\"true\" show_halftime_score=\"false\" show_crests=\"false\" show_team_formation=\"true\" show_competition_name=\"true\" show_date=\"false\" date_format=\"dddd D MMMM YYYY\" order_by=\"position\" group_by_position=\"false\" show_position=\"true\" show_images=\"false\" show_key=\"false\" show_starters=\"true\" show_goalkeepers=\"true\" show_defenders=\"true\" show_midfielders=\"true\" show_forwards=\"true\" show_subs=\"true\" show_unused_subs=\"false\" show_managers=\"true\" show_captain=\"false\" show_match_events=\"true\" competition_naming=\"full\" team_naming=\"full\" player_naming=\"full\" show_live=\"false\" show_logo=\"false\" show_title=\"true\" breakpoints=\"400, 700\"><\/opta-widget><opta-widget widget=\"commentary\" competition=\"331\" season=\"2021\" match=\"2267622\" template=\"normal\" live=\"true\" data_type=\"auto\" order_by=\"time_descending\" show_event_icons=\"true\" show_minor_events=\"true\" fixed_height_comments=\"300\" show_live=\"true\" show_logo=\"false\" show_title=\"true\" breakpoints=\"400\" sport=\"football\"><\/opta-widget><opta-widget sport=\"football\" widget=\"heatmap\" competition=\"331\" season=\"2021\" match=\"2267622\" preselected_player template=\"normal\" live=\"true\" show_maps=\"all\" orientation=\"horizontal\" side=\"both\" dimension=\"2D\" one_direction=\"false\" show_match_header=\"true\" show_score=\"true\" show_halftime_score=\"false\" show_crests=\"false\" show_team_formation=\"true\" show_competition_name=\"true\" show_date=\"true\" date_format=\"dddd D MMMM YYYY\" show_team_sheets=\"true\" show_subs=\"true\" show_position=\"true\" show_timecontrols=\"true\" show_timecontrols_buttons=\"true\" show_timecontrols_bar=\"true\" show_tooltips=\"false\" competition_naming=\"full\" team_naming=\"full\" player_naming=\"full\" show_logo=\"false\" show_title=\"true\" breakpoints=\"400, 700\"><\/opta-widget><opta-widget widget=\"standings\" competition=\"331\" season=\"2021\" template=\"normal\" live=\"true\" default_nav=\"1\" side=\"combined\" data_detail=\"default\" show_key=\"true\" show_crests=\"true\" points_in_first_column=\"true\" lose_before_draw=\"false\" competition_naming=\"full\" team_naming=\"full\" date_format=\"dddd D MMMM YYYY\" sorting=\"false\" show_live=\"false\" show_relegation_average=\"true\" show_logo=\"true\" show_title=\"true\" breakpoints=\"382\" sport=\"football\"><\/opta-widget> <\/p>\n<div class=\"entry-tags\">\n<h2>TEMAS QUE APARECEN EN ESTA NOTA<\/h2>\n<\/p><\/div>\n","protected":false},"excerpt":{"rendered":"<p>Suspenso en el derbi entre Sevilla y Betis por la Copa del Rey. El partido hab\u00eda arrancado arriba para los de Lopetegui gracias a un remate desde afuera del \u00e1rea del Papu G\u00f3mez. Apenas cuatro minutos dur\u00f3 la ventaja. Nabil Fekir clav\u00f3 el empate desde el corner. Hermoso gol ol\u00edmpico. Y antes del final&nbsp; del [&hellip;]<\/p>\n","protected":false},"author":1,"featured_media":35723,"comment_status":"open","ping_status":"closed","sticky":false,"template":"","format":"standard","meta":[],"categories":[16],"tags":[],"_links":{"self":[{"href":"http:\/\/hoycordobaweb.com\/index.php\/wp-json\/wp\/v2\/posts\/35722"}],"collection":[{"href":"http:\/\/hoycordobaweb.com\/index.php\/wp-json\/wp\/v2\/posts"}],"about":[{"href":"http:\/\/hoycordobaweb.com\/index.php\/wp-json\/wp\/v2\/types\/post"}],"author":[{"embeddable":true,"href":"http:\/\/hoycordobaweb.com\/index.php\/wp-json\/wp\/v2\/users\/1"}],"replies":[{"embeddable":true,"href":"http:\/\/hoycordobaweb.com\/index.php\/wp-json\/wp\/v2\/comments?post=35722"}],"version-history":[{"count":0,"href":"http:\/\/hoycordobaweb.com\/index.php\/wp-json\/wp\/v2\/posts\/35722\/revisions"}],"wp:featuredmedia":[{"embeddable":true,"href":"http:\/\/hoycordobaweb.com\/index.php\/wp-json\/wp\/v2\/media\/35723"}],"wp:attachment":[{"href":"http:\/\/hoycordobaweb.com\/index.php\/wp-json\/wp\/v2\/media?parent=35722"}],"wp:term":[{"taxonomy":"category","embeddable":true,"href":"http:\/\/hoycordobaweb.com\/index.php\/wp-json\/wp\/v2\/categories?post=35722"},{"taxonomy":"post_tag","embeddable":true,"href":"http:\/\/hoycordobaweb.com\/index.php\/wp-json\/wp\/v2\/tags?post=35722"}],"curies":[{"name":"wp","href":"https:\/\/api.w.org\/{rel}","templated":true}]}}