{"id":35658,"date":"2022-01-12T18:53:00","date_gmt":"2022-01-12T18:53:00","guid":{"rendered":"https:\/\/fm-comunicar.com.ar\/contenido\/18747\/firmaron-el-contrato-con-afema-para-las-obras-de-la-ruta-9"},"modified":"2022-01-12T18:53:00","modified_gmt":"2022-01-12T18:53:00","slug":"firmaron-el-contrato-con-afema-para-las-obras-de-la-ruta-9","status":"publish","type":"post","link":"http:\/\/hoycordobaweb.com\/index.php\/2022\/01\/12\/firmaron-el-contrato-con-afema-para-las-obras-de-la-ruta-9\/","title":{"rendered":"Firmaron el contrato con AFEMA para las obras de la Ruta 9"},"content":{"rendered":"<p>El Gobernador Schiaretti, en su paso por Colonia Caroya, pidi\u00f3 que los trabajos empiecen esta misma semana. El mandatario recorri\u00f3 el edificio del Ipet 412 y cort\u00f3 la cinta del pavimento de acceso a escuelas.<img src=\"http:\/\/hoycordobaweb.com\/wp-content\/uploads\/2022\/01\/firmaron-el-contrato-con-afema-para-las-obras-de-la-ruta-9.jpg\"><\/p>\n","protected":false},"excerpt":{"rendered":"<p>El Gobernador Schiaretti, en su paso por Colonia Caroya, pidi\u00f3 que los trabajos empiecen esta misma semana. El mandatario recorri\u00f3 el edificio del Ipet 412 y cort\u00f3 la cinta del pavimento de acceso a escuelas.<\/p>\n","protected":false},"author":1,"featured_media":35659,"comment_status":"closed","ping_status":"closed","sticky":false,"template":"","format":"standard","meta":[],"categories":[18],"tags":[],"_links":{"self":[{"href":"http:\/\/hoycordobaweb.com\/index.php\/wp-json\/wp\/v2\/posts\/35658"}],"collection":[{"href":"http:\/\/hoycordobaweb.com\/index.php\/wp-json\/wp\/v2\/posts"}],"about":[{"href":"http:\/\/hoycordobaweb.com\/index.php\/wp-json\/wp\/v2\/types\/post"}],"author":[{"embeddable":true,"href":"http:\/\/hoycordobaweb.com\/index.php\/wp-json\/wp\/v2\/users\/1"}],"replies":[{"embeddable":true,"href":"http:\/\/hoycordobaweb.com\/index.php\/wp-json\/wp\/v2\/comments?post=35658"}],"version-history":[{"count":0,"href":"http:\/\/hoycordobaweb.com\/index.php\/wp-json\/wp\/v2\/posts\/35658\/revisions"}],"wp:featuredmedia":[{"embeddable":true,"href":"http:\/\/hoycordobaweb.com\/index.php\/wp-json\/wp\/v2\/media\/35659"}],"wp:attachment":[{"href":"http:\/\/hoycordobaweb.com\/index.php\/wp-json\/wp\/v2\/media?parent=35658"}],"wp:term":[{"taxonomy":"category","embeddable":true,"href":"http:\/\/hoycordobaweb.com\/index.php\/wp-json\/wp\/v2\/categories?post=35658"},{"taxonomy":"post_tag","embeddable":true,"href":"http:\/\/hoycordobaweb.com\/index.php\/wp-json\/wp\/v2\/tags?post=35658"}],"curies":[{"name":"wp","href":"https:\/\/api.w.org\/{rel}","templated":true}]}}