{"id":35640,"date":"2022-01-13T19:52:14","date_gmt":"2022-01-13T19:52:14","guid":{"rendered":"https:\/\/www.ole.com.ar\/futbol-internacional\/espana\/ronald-araujo-clavos-manos-real-madrid_0_BGjcPO503x.html"},"modified":"2022-01-13T19:52:14","modified_gmt":"2022-01-13T19:52:14","slug":"jugo-contra-el-real-madrid-con-dos-clavos-en-la-mano","status":"publish","type":"post","link":"http:\/\/hoycordobaweb.com\/index.php\/2022\/01\/13\/jugo-contra-el-real-madrid-con-dos-clavos-en-la-mano\/","title":{"rendered":"Jug\u00f3 contra el Real Madrid con dos clavos en la mano"},"content":{"rendered":"<p><img src=\"http:\/\/hoycordobaweb.com\/wp-content\/uploads\/2022\/01\/jugo-contra-el-real-madrid-con-dos-clavos-en-la-mano.jpg\"><\/p>\n<p>Garra charr\u00faa, noma&#8217;. <a alt=\"barcelona\" class=\"slug\" href=\"https:\/\/www.ole.com.ar\/tema\/barcelona.html\" target=\"_blank\" title=\"barcelona\" rel=\"noopener noreferrer\">Ronald Ara\u00fajo<\/a> tuvo una impresionante muestra de caracter en el Barcelona y demostr\u00f3 que est\u00e1 para grandes cosas: <strong>jug\u00f3 contra <a alt=\"real-madrid\" class=\"slug\" href=\"https:\/\/www.ole.com.ar\/tema\/real-madrid.html\" target=\"_blank\" title=\"real-madrid\" rel=\"noopener noreferrer\">Real Madrid<\/a> tan solo cinco d\u00edas despu\u00e9s de someterse a una operaci\u00f3n y lo hizo con dos clavos en la mano. <\/strong>Pidi\u00f3 estar y ayudar a sus compa\u00f1eros, y <strong><a alt=\"xavi-hernandez\" class=\"slug\" href=\"https:\/\/www.ole.com.ar\/tema\/xavi-hernandez.html\" target=\"_blank\" title=\"xavi-hernandez\" rel=\"noopener noreferrer\">Xavi Hern\u00e1ndez<\/a><\/strong> dio el visto bueno.<\/p>\n<p>El pasado 5 de enero, el defensor uruguayo sufri\u00f3 una grave lesi\u00f3n durante el encuentro ante Linares por la Copa del Rey. A pesar de haber seguido en cancha sin problemas, el DT decidi\u00f3 sacarlos en el entretiempo para evitar un inconveniente peor. Despu\u00e9s del partido, <strong>se confirm\u00f3 que Ara\u00fajo sufri\u00f3 una fractura en el segundo y tercer metacarpiano.<\/strong><\/p>\n<div class=\"sp__SM\">\n<div class=\"content-new \">\n<span class=\"tit-mobile\">Mir\u00e1 tambi\u00e9n<\/span><\/p>\n<div class=\"mg\">\n<div class=\"wrap-figure\">\n<picture>\n<a href=\"https:\/\/www.ole.com.ar\/futbol-internacional\/inglaterra\/dibu-martinez-aston-villa-fichajes_0_olHXJ71tut.html\" target=\"_self\" rel=\"noopener noreferrer\"><br \/>\n<img class=\"img-responsive\" alt=\"El arquero que Aston Villa quiere para competirle el puesto al Dibu Mart\u00ednez\" src=\"http:\/\/hoycordobaweb.com\/wp-content\/uploads\/2022\/01\/jugo-contra-el-real-madrid-con-dos-clavos-en-la-mano-2.jpg\" loading=\"lazy\"><br \/>\n<\/a>\n<\/picture>\n<\/div>\n<\/div><\/div>\n<\/div>\n<p><strong>El 7 de enero ya pas\u00f3 por el quir\u00f3fano y la intervenci\u00f3n se realiz\u00f3 sin ninguna complicaci\u00f3n.<\/strong> \u00abHola familia. Paso a contarles que gracias a dios estoy bien y que la operaci\u00f3n fue buena. Ya estoy pensando en recuperarme y volver pronto\u00bb, rezaba el mensaje del uruguayo que public\u00f3 el Cul\u00e9 en sus redes sociales.<\/p>\n<p>Este martes, en v\u00edsperas del duelo ante el Merengue por la semifinal de la Supercopa de Espa\u00f1a, Ronald ya se entren\u00f3 a la par de sus compa\u00f1eros con un vendaje, el mismo que utiliz\u00f3 para El Cl\u00e1sico del d\u00eda siguiente.<\/p>\n<div class=\"sp__Normal\">\n<div class=\"image-embeb image-trigger\" readability=\"6\">\n<picture><source media=\"(min-width: 720px)\" srcset=\"http:\/\/hoycordobaweb.com\/wp-content\/uploads\/2022\/01\/jugo-contra-el-real-madrid-con-dos-clavos-en-la-mano-3.jpg\"><img itemprop=\"image\" src=\"http:\/\/hoycordobaweb.com\/wp-content\/uploads\/2022\/01\/jugo-contra-el-real-madrid-con-dos-clavos-en-la-mano-3.jpg\" loading=\"lazy\" alt=\"La radiograf\u00eda de Ara\u00fajo. (Foto: Twitter)\">\n<\/picture><figcaption readability=\"2\">\n<p>La radiograf\u00eda de Ara\u00fajo. (Foto: Twitter)\n<\/p>\n<\/figcaption><\/div>\n<\/div>\n<div class=\"sp__SM\">\n<div class=\"content-new \">\n<span class=\"tit-mobile\">Mir\u00e1 tambi\u00e9n<\/span><\/p>\n<div class=\"mg\">\n<div class=\"wrap-figure\">\n<picture>\n<a href=\"https:\/\/www.ole.com.ar\/futbol-internacional\/eliminatorias\/tite-lodi-seleccion-argentina-vacunas_0_nW4NINqEX.html\" target=\"_self\" rel=\"noopener noreferrer\"><br \/>\n<img class=\"img-responsive\" alt=\"Tite: el jugador que no convoc\u00f3 por no vacunarse y el palo para la Selecci\u00f3n Argentina\" src=\"http:\/\/hoycordobaweb.com\/wp-content\/uploads\/2022\/01\/jugo-contra-el-real-madrid-con-dos-clavos-en-la-mano-4.jpg\" loading=\"lazy\"><br \/>\n<\/a>\n<\/picture>\n<\/div>\n<\/div><\/div>\n<\/div>\n<p>Llegado el d\u00eda, dej\u00f3 en claro su condici\u00f3n de crack. <strong>Disput\u00f3 el encuentro a tiempo completo pese a todav\u00eda tener una cicatriz por curarse y dos clavos en su mano.<\/strong> Sin problemas, fue uno de los puntos altos de Barsa, siendo \u00fanicamente superado por Vin\u00edcius Jr. en el primer gol del Real.<\/p>\n<div class=\"sp__Normal\">\n<div class=\"image-embeb image-trigger\" readability=\"6\">\n<picture><source media=\"(min-width: 720px)\" srcset=\"http:\/\/hoycordobaweb.com\/wp-content\/uploads\/2022\/01\/jugo-contra-el-real-madrid-con-dos-clavos-en-la-mano-5.jpg\"><img itemprop=\"image\" src=\"http:\/\/hoycordobaweb.com\/wp-content\/uploads\/2022\/01\/jugo-contra-el-real-madrid-con-dos-clavos-en-la-mano-5.jpg\" loading=\"lazy\" alt=\"Se la jug\u00f3 y cumpli\u00f3. (EFE \/ Julio Mu\u00f1oz)\">\n<\/picture><figcaption readability=\"2\">\n<p>Se la jug\u00f3 y cumpli\u00f3. (EFE \/ Julio Mu\u00f1oz)\n<\/p>\n<\/figcaption><\/div>\n<\/div>\n<h2><strong>As\u00ed le qued\u00f3 la mano<\/strong><\/h2>\n<div class=\"sp__Normal htmlLibre\">\n<div class=\"embed-responsive-c\" readability=\"6.7222222222222\">\n<blockquote class=\"twitter-tweet\" readability=\"7.5625\">\n<p lang=\"en\" dir=\"ltr\">Ronald Ara\u00fajo played for Bar\u00e7a during \u2018El Clasico\u2019 yesterday with two screws (!) in his hand. \ud83d\udd34\ud83d\udd29 <a href=\"https:\/\/twitter.com\/hashtag\/FCB?src=hash&amp;ref_src=twsrc%5Etfw\">#FCB<\/a><\/p>\n<p>He underwent surgery on January 7 &#8211; only 5 days later he wanted to play to help his teammates. <a href=\"https:\/\/t.co\/wSaKVVudmy\">pic.twitter.com\/wSaKVVudmy<\/a><\/p>\n<p>\u2014 Fabrizio Romano (@FabrizioRomano) <a href=\"https:\/\/twitter.com\/FabrizioRomano\/status\/1481680680849481729?ref_src=twsrc%5Etfw\">January 13, 2022<\/a><\/p><\/blockquote><\/div>\n<\/div>\n<div class=\"sp__SM\">\n<div class=\"content-new \">\n<span class=\"tit-mobile\">Mir\u00e1 tambi\u00e9n<\/span><\/p>\n<div class=\"mg\">\n<div class=\"wrap-figure\">\n<picture>\n<a href=\"https:\/\/www.ole.com.ar\/futbol-internacional\/italia\/arturo-vidal-impactante-record-inter_0_Dhw_Ck9yx.html\" target=\"_self\" rel=\"noopener noreferrer\"><br \/>\n<img class=\"img-responsive\" alt=\"El impactante r\u00e9cord de Arturo Vidal\" src=\"http:\/\/hoycordobaweb.com\/wp-content\/uploads\/2022\/01\/jugo-contra-el-real-madrid-con-dos-clavos-en-la-mano-6.jpg\" loading=\"lazy\"><br \/>\n<\/a>\n<\/picture>\n<\/div>\n<\/div><\/div>\n<\/div>\n<h2><strong>El triunfo del Real ante Barcelona<\/strong><\/h2>\n<p><strong>\u200b<\/strong>Ya sin las luces a las que nos hab\u00edamos acostumbrado. Sin argentinos en cancha y con m\u00e1s promesas que realidades, el <strong>Real Madrid venci\u00f3 3 a 2 al Barcelona y pas\u00f3 a la final de la Supercopa.<\/strong> En Riad, por momentos, <strong>el cl\u00e1sico volvi\u00f3 a tener aquellos pasajes de buen f\u00fatbol que pusieron al f\u00fatbol espa\u00f1ol en la cima del mundo.<\/strong> Eso s\u00ed, el final de la historia volvi\u00f3 a ser la mismo de los \u00faltimos tiempos, los de blanco, con una sonrisa, y los blaugranas, con la cabeza gacha\u2026<\/p>\n<p><strong>Hay que marcarlo, desde lo futbol\u00edstico, la diferencia entre el Real y el Barsa esta vez no fue tan grande. <\/strong>El Real siempre pareci\u00f3 un p\u00fagil regulando en una batalla que parec\u00eda tener a mano, <mark><strong>pero el KO nunca apareci\u00f3 y los de Xavi estuvieron a la altura a pesar de tener que siempre remarla desde atr\u00e1s.<\/strong><\/mark><\/p>\n<div class=\"sp__Normal\">\n<div class=\"image-embeb image-trigger\" readability=\"6\">\n<picture><source media=\"(min-width: 720px)\" srcset=\"http:\/\/hoycordobaweb.com\/wp-content\/uploads\/2022\/01\/jugo-contra-el-real-madrid-con-dos-clavos-en-la-mano-7.jpg\"><img itemprop=\"image\" src=\"http:\/\/hoycordobaweb.com\/wp-content\/uploads\/2022\/01\/jugo-contra-el-real-madrid-con-dos-clavos-en-la-mano-7.jpg\" loading=\"lazy\" alt=\"El equipo de Ancelotti accedi\u00f3 a la final. (EFE\/Julio Mu\u00f1oz)\">\n<\/picture><figcaption readability=\"2\">\n<p>El equipo de Ancelotti accedi\u00f3 a la final. (EFE\/Julio Mu\u00f1oz)\n<\/p>\n<\/figcaption><\/div>\n<\/div>\n<div class=\"sp__SM\">\n<div class=\"content-new \">\n<span class=\"tit-mobile\">Mir\u00e1 tambi\u00e9n<\/span><\/p>\n<div class=\"mg\">\n<div class=\"wrap-figure\">\n<picture>\n<a href=\"https:\/\/www.ole.com.ar\/fuera-de-juego\/nutricionista-deuda-cruzeiro-_0_NVpDE3FhEa.html\" target=\"_self\" rel=\"noopener noreferrer\"><br \/>\n<img class=\"img-responsive\" alt=\"Un nutricionista le reclama una millonaria deuda al Cruzeiro\" src=\"http:\/\/hoycordobaweb.com\/wp-content\/uploads\/2022\/01\/jugo-contra-el-real-madrid-con-dos-clavos-en-la-mano-8.jpg\" loading=\"lazy\"><br \/>\n<\/a>\n<\/picture>\n<\/div>\n<\/div><\/div>\n<\/div>\n<p><strong>Primero Vinicius (despu\u00e9s de una siesta de Sergio Busquets), despu\u00e9s Benzema y, ya en el alargue, Federico Valverde, fueron los tres golpes al ment\u00f3n para el equipo cul\u00e9.<\/strong> Pero, el Barsa nunca desisti\u00f3 de seguir luch\u00e1ndola, y gracias a Luuk de Jong y Ansu Fati (con una 10 que parece seguir bendecida), el partido siempre existi\u00f3.<\/p>\n<p>Quiz\u00e1s, al que m\u00e1s le peg\u00f3 la derrota fue al propio <strong>Xavi Hern\u00e1ndez, quien tuvo su primer derby como DT, y no pudo romper una llamativa racha: <mark>los \u00faltimos cinco entrenadores del Barcelona perdieron su primer cl\u00e1sico<\/mark><\/strong> (Luis Enrique, Valverde, Seti\u00e9n, Koeman, y ahora Xavi).<\/p>\n<p>As\u00ed las cosas, el Merengue ya espera en la final por el ganador de la otra semifinal entre el Atl\u00e9tico del Cholo y el Bilbao. Vale mencionar que, desde hace tres a\u00f1os, la Supercopa de Espa\u00f1a se define con los dos finalistas de la \u00faltima Copa del Rey y los dos mejores de La Liga. Mientras tanto, Ancelotti ya se relame en busca de otro t\u00edtulo\u2026<\/p>\n<div class=\"sp__SM\">\n<div class=\"content-new \">\n<span class=\"tit-mobile\">Mir\u00e1 tambi\u00e9n<\/span><\/p>\n<div class=\"mg\">\n<div class=\"wrap-figure\">\n<picture>\n<a href=\"https:\/\/www.ole.com.ar\/futbol-internacional\/copa-africa-motivo-arbitro_0_6JFbTdjzn.html\" target=\"_self\" rel=\"noopener noreferrer\"><br \/>\n<img class=\"img-responsive\" alt=\"El ins\u00f3lito motivo por el que un \u00e1rbitro termin\u00f3 dos veces un partido en la Copa \u00c1frica\" src=\"http:\/\/hoycordobaweb.com\/wp-content\/uploads\/2022\/01\/jugo-contra-el-real-madrid-con-dos-clavos-en-la-mano-9.jpg\" loading=\"lazy\"><br \/>\n<\/a>\n<\/picture>\n<\/div>\n<\/div><\/div>\n<\/div>\n<div class=\"entry-tags\">\n<h2>TEMAS QUE APARECEN EN ESTA NOTA<\/h2>\n<\/p><\/div>\n","protected":false},"excerpt":{"rendered":"<p>Garra charr\u00faa, noma&#8217;. Ronald Ara\u00fajo tuvo una impresionante muestra de caracter en el Barcelona y demostr\u00f3 que est\u00e1 para grandes cosas: jug\u00f3 contra Real Madrid tan solo cinco d\u00edas despu\u00e9s de someterse a una operaci\u00f3n y lo hizo con dos clavos en la mano. Pidi\u00f3 estar y ayudar a sus compa\u00f1eros, y Xavi Hern\u00e1ndez dio [&hellip;]<\/p>\n","protected":false},"author":1,"featured_media":35641,"comment_status":"open","ping_status":"closed","sticky":false,"template":"","format":"standard","meta":[],"categories":[16],"tags":[],"_links":{"self":[{"href":"http:\/\/hoycordobaweb.com\/index.php\/wp-json\/wp\/v2\/posts\/35640"}],"collection":[{"href":"http:\/\/hoycordobaweb.com\/index.php\/wp-json\/wp\/v2\/posts"}],"about":[{"href":"http:\/\/hoycordobaweb.com\/index.php\/wp-json\/wp\/v2\/types\/post"}],"author":[{"embeddable":true,"href":"http:\/\/hoycordobaweb.com\/index.php\/wp-json\/wp\/v2\/users\/1"}],"replies":[{"embeddable":true,"href":"http:\/\/hoycordobaweb.com\/index.php\/wp-json\/wp\/v2\/comments?post=35640"}],"version-history":[{"count":0,"href":"http:\/\/hoycordobaweb.com\/index.php\/wp-json\/wp\/v2\/posts\/35640\/revisions"}],"wp:featuredmedia":[{"embeddable":true,"href":"http:\/\/hoycordobaweb.com\/index.php\/wp-json\/wp\/v2\/media\/35641"}],"wp:attachment":[{"href":"http:\/\/hoycordobaweb.com\/index.php\/wp-json\/wp\/v2\/media?parent=35640"}],"wp:term":[{"taxonomy":"category","embeddable":true,"href":"http:\/\/hoycordobaweb.com\/index.php\/wp-json\/wp\/v2\/categories?post=35640"},{"taxonomy":"post_tag","embeddable":true,"href":"http:\/\/hoycordobaweb.com\/index.php\/wp-json\/wp\/v2\/tags?post=35640"}],"curies":[{"name":"wp","href":"https:\/\/api.w.org\/{rel}","templated":true}]}}