{"id":35636,"date":"2022-01-13T20:26:25","date_gmt":"2022-01-13T20:26:25","guid":{"rendered":"https:\/\/www.ole.com.ar\/futbol-internacional\/america\/kenedy-deja-flamengo-vuelta-chelsea_0_fgbh7FEr6l.html"},"modified":"2022-01-13T20:26:25","modified_gmt":"2022-01-13T20:26:25","slug":"llego-como-figura-a-flamengo-no-rindio-y-se-volvio-a-europa","status":"publish","type":"post","link":"http:\/\/hoycordobaweb.com\/index.php\/2022\/01\/13\/llego-como-figura-a-flamengo-no-rindio-y-se-volvio-a-europa\/","title":{"rendered":"Lleg\u00f3 como figura a Flamengo, no rindi\u00f3 y se volvi\u00f3 a Europa"},"content":{"rendered":"<p><img src=\"http:\/\/hoycordobaweb.com\/wp-content\/uploads\/2022\/01\/llego-como-figura-a-flamengo-no-rindio-y-se-volvio-a-europa.jpg\"><\/p>\n<p>Durante los \u00faltimos a\u00f1os, <a href=\"https:\/\/www.ole.com.ar\/futbol-internacional\/america\/figura-futbol-brasileno-fluminense_0_g8qA0h0JG.html\" target=\"_blank\" rel=\"noopener noreferrer\"><strong>el f\u00fatbol brasile\u00f1o no par\u00f3 de sumar estrellas<\/strong><\/a>. Cada equipo ve\u00eda como sus pares incorporaban jugadores procedentes de las principales ligas europeas y, en consecuencia, consegu\u00edan ampliar sus presupuestos para romper el chanchito y poder seguirles el ritmo al resto. De hecho, <a href=\"https:\/\/www.ole.com.ar\/futbol-internacional\/diego-godin-brasileirao-atletico-mineiro-antonio-mohamed_0_hrYewJtbG.html\" target=\"_blank\" rel=\"noopener noreferrer\"><strong>Diego God\u00edn arrib\u00f3 a Atl\u00e9tico Mineiro en este mercado de pases<\/strong><\/a> y hasta <a href=\"https:\/\/www.ole.com.ar\/futbol-internacional\/america\/flamengo-interes-coutinho-barcelona_0_KB2h0DXCX.html\" target=\"_blank\" rel=\"noopener noreferrer\"><strong>se mencion\u00f3 la posibilidad de que Philippe Coutinho<\/strong><\/a>, que finalmente arregl\u00f3 con Aston Villa, pudiera pegar la vuelta. Sin embargo, no todos logran acomodarse y, en efecto, rendir como se esperaba. Tal fue el caso de <strong>Kenedy, quien lleg\u00f3 a <a alt=\"flamengo\" class=\"slug\" href=\"https:\/\/www.ole.com.ar\/tema\/flamengo.html\" target=\"_blank\" title=\"flamengo\" rel=\"noopener noreferrer\">Flamengo <\/a>hace seis meses con el mote de figura y ahora se volvi\u00f3 a Inglaterra por la puerta de atr\u00e1s para reincorporarse a <a alt=\"chelsea\" class=\"slug\" href=\"https:\/\/www.ole.com.ar\/tema\/chelsea.html\" target=\"_blank\" title=\"chelsea\" rel=\"noopener noreferrer\">Chelsea<\/a><\/strong>.<\/p>\n<div class=\"sp__Normal\">\n<div class=\"image-embeb image-trigger\" readability=\"6.5\">\n<picture><source media=\"(min-width: 720px)\" srcset=\"http:\/\/hoycordobaweb.com\/wp-content\/uploads\/2022\/01\/llego-como-figura-a-flamengo-no-rindio-y-se-volvio-a-europa-2.jpg\"><img itemprop=\"image\" src=\"http:\/\/hoycordobaweb.com\/wp-content\/uploads\/2022\/01\/llego-como-figura-a-flamengo-no-rindio-y-se-volvio-a-europa-2.jpg\" loading=\"lazy\" alt=\"Un gol y una asistencia, los n\u00fameros de Kenedy en Flamengo. (Reuters)\">\n<\/picture><figcaption readability=\"3\">\n<p>Un gol y una asistencia, los n\u00fameros de Kenedy en Flamengo. (Reuters)\n<\/p>\n<\/figcaption><\/div>\n<\/div>\n<p> A diferencia de David Luiz y de Andreas Pereira, que a\u00fan no demostraron todo el potencial y la jerarqu\u00eda que tienen para el Brasileirao y la Copa Libertadores, pero que seguir\u00e1n un tiempo m\u00e1s en el club, el extremo de 25 a\u00f1os nunca pudo conseguir la titularidad con Renato Portaluppi y tampoco aparec\u00eda en los planes de Paulo Sousa, el nuevo entrenador del Mengao. <strong>Apenas disput\u00f3 18 encuentros y s\u00f3lo registr\u00f3 un gol y una asistencia en un total de 544 minutos en la cancha<\/strong>, n\u00fameros m\u00e1s que magros para alguien de quien se esperaba un rendimiento superlativo.<\/p>\n<div class=\"sp__SM\">\n<div class=\"content-new \">\n<span class=\"tit-mobile\">Mir\u00e1 tambi\u00e9n<\/span><\/p>\n<div class=\"mg\">\n<div class=\"wrap-figure\">\n<picture>\n<a href=\"https:\/\/www.ole.com.ar\/fuera-de-juego\/nutricionista-deuda-cruzeiro-_0_NVpDE3FhEa.html\" target=\"_self\" rel=\"noopener noreferrer\"><br \/>\n<img class=\"img-responsive\" alt=\"Un nutricionista le reclama una millonaria deuda al Cruzeiro\" src=\"http:\/\/hoycordobaweb.com\/wp-content\/uploads\/2022\/01\/llego-como-figura-a-flamengo-no-rindio-y-se-volvio-a-europa-3.jpg\" loading=\"lazy\"> <\/a>\n<\/picture>\n<\/div>\n<\/div><\/div>\n<\/div>\n<p> Si bien Flamengo contaba con una opci\u00f3n de compra de 10 millones de euros, no estaba entre sus planes realizar semejante erogaci\u00f3n econ\u00f3mica. Adem\u00e1s, su salida fue bien vista por todas las parte dado que se encuentran con la idea de reformar el plantel y, de ese modo, ese dinero destinado&nbsp;a su salario ahora lo podr\u00e1n utilizar para algunas renovaciones de contrato o mismo para fichar a otros refuerzos.<\/p>\n<div class=\"sp__Normal\">\n<div class=\"image-embeb image-trigger\" readability=\"6\">\n<picture><source media=\"(min-width: 720px)\" srcset=\"http:\/\/hoycordobaweb.com\/wp-content\/uploads\/2022\/01\/llego-como-figura-a-flamengo-no-rindio-y-se-volvio-a-europa-4.jpg\"><img itemprop=\"image\" src=\"http:\/\/hoycordobaweb.com\/wp-content\/uploads\/2022\/01\/llego-como-figura-a-flamengo-no-rindio-y-se-volvio-a-europa-4.jpg\" loading=\"lazy\" alt=\"Kenedy jug\u00f3 muy pocos partidos con la camiseta de Chelsea. (AFP)\">\n<\/picture><figcaption readability=\"2\">\n<p>Kenedy jug\u00f3 muy pocos partidos con la camiseta de Chelsea. (AFP)\n<\/p>\n<\/figcaption><\/div>\n<\/div>\n<p>A pesar de que lleg\u00f3 a Chelsea en agosto de 2015, nunca logr\u00f3 ganarse un lugar dentro de la consideraci\u00f3n de los diferentes t\u00e9cnicos. De hecho, fue cedido a varios clubes (Watford, Newcastle, Getafe y Granada) antes de pegar la vuelta para el f\u00fatbol sudamericano. El tema es que decidi\u00f3 venir a jugar al Fla, cuando \u00e9l hab\u00eda hecho todas las inferiores y hab\u00eda debutado en Primera en Fluminense, que justamente es el cl\u00e1sico m\u00e1s importante de R\u00edo de Janeiro. Ahora bien, \u00bfpor qu\u00e9 los Blues pidieron que se reincorpore? M\u00e1s all\u00e1 de la falta de una informaci\u00f3n oficial, cuentan desde Inglaterra que<a alt=\"thoma-tuchel\" class=\"slug\" href=\"https:\/\/www.ole.com.ar\/tema\/thoma-tuchel.html\" target=\"_blank\" title=\"thoma-tuchel\" rel=\"noopener noreferrer\"> <strong>Thomas Tuchel<\/strong><\/a><strong> podr\u00eda utilizarlo como un parche para el carril izquierdo ante la baja de Ben Chilwell<\/strong>, quien se lesion\u00f3 la rodilla de gravedad y se perder\u00e1 toda la temporada.<strong> Otra opci\u00f3n (la que cuenta con mayor sustento) es que no deseaban que el delantero continuara desvaloriz\u00e1ndose en Brasil y es por eso que le buscar\u00edan otro destino<\/strong>. Ah\u00ed es donde aparece la figura de Roberto de Zerbi, entrenador de Shakhtar Donetsk, quien <a href=\"https:\/\/www.ole.com.ar\/futbol-internacional\/america\/flamengo-mercado-pases-shakhtar_0_hm_EXsTbb.html\" target=\"_blank\" rel=\"noopener noreferrer\"><strong>solicit\u00f3 la llegada de un extremo<\/strong><\/a> para utilizar en su t\u00edpico 4-3-3 bien marcado.<\/p>\n<div class=\"sp__SM\">\n<div class=\"content-new \">\n<span class=\"tit-mobile\">Mir\u00e1 tambi\u00e9n<\/span><\/p>\n<div class=\"mg\">\n<div class=\"wrap-figure\">\n<picture>\n<a href=\"https:\/\/www.ole.com.ar\/futbol-internacional\/america\/antonio-turco-mohamed-dt-atletico-mineiro-2022_0_3dokpFMbhX.html\" target=\"_self\" rel=\"noopener noreferrer\"><br \/>\n<img class=\"img-responsive\" alt=\"El Turco Mohamed fue presentado en Atl\u00e9tico Mineiro: &quot;Mucho esfuerzo y garra&quot;\" src=\"http:\/\/hoycordobaweb.com\/wp-content\/uploads\/2022\/01\/llego-como-figura-a-flamengo-no-rindio-y-se-volvio-a-europa-5.jpg\" loading=\"lazy\"><br \/>\n<\/a>\n<\/picture>\n<\/div>\n<\/div><\/div>\n<\/div>\n<div class=\"sp__SM\">\n<div class=\"content-new \">\n<span class=\"tit-mobile\">Mir\u00e1 tambi\u00e9n<\/span><\/p>\n<div class=\"mg\">\n<div class=\"wrap-figure\">\n<picture>\n<a href=\"https:\/\/www.ole.com.ar\/futbol-internacional\/inglaterra\/dibu-martinez-aston-villa-fichajes_0_olHXJ71tut.html\" target=\"_self\" rel=\"noopener noreferrer\"><br \/>\n<img class=\"img-responsive\" alt=\"El arquero que Aston Villa quiere para competirle el puesto al Dibu Mart\u00ednez\" src=\"http:\/\/hoycordobaweb.com\/wp-content\/uploads\/2022\/01\/llego-como-figura-a-flamengo-no-rindio-y-se-volvio-a-europa-6.jpg\" loading=\"lazy\"><br \/>\n<\/a>\n<\/picture>\n<\/div>\n<\/div><\/div>\n<\/div>\n<h2><strong>SHAKHTAR, SIN COMPETENCIA EUROPEA, PERO CON UN AMBIENTE REPLETO DE COMPATRIOTAS<\/strong><\/h2>\n<p>Ucrania es un destino muy frecuentado por jugadores brasile\u00f1os que no logran concretar una transferencia a las principales ligas del mundo. Tanto es as\u00ed que varios terminaron siendo nacionalizados para jugar en la selecci\u00f3n de ese pa\u00eds. Y, en ese contexto, Shakhtar Donetsk aparece como el principal importador al punto que actualmente hay otros 11 que nacieron en el gigante sudamericano (Dodo, Vitao, Marlon, Ismaily, Maycon, Marcos Antonio, Alan Patrick, Tete, Pedrinho, Fernando y Junior Moraes). M\u00e1s all\u00e1 de la tentadora propuesta en el aspecto financiero, sabr\u00e1 que el conjunto ucraniano qued\u00f3 eliminado de la Champions League en la fase de grupos y ni siquiera clasific\u00f3 a la Europa League como tercero de su zona. De todos modos, lideran la Liga Premier con 47 puntos, dos m\u00e1s que el Dinamo. El reinicio del certamen ucraniano est\u00e1 previsto para fines de febrero.<\/p>\n<div class=\"sp__SM\">\n<div class=\"content-new \">\n<span class=\"tit-mobile\">Mir\u00e1 tambi\u00e9n<\/span><\/p>\n<div class=\"mg\">\n<div class=\"wrap-figure\">\n<picture>\n<a href=\"https:\/\/www.ole.com.ar\/futbol-internacional\/cano-fluminense-copa-libertadores_0_woaGh44MjI.html\" target=\"_self\" rel=\"noopener noreferrer\"><br \/>\n<img class=\"img-responsive\" alt=\"Cano lleg\u00f3 con la L a Fluminense\" src=\"http:\/\/hoycordobaweb.com\/wp-content\/uploads\/2022\/01\/llego-como-figura-a-flamengo-no-rindio-y-se-volvio-a-europa-7.jpg\" loading=\"lazy\"><br \/>\n<\/a>\n<\/picture>\n<\/div>\n<\/div><\/div>\n<\/div>\n<div class=\"entry-tags\">\n<h2>TEMAS QUE APARECEN EN ESTA NOTA<\/h2>\n<\/p><\/div>\n","protected":false},"excerpt":{"rendered":"<p>Durante los \u00faltimos a\u00f1os, el f\u00fatbol brasile\u00f1o no par\u00f3 de sumar estrellas. Cada equipo ve\u00eda como sus pares incorporaban jugadores procedentes de las principales ligas europeas y, en consecuencia, consegu\u00edan ampliar sus presupuestos para romper el chanchito y poder seguirles el ritmo al resto. De hecho, Diego God\u00edn arrib\u00f3 a Atl\u00e9tico Mineiro en este mercado [&hellip;]<\/p>\n","protected":false},"author":1,"featured_media":35637,"comment_status":"open","ping_status":"closed","sticky":false,"template":"","format":"standard","meta":[],"categories":[16],"tags":[],"_links":{"self":[{"href":"http:\/\/hoycordobaweb.com\/index.php\/wp-json\/wp\/v2\/posts\/35636"}],"collection":[{"href":"http:\/\/hoycordobaweb.com\/index.php\/wp-json\/wp\/v2\/posts"}],"about":[{"href":"http:\/\/hoycordobaweb.com\/index.php\/wp-json\/wp\/v2\/types\/post"}],"author":[{"embeddable":true,"href":"http:\/\/hoycordobaweb.com\/index.php\/wp-json\/wp\/v2\/users\/1"}],"replies":[{"embeddable":true,"href":"http:\/\/hoycordobaweb.com\/index.php\/wp-json\/wp\/v2\/comments?post=35636"}],"version-history":[{"count":0,"href":"http:\/\/hoycordobaweb.com\/index.php\/wp-json\/wp\/v2\/posts\/35636\/revisions"}],"wp:featuredmedia":[{"embeddable":true,"href":"http:\/\/hoycordobaweb.com\/index.php\/wp-json\/wp\/v2\/media\/35637"}],"wp:attachment":[{"href":"http:\/\/hoycordobaweb.com\/index.php\/wp-json\/wp\/v2\/media?parent=35636"}],"wp:term":[{"taxonomy":"category","embeddable":true,"href":"http:\/\/hoycordobaweb.com\/index.php\/wp-json\/wp\/v2\/categories?post=35636"},{"taxonomy":"post_tag","embeddable":true,"href":"http:\/\/hoycordobaweb.com\/index.php\/wp-json\/wp\/v2\/tags?post=35636"}],"curies":[{"name":"wp","href":"https:\/\/api.w.org\/{rel}","templated":true}]}}