{"id":3562,"date":"2020-10-19T01:29:00","date_gmt":"2020-10-19T01:29:00","guid":{"rendered":"http:\/\/hoycordobaweb.com\/index.php\/2020\/10\/19\/el-incendio-de-una-iglesia-en-el-centro-de-santiago-marca-la-jornada-de-marchas\/"},"modified":"2020-10-19T01:29:00","modified_gmt":"2020-10-19T01:29:00","slug":"el-incendio-de-una-iglesia-en-el-centro-de-santiago-marca-la-jornada-de-marchas","status":"publish","type":"post","link":"http:\/\/hoycordobaweb.com\/index.php\/2020\/10\/19\/el-incendio-de-una-iglesia-en-el-centro-de-santiago-marca-la-jornada-de-marchas\/","title":{"rendered":"El incendio de una iglesia en el centro de Santiago marca la jornada de marchas"},"content":{"rendered":"<p><img src=\"http:\/\/hoycordobaweb.com\/wp-content\/uploads\/2020\/10\/el-incendio-de-una-iglesia-en-el-centro-de-santiago-marca-la-jornada-de-marchas.jpg\"><\/p>\n<div class=\"image\" id=\"image\" readability=\"8\"> <img src=\"http:\/\/hoycordobaweb.com\/wp-content\/uploads\/2020\/10\/el-incendio-de-una-iglesia-en-el-centro-de-santiago-marca-la-jornada-de-marchas-2.jpg\" alt=\"Banderas, batucadas y algunos incidentes en el primer aniversario de las protestas\" title=\"Banderas, batucadas y algunos incidentes en el primer aniversario de las protestas\"><\/p>\n<p>Banderas, batucadas y algunos incidentes en el primer aniversario de las protestas<\/p>\n<\/div>\n<p><strong>La imagen del incendio con destrucci\u00f3n total de la Iglesia de la Asunci\u00f3n, a pocos metros de la emblem\u00e1tica Plaza Italia. en el centro de Santiago de Chile, marc\u00f3 la jornada de protestas en el primer aniversario del estallido social que dio inicio a marchas multitudinarias y enfrentamientos con Carabineros (Polic\u00eda) y fuerzas militares, que dejaron miles de heridos, una treintena de muertos y pusieron en jaque al Gobierno de Sebasti\u00e1n Pi\u00f1era.<\/strong><\/p>\n<p>Esa ola de reclamos ciudadanos forz\u00f3 un acuerdo pol\u00edtico, por el cual se convoc\u00f3 a un plebiscito para saber si la ciudadan\u00eda quiere cambiar la Constituci\u00f3n heredada de la dictadura c\u00edvico-militar de Augusto Pinochet (1973-1990), que, tras ser pospuesto en abril por la pandemia, se realizar\u00e1 el domingo pr\u00f3ximo.<\/p>\n<p>Los manifestantes comenzaron a llegar desde las 11 de la ma\u00f1ana a la emblem\u00e1tica Plaza Italia, rebautizada popularmente como Plaza Dignidad, que estaba custodiada por Carabineros.<\/p>\n<div class=\"js-code\" readability=\"6.7954545454545\">\n<blockquote class=\"twitter-tweet\" readability=\"7.6448863636364\">\n<p lang=\"es\" dir=\"ltr\">Una iglesia quemada y otra muy da\u00f1ada en las cercan\u00edas de la Plaza Italia de Santiago, fue el resultado de ataques violentos por encapuchados durante una multitudinaria manifestaci\u00f3n para conmemorar el primer aniversario del inicio de la revuelta social en Chile.<a href=\"https:\/\/twitter.com\/AFPespanol?ref_src=twsrc%5Etfw\">@AFPespanol<\/a> <a href=\"https:\/\/t.co\/ZLjOUCiAu7\">pic.twitter.com\/ZLjOUCiAu7<\/a><\/p>\n<p>\u2014 TVN Noticias (@tvnnoticias) <a href=\"https:\/\/twitter.com\/tvnnoticias\/status\/1318000710450020353?ref_src=twsrc%5Etfw\">October 19, 2020<\/a><\/p><\/blockquote><\/div>\n<p>A medida que pasaban los minutos la tensi\u00f3n prevalec\u00eda y luego de un intento de las fuerzas del orden para disolver la manifestaci\u00f3n, los uniformados dejaron el lugar.<\/p>\n<p>Los manifestantes se tomaron la plaza pac\u00edficamente durante toda la jornada y seg\u00fan cifras de carabineros, en su punto m\u00e1ximo alcanz\u00f3 25.000 personas.<\/p>\n<p>Muchos llegaron en bicicletas y otros caminando, ya que el centro de la ciudad se mantuvo cortado al tr\u00e1nsito vehicular, adem\u00e1s de que las estaciones de subte cercanas est\u00e1n temporalmente fuera de servicio.<\/p>\n<p>Los manifestantes llegaron portando banderas mapuches, chilenas y pancartas en contra del Gobierno y el sistema econ\u00f3mico.<\/p>\n<p>Durante la mayor parte de la jornada, las manifestaciones se desarrollaron sin incidentes, respondiendo al llamado que hicieron las principales autoridades del pa\u00eds de cara a esta esperada jornada de protestas.<\/p>\n<p>Pero despu\u00e9s de las 16:30 comenzaron algunos incidentes violentos en los alrededores de Plaza Italia, como los incendios de dos iglesias, una oficina de seguros y saqueos de supermercados de la zona.<\/p>\n<p>La Iglesia de la Asunci\u00f3n sufri\u00f3 destrucci\u00f3n total, inclusive el campanario se derrumb\u00f3 producto de las llamas, acto que fue festejado por manifestantes en el lugar.<\/p>\n<p>El otro incendio se registr\u00f3 en la Iglesia San Francisco de Borja, la capilla institucional de Carabineros (polic\u00eda), en el centro de la capital, cuando un grupo de hombres irrumpi\u00f3 y caus\u00f3 destrozos e incluso, un principio de incendio que fue apagado por bomberos, acci\u00f3n que termin\u00f3 con cinco detenidos.<\/p>\n<p>Otro de los puntos de violencia fue un incendio en las oficinas de la Mutual de Seguridad de la C\u00e1mara Chilena de la Construcci\u00f3n, que es una corporaci\u00f3n sin fines de lucro que otorga cobertura en accidentes laborales.<\/p>\n<p>Tambi\u00e9n se registr\u00f3 un ataque a la comisar\u00eda de la popular comuna (barrio) de Puente Alto.<\/p>\n<p>En la plaza los manifestantes vivieron una jornada pac\u00edfica con peque\u00f1os incidentes aislados, como una pelea entre bravas bravas de Colo Colo y Universidad de Chile, principales clubes de futbol chilenos, y el intento de agresi\u00f3n al alcalde (intendente) comunista de la popular comuna (barrio) capitalina de Recoleta, Daniel Jadue, quien tuvo que irse de Plaza Dignidad custodiado por sus simpatizantes.<\/p>\n<p>Adem\u00e1s, el ic\u00f3nico monumento al general Manuel Baquedano, en el centro de Plaza Italia, fue pintado completamente de rojo por los manifestantes, algo que ya hab\u00eda sucedido en manifestaciones anteriores.<\/p>\n<p>El 18 de octubre de 2019 se registr\u00f3 en Santiago una violenta jornada de manifestaciones, con incendio de estaciones de subte, que dio inicio a una serie de protestas ciudadanas en todo el pa\u00eds, en un proceso bautizado como \u00abestallido social\u201d.<\/p>\n<p>Los chilenos se manifestaron para terminar con el sistema econ\u00f3mico neoliberal, contra el alto costo de los servicios b\u00e1sicos y para cambiar la Constituci\u00f3n pol\u00edtica redactada durante la dictadura, adem\u00e1s de otras demandas sociales.<\/p>\n<p>Varias agrupaciones sociales y partidos pol\u00edticos de la oposici\u00f3n llamaron a manifestarse hoy pac\u00edficamente para recordar el primer a\u00f1o de las protestas,<\/p>\n<p>Pi\u00f1era, fuertemente cuestionado desde que empez\u00f3 esta crisis, la m\u00e1s importante en 30 a\u00f1os de democracia, llam\u00f3 a realizar una manifestaci\u00f3n pac\u00edfica y respetando las medidas sanitarias impuestas a ra\u00edz de la pandemia de coronavirus, que en Chile ha dejado casi 491.943 contagios y 13.635 fallecidos confirmados.<\/p>\n<p>La polic\u00eda hab\u00eda anunciado para hoy el despliegue de unos 40.000 agentes para resguardar la seguridad, adem\u00e1s del apoyo de militares en el caso de ser necesario, al mantenerse el estado de emergencia por la pandemia.<\/p>\n<p>A las 23 horas (medianoche de Argentina) comienza el toque de queda decretado por el Gobierno durante la emergencia sanitaria. <\/p>\n","protected":false},"excerpt":{"rendered":"<p>Banderas, batucadas y algunos incidentes en el primer aniversario de las protestas La imagen del incendio con destrucci\u00f3n total de la Iglesia de la Asunci\u00f3n, a pocos metros de la emblem\u00e1tica Plaza Italia. en el centro de Santiago de Chile, marc\u00f3 la jornada de protestas en el primer aniversario del estallido social que dio inicio [&hellip;]<\/p>\n","protected":false},"author":1,"featured_media":3563,"comment_status":"open","ping_status":"closed","sticky":false,"template":"","format":"standard","meta":[],"categories":[19],"tags":[],"_links":{"self":[{"href":"http:\/\/hoycordobaweb.com\/index.php\/wp-json\/wp\/v2\/posts\/3562"}],"collection":[{"href":"http:\/\/hoycordobaweb.com\/index.php\/wp-json\/wp\/v2\/posts"}],"about":[{"href":"http:\/\/hoycordobaweb.com\/index.php\/wp-json\/wp\/v2\/types\/post"}],"author":[{"embeddable":true,"href":"http:\/\/hoycordobaweb.com\/index.php\/wp-json\/wp\/v2\/users\/1"}],"replies":[{"embeddable":true,"href":"http:\/\/hoycordobaweb.com\/index.php\/wp-json\/wp\/v2\/comments?post=3562"}],"version-history":[{"count":0,"href":"http:\/\/hoycordobaweb.com\/index.php\/wp-json\/wp\/v2\/posts\/3562\/revisions"}],"wp:featuredmedia":[{"embeddable":true,"href":"http:\/\/hoycordobaweb.com\/index.php\/wp-json\/wp\/v2\/media\/3563"}],"wp:attachment":[{"href":"http:\/\/hoycordobaweb.com\/index.php\/wp-json\/wp\/v2\/media?parent=3562"}],"wp:term":[{"taxonomy":"category","embeddable":true,"href":"http:\/\/hoycordobaweb.com\/index.php\/wp-json\/wp\/v2\/categories?post=3562"},{"taxonomy":"post_tag","embeddable":true,"href":"http:\/\/hoycordobaweb.com\/index.php\/wp-json\/wp\/v2\/tags?post=3562"}],"curies":[{"name":"wp","href":"https:\/\/api.w.org\/{rel}","templated":true}]}}