{"id":35613,"date":"2022-01-12T21:16:00","date_gmt":"2022-01-12T21:16:00","guid":{"rendered":"http:\/\/hoycordobaweb.com\/index.php\/2022\/01\/12\/israel-destaco-el-repudio-argentino-ante-la-presencia-de-un-funcionario-irani-en-nicaragua\/"},"modified":"2022-01-12T21:16:00","modified_gmt":"2022-01-12T21:16:00","slug":"israel-destaco-el-repudio-argentino-ante-la-presencia-de-un-funcionario-irani-en-nicaragua","status":"publish","type":"post","link":"http:\/\/hoycordobaweb.com\/index.php\/2022\/01\/12\/israel-destaco-el-repudio-argentino-ante-la-presencia-de-un-funcionario-irani-en-nicaragua\/","title":{"rendered":"Israel destac\u00f3 el repudio argentino ante la presencia de un funcionario iran\u00ed en Nicaragua"},"content":{"rendered":"<p><img src=\"http:\/\/hoycordobaweb.com\/wp-content\/uploads\/2022\/01\/israel-destaco-el-repudio-argentino-ante-la-presencia-de-un-funcionario-irani-en-nicaragua.jpg\"><\/p>\n<figure class=\"mb-3\"><img loading=\"lazy\" src=\"http:\/\/hoycordobaweb.com\/wp-content\/uploads\/2022\/01\/israel-destaco-el-repudio-argentino-ante-la-presencia-de-un-funcionario-irani-en-nicaragua-2.jpg\" width=\"100%\" height=\"100%\" alt=\"El Palacio San Martn sede de la Cancillera Foto Lara Sartor\"><figcaption> El Palacio San Mart\u00edn, sede de la Canciller\u00eda. Foto: Lara Sartor <\/figcaption><\/figure>\n<p>El director de la Canciller\u00eda de Israel para Am\u00e9rica Latina, Jonathan Peled, se mostr\u00f3 \u00abconforme\u00bb y \u00abdio la bienvenida\u00bb <strong><a href=\"https:\/\/www.telam.com.ar\/notas\/202201\/580551-gobierno-repudio-funcionario-irani-atentado-a-la-amia-asuncion-ortega-nicaragua.html\" target=\"_blank\" rel=\"noopener noreferrer\">al comunicado del Gobierno argentino de repudio ante la presencia del funcionario iran\u00ed Mohsen Rezai<\/a><\/strong>, acusado de haber participado en la planificaci\u00f3n del atentado a la AMIA, en el acto de toma de posesi\u00f3n del presidente de Nicaragua, Daniel Ortega.<\/p>\n<p>\u00abEstamos conformes y dimos la bienvenida al comunicado publicado por la Canciller\u00eda argentina, es un repudio y un reclamo que nos parece exactamente como deber\u00eda ser. Coincidimos en que este se\u00f1or tiene que ser extraditado a Argentina y debe enfrentar a la Justicia\u00bb, sostuvo Peled, en declaraciones reproducidas por la Agencia Jud\u00eda de Noticias (AJN).<\/p>\n<p>Para el diplom\u00e1tico israel\u00ed, la presencia en Nicaragua de Rezai, vicepresidente de Asuntos Econ\u00f3micos de Ir\u00e1n, \u00abes una verg\u00fcenza hacia la Justicia argentina y la Justicia internacional. Es una afrenta a las v\u00edctimas del atentado a la AMIA y a las normas del derecho internacional\u00bb, a\u00f1adi\u00f3.<\/p>\n<p>\u00abEstamos asombrados y muy enojados con la presencia de este criminal y terrorista en Nicaragua, quien tiene contra \u00e9l una alerta roja de Interpol en la lista de REPET (Registro P\u00fablico de Personas y Entidades Vinculadas a Actos de Terrorismo y su Financiamiento) de Argentina\u00bb, expres\u00f3.<\/p>\n<p>Peled aclar\u00f3 que la \u00abdisputa\u00bb de Israel \u00abes con Ir\u00e1n, no es con Argentina y ni siquiera con Nicaragua, y m\u00e1s precisamente con el r\u00e9gimen iran\u00ed, que ha mandado a este criminal y terrorista a la toma de posesi\u00f3n del presidente Ortega\u00bb.<\/p>\n<p>El Gobierno argentino expres\u00f3 este martes \u00absu m\u00e1s en\u00e9rgica condena\u00bb a la presencia de Rezai, acusado de haber participado en la planificaci\u00f3n del atentado a la AMIA, en el acto de toma de posesi\u00f3n de Ortega en Nicaragua, y envi\u00f3 una nota de queja a ese pa\u00eds a trav\u00e9s de la Canciller\u00eda. <\/p>\n","protected":false},"excerpt":{"rendered":"<p>El Palacio San Mart\u00edn, sede de la Canciller\u00eda. Foto: Lara Sartor El director de la Canciller\u00eda de Israel para Am\u00e9rica Latina, Jonathan Peled, se mostr\u00f3 \u00abconforme\u00bb y \u00abdio la bienvenida\u00bb al comunicado del Gobierno argentino de repudio ante la presencia del funcionario iran\u00ed Mohsen Rezai, acusado de haber participado en la planificaci\u00f3n del atentado a [&hellip;]<\/p>\n","protected":false},"author":1,"featured_media":35614,"comment_status":"open","ping_status":"closed","sticky":false,"template":"","format":"standard","meta":[],"categories":[19],"tags":[],"_links":{"self":[{"href":"http:\/\/hoycordobaweb.com\/index.php\/wp-json\/wp\/v2\/posts\/35613"}],"collection":[{"href":"http:\/\/hoycordobaweb.com\/index.php\/wp-json\/wp\/v2\/posts"}],"about":[{"href":"http:\/\/hoycordobaweb.com\/index.php\/wp-json\/wp\/v2\/types\/post"}],"author":[{"embeddable":true,"href":"http:\/\/hoycordobaweb.com\/index.php\/wp-json\/wp\/v2\/users\/1"}],"replies":[{"embeddable":true,"href":"http:\/\/hoycordobaweb.com\/index.php\/wp-json\/wp\/v2\/comments?post=35613"}],"version-history":[{"count":0,"href":"http:\/\/hoycordobaweb.com\/index.php\/wp-json\/wp\/v2\/posts\/35613\/revisions"}],"wp:featuredmedia":[{"embeddable":true,"href":"http:\/\/hoycordobaweb.com\/index.php\/wp-json\/wp\/v2\/media\/35614"}],"wp:attachment":[{"href":"http:\/\/hoycordobaweb.com\/index.php\/wp-json\/wp\/v2\/media?parent=35613"}],"wp:term":[{"taxonomy":"category","embeddable":true,"href":"http:\/\/hoycordobaweb.com\/index.php\/wp-json\/wp\/v2\/categories?post=35613"},{"taxonomy":"post_tag","embeddable":true,"href":"http:\/\/hoycordobaweb.com\/index.php\/wp-json\/wp\/v2\/tags?post=35613"}],"curies":[{"name":"wp","href":"https:\/\/api.w.org\/{rel}","templated":true}]}}