{"id":35611,"date":"2022-01-12T21:28:00","date_gmt":"2022-01-12T21:28:00","guid":{"rendered":"http:\/\/hoycordobaweb.com\/index.php\/2022\/01\/12\/llevan-los-testeos-y-la-vacunacion-a-los-centros-turisticos-de-todo-el-pais\/"},"modified":"2022-01-12T21:28:00","modified_gmt":"2022-01-12T21:28:00","slug":"llevan-los-testeos-y-la-vacunacion-a-los-centros-turisticos-de-todo-el-pais","status":"publish","type":"post","link":"http:\/\/hoycordobaweb.com\/index.php\/2022\/01\/12\/llevan-los-testeos-y-la-vacunacion-a-los-centros-turisticos-de-todo-el-pais\/","title":{"rendered":"Llevan los testeos y la vacunaci\u00f3n a los centros tur\u00edsticos de todo el pa\u00eds"},"content":{"rendered":"<p><img src=\"http:\/\/hoycordobaweb.com\/wp-content\/uploads\/2022\/01\/llevan-los-testeos-y-la-vacunacion-a-los-centros-turisticos-de-todo-el-pais.jpg\"><\/p>\n<figure class=\"mb-3\"><img loading=\"lazy\" src=\"http:\/\/hoycordobaweb.com\/wp-content\/uploads\/2022\/01\/llevan-los-testeos-y-la-vacunacion-a-los-centros-turisticos-de-todo-el-pais-2.jpg\" width=\"100%\" height=\"100%\" alt=\"Dos personas se realizan el test mientras permanecen en la moto en Mar del Plata Foto Diego Izquierdo\"><figcaption> Dos personas se realizan el test mientras permanecen en la moto en Mar del Plata. Foto Diego Izquierdo <\/figcaption><\/figure>\n<p>Con <strong>centros de testeos y vacunatorios itinerantes en playas, sierras, diques, paseos p\u00fablicos<\/strong> y en cercan\u00edas de festivales las provincias expandieron los operativos de control y vacunaci\u00f3n contra el coronavirus en plena temporada veraniega incluso con al <a href=\"https:\/\/www.telam.com.ar\/notas\/202201\/580333-gobierno-distribuye-mas-5-millones-vacunas-contra-coronavirus-proximas-semanas.html\" target=\"_blank\" rel=\"noopener noreferrer\">acceso libre y federal a la campa\u00f1a de inoculaci\u00f3n <\/a>para que los turistas puedan completar sus esquemas mientras visitan distintas ciudades del pa\u00eds.<\/p>\n<p>Mientras unos <a href=\"https:\/\/www.telam.com.ar\/notas\/202201\/580669-came-turismo-temporada-record-diciembre-enero-previaje.html\" target=\"_blank\" rel=\"noopener noreferrer\">22 millones de turistas se movilizaron por localidades argentinas para disfrutar de sus vacaciones de verano<\/a>, las autoridades provinciales y municipales montaron diversas estrategias para sostener los cuidados b\u00e1sicos con aforos limitados en teatros, locales nocturnos y recitales, as\u00ed como la posibilidad de acercar la vacunaci\u00f3n a los lugares de descanso.<\/p>\n<h2 class>Provincia de Buenos Aires<\/h2>\n<p>En ese sentido, en la provincia de Buenos Aires, el jefe de la Regi\u00f3n Sanitaria VIII, Gast\u00f3n Vargas, explic\u00f3 a T\u00e9lam en Mar del Plata que \u00absi bien los casos positivos siguen en aumento, el alto porcentaje de vacunaci\u00f3n nos ha permitido que no se traslade \u00e9se n\u00famero en internaciones\u00bb y apunt\u00f3 que \u00abactualmente tenemos seis centros de testeos provinciales\u00bb en la ciudad.<\/p>\n<p>Vargas resalt\u00f3 que \u00abuno de ellos es solamente para automovilistas y motociclistas, en tanto que esta semana tenemos 11 postas de vacunaci\u00f3n, entre fijas e itinerantes\u00bb.<\/p>\n<blockquote class=\"twitter-tweet\" readability=\"7.2200557103064\">\n<p lang=\"es\" dir=\"ltr\">\ud83d\udea7Comenz\u00f3 a funcionar una nueva posta de vacunaci\u00f3n en <a href=\"https:\/\/twitter.com\/hashtag\/MarDelPlata?src=hash&amp;ref_src=twsrc%5Etfw\">#MarDelPlata<\/a> que est\u00e1 ubicada en el parador <a href=\"https:\/\/twitter.com\/hashtag\/Mute?src=hash&amp;ref_src=twsrc%5Etfw\">#Mute<\/a>. Esta semana funcionar\u00e1 mi\u00e9rcoles, jueves y viernes de 14 a 19.\ud83d\udc89La campa\u00f1a de vacunaci\u00f3n llega a todas y todos los bonaerenses y a quienes eligen <a href=\"https:\/\/twitter.com\/BAProvincia?ref_src=twsrc%5Etfw\">@BAProvincia<\/a> para descansar. <a href=\"https:\/\/t.co\/i5n7gmA8VL\">pic.twitter.com\/i5n7gmA8VL<\/a><\/p>\n<p>\u2014 SaludBAP (@SaludBAP) <a href=\"https:\/\/twitter.com\/SaludBAP\/status\/1481351266294972420?ref_src=twsrc%5Etfw\">January 12, 2022<\/a><\/p><\/blockquote>\n<p>\u00abHoy comenzamos a vacunar en el reconocido balneario Mute, situado en la zona sur de Mar del Plata, que est\u00e1 considerado como uno de los puntos de encuentro de la mayor\u00eda de los j\u00f3venes durante el verano. El objetivo est\u00e1 centrado en acaparar, invitar a la juventud a vacunarse sean turistas o residentes\u00bb, resalt\u00f3 el m\u00e9dico sanitarista.<\/p>\n<p>Y, record\u00f3 \u00ab<a href=\"https:\/\/www.telam.com.ar\/notas\/202201\/580327-provincia-buenos-aires-turnos-vacunacion-coronavirus.html\" target=\"_blank\" rel=\"noopener noreferrer\">la vacuna en la provincia de Buenos Aires<\/a> es libre, gratuita y federal\u00bb, tras lo cual se\u00f1al\u00f3 que \u00abestamos en un promedio diario de 6.000 personas que se vacunan en el distrito de General Pueyrred\u00f3n\u00bb.<\/p>\n<figure class=\"mb-3\"><img loading=\"lazy\" src=\"http:\/\/hoycordobaweb.com\/wp-content\/uploads\/2022\/01\/llevan-los-testeos-y-la-vacunacion-a-los-centros-turisticos-de-todo-el-pais-3.jpg\" width=\"100%\" height=\"100%\" alt=\"Crdoba comenzaron a vacunar en farmacias de la provincia Foto Laura Lescano\"><figcaption> C\u00f3rdoba: comenzaron a vacunar en farmacias de la provincia. Foto Laura Lescano <\/figcaption><\/figure>\n<h2 class>C\u00f3rdoba<\/h2>\n<p><a href=\"https:\/\/www.telam.com.ar\/notas\/202201\/580493-vacuna-cordoba-farmacias.html\" target=\"_blank\" rel=\"noopener noreferrer\">En C\u00f3rdoba, el Ministerio de Salud incorpor\u00f3 vacunatorios en distintos puntos<\/a> tur\u00edsticos de la provincia y destac\u00f3 \u00abla importancia de la vacunaci\u00f3n contra el Covid-19 como la principal estrategia de contenci\u00f3n de la pandemia\u00bb.<\/p>\n<p>Adem\u00e1s, dispuso que en sitios donde se desarrollen festivales, eventos y actividades recreativas se exija pase sanitario, que deber\u00e1 presentarse junto con el ticket de ingreso y el DNI del espectador, mientras el organizador dispondr\u00e1 del personal necesario para controlar el ingreso y el comportamiento de los asistentes.<\/p>\n<p>Toda persona, excepto los menores de 3 a\u00f1os, deber\u00e1 llevar puesto un barbijo que cubra adecuadamente boca, nariz y ment\u00f3n, por lo cual tambi\u00e9n habr\u00e1 tapabocas a disposici\u00f3n del p\u00fablico.<\/p>\n<p>Durante el desarrollo de las actividades del festival, los espectadores mantendr\u00e1n el barbijo correctamente colocado y cada evento deber\u00e1 disponer de espacio suficiente para garantizar el distanciamiento f\u00edsico, salvo para burbuja constituida por grupo familiar, seg\u00fan lo dispuesto por Salud provincial.<\/p>\n<blockquote class=\"twitter-tweet\" readability=\"10.5\">\n<p lang=\"es\" dir=\"ltr\">\ud83c\udfe5 El Hospital Florencio D\u00edaz se suma como centro de testeo, con atenci\u00f3n de lunes a domingos, de 8 a 20 hs.<\/p>\n<p>\ud83d\udccc Est\u00e1 ubicado en la zona sudeste de la ciudad de C\u00f3rdoba, en 11 de septiembre al 2900.<\/p>\n<p>Conoc\u00e9 m\u00e1s info \ud83d\udc49\ud83c\udffd <a href=\"https:\/\/t.co\/I5oFxZFjZ1\">https:\/\/t.co\/I5oFxZFjZ1<\/a><a href=\"https:\/\/twitter.com\/hashtag\/Testeos?src=hash&amp;ref_src=twsrc%5Etfw\">#Testeos<\/a> <a href=\"https:\/\/twitter.com\/hashtag\/Prevenci%C3%B3n?src=hash&amp;ref_src=twsrc%5Etfw\">#Prevenci\u00f3n<\/a> <a href=\"https:\/\/twitter.com\/hashtag\/M%C3%A1sSalud?src=hash&amp;ref_src=twsrc%5Etfw\">#M\u00e1sSalud<\/a> <a href=\"https:\/\/t.co\/TyqjnimguR\">pic.twitter.com\/TyqjnimguR<\/a><\/p>\n<p>\u2014 Ministerio de Salud de C\u00f3rdoba (@minsaludcba) <a href=\"https:\/\/twitter.com\/minsaludcba\/status\/1481339567206715392?ref_src=twsrc%5Etfw\">January 12, 2022<\/a><\/p><\/blockquote>\n<h2 class>Mendoza<\/h2>\n<p>En Mendoza, la localidad sure\u00f1a de Malarg\u00fce sali\u00f3 a vacunar esta semana en la plaza San Martin, en los complejos tur\u00edsticos de Los Molles y hasta en la laguna Ni\u00f1a Encantada \u00abya sea para los turistas o para los residentes del \u00e1reas rurales que ofrecen servicios tur\u00edsticos en esas zonas\u00bb, dijo el director de Turismo, Marcelo Rivarola.<\/p>\n<p>En San Rafael, \u00ablos turistas se pueden vacunar y se instal\u00f3 una guardia permanente de 24 horas con ambulancia y servicio de enfermer\u00eda, centro de testeo durante el d\u00eda y vacunaci\u00f3n en la posta sanitaria de Valle Grande, uno de los principales sitios tur\u00edsticos que se visita este verano\u00bb, informaron desde el ministerio de Salud.<\/p>\n<p>En todo Mendoza, \u00abse han dispuesto los protocolos en su momento y las campa\u00f1as masivas de vacunaci\u00f3n que est\u00e1n orientadas a todo p\u00fablico en general, lo mismo los centros de testeos y nuevos puntos de vacunaci\u00f3n donde se vacuna a todo el que se quiera vacunar\u00bb, recordaron fuentes de la gobernaci\u00f3n.<\/p>\n<figure class=\"mb-3\"><img loading=\"lazy\" src=\"http:\/\/hoycordobaweb.com\/wp-content\/uploads\/2022\/01\/llevan-los-testeos-y-la-vacunacion-a-los-centros-turisticos-de-todo-el-pais-4.jpg\" width=\"100%\" height=\"100%\" alt=\"Las personas aguardan sentadas esperando a ser vacunadas en Santiago del Estero Foto Rapetti Emilio\"><figcaption> Las personas aguardan sentadas esperando a ser vacunadas en Santiago del Estero. Foto Rapetti Emilio <\/figcaption><\/figure>\n<h2 class>Santa Fe<\/h2>\n<p>En Santa Fe, se evaluaba la realizaci\u00f3n de las fiestas populares que se realizan en pueblos y ciudades debido a la vigencia de una resoluci\u00f3n que suspende los eventos que re\u00fanan a m\u00e1s de 500 personas.<\/p>\n<p>El ministro de la Gesti\u00f3n P\u00fablica, Marcos Corach, afirm\u00f3 este mi\u00e9rcoles que luego de la reuni\u00f3n del Cofesa a la que asisti\u00f3 su colega de Salud, Sonia Martorano, se realizaron reuniones virtuales con intendentes para dar a conocer \u00ablas conclusiones, el diagn\u00f3stico de la provincia en t\u00e9rminos epidemiol\u00f3gico y luego debatir sobre las decisiones a tomar en adelante\u00bb.<\/p>\n<p>Corach se\u00f1al\u00f3 que \u00abadem\u00e1s de cada cuesti\u00f3n particular que ten\u00eda cada uno, hab\u00eda un tema que eran los eventos masivos y fue una de las cosas que estuvimos debatiendo, en t\u00e9rminos de desaconsejar la realizaci\u00f3n de los mismos, al menos por un tiempo corto. Despu\u00e9s, lo volvemos a revisar de acuerdo a la evoluci\u00f3n de la pandemia\u00bb.<\/p>\n<h2 class>Tierra del Fuego<\/h2>\n<p>Tierra del Fuego increment\u00f3 los operativos de hisopados y vacunaci\u00f3n contra el coronavirus para enfrentar la tercera ola ante la preponderancia de la variante \u00d3micron, aunque no estableci\u00f3 ninguna medida particular vinculada al sector tur\u00edstico, confirmaron fuentes oficiales.<\/p>\n<figure class=\"mb-3\"><img loading=\"lazy\" src=\"http:\/\/hoycordobaweb.com\/wp-content\/uploads\/2022\/01\/llevan-los-testeos-y-la-vacunacion-a-los-centros-turisticos-de-todo-el-pais-5.jpg\" width=\"100%\" height=\"100%\" alt=\"Personas esperan unos minutos luego de ser inoculadas en Crdoba Foto Lescano Laura\"><figcaption> Personas esperan unos minutos luego de ser inoculadas en C\u00f3rdoba. Foto Lescano Laura <\/figcaption><\/figure>\n<p>El gobierno fueguino estableci\u00f3 lugares espec\u00edficos para la realizaci\u00f3n de testeos a personas con o sin s\u00edntomas, sin distinguir entre residentes y visitantes.<\/p>\n<p>En la ciudad de Ushuaia, donde se concentra la gran mayor\u00eda del flujo tur\u00edstico de la provincia, los hisopados se llevan adelante de lunes a s\u00e1bados en el gimnasio de una escuela.<\/p>\n<p>Las autoridades dispusieron un doble turno durante el verano, para atender por orden de llegada a quienes se presenten tanto por la ma\u00f1ana (de 7.30 a 11) como por la tarde (de 14.30 a 17).<\/p>\n<p>Los turistas que visitan Tierra del Fuego no deben cumplir con ning\u00fan requisito sanitario desde el 15 de noviembre de 2021, con excepci\u00f3n de los extranjeros que est\u00e1n sujetos a las medidas dispuestas por el Gobierno Nacional, como contar con esquema de vacunaci\u00f3n completo por lo menos catorce d\u00edas antes de su ingreso al pa\u00eds, prueba de PCR negativa 72 horas antes del ingreso, seguro de salud con cobertura para Covid-19 y la aplicaci\u00f3n Cuidar.<\/p>\n<h2 class>Tucum\u00e1n<\/h2>\n<p>En Tucum\u00e1n, debido al aumento de casos de Covid-19, todas las actividades programadas por el Ente Tucum\u00e1n Turismo en las villas veraniegas fueron adaptadas a estos requerimientos dispuestos por el Comit\u00e9 Operativo de Emergencias (COE) que consisten en la solicitud de pase sanitario; aforo en espect\u00e1culos y cupos de personas en las diferentes propuestas; e implementaci\u00f3n de protocolos para disfrutar de un verano seguro.<\/p>\n<blockquote class=\"twitter-tweet\" readability=\"4.2110091743119\">\n<p lang=\"es\" dir=\"ltr\">NACI\u00d3N-PROVINCIA: Lleg\u00f3 a Tucum\u00e1n el Cami\u00f3n Vacunatorio de \u201cEl Estado en tu Barrio\u201d para reforzar coberturas <a href=\"https:\/\/t.co\/BFa3UptM4l\">https:\/\/t.co\/BFa3UptM4l<\/a> <a href=\"https:\/\/t.co\/ErXQLuyOAh\">pic.twitter.com\/ErXQLuyOAh<\/a><\/p>\n<p>\u2014 SALUD PUBLICA TUC (@MSALUDTUC) <a href=\"https:\/\/twitter.com\/MSALUDTUC\/status\/1481313143104196619?ref_src=twsrc%5Etfw\">January 12, 2022<\/a><\/p><\/blockquote>\n<p>Asimismo, los festivales populares que se iban a desarrollar en el marco de la temporada de verano quedaron suspendidos hasta el 31 de enero, as\u00ed como tambi\u00e9n todas las actividades que re\u00fanan a m\u00e1s de 400 personas.<\/p>\n<p>\u00abEstamos en plena temporada veraniega y hoy, despu\u00e9s de dos a\u00f1os, vemos que Tucum\u00e1n se perfila para tener una de las mejores temporadas porque tenemos en nuestro Valle Calchaqu\u00ed reservas importantes que superan el 90% de ocupaci\u00f3n\u00bb, expres\u00f3 el gobernador Osvaldo Jaldo, quien llam\u00f3 a los ciudadanos \u00aba cuidar la temporada\u00bb, extremando \u00ablas medidas de cuidado para proteger al mismo tiempo la salud y las fuentes de trabajo\u00bb.<\/p>\n<p>En los centros tur\u00edsticos de Taf\u00ed del Valle y El Cadillal funcionan de lunes a s\u00e1bados, durante todo el verano, un servicio de vacunaci\u00f3n de 8 a 14 horas y de testeos de 8 a 18 horas.<\/p>\n<h2 class>Neuqu\u00e9n<\/h2>\n<p>En Neuqu\u00e9n, el director provincial de Atenci\u00f3n Primaria de la Salud, Mat\u00edas Neira, dijo a T\u00e9lam que hab\u00edan reforzado \u00abpuntualmente todo lo que es la zona sur de la provincia, la zona cuarta que ser\u00eda San Mart\u00edn de los Andes, Villa La Angostura y Jun\u00edn de los Andes\u00bb<\/p>\n<figure class=\"mb-3\"><img loading=\"lazy\" src=\"http:\/\/hoycordobaweb.com\/wp-content\/uploads\/2022\/01\/llevan-los-testeos-y-la-vacunacion-a-los-centros-turisticos-de-todo-el-pais-6.jpg\" width=\"100%\" height=\"100%\" alt=\"La vacunacin avanza a buen ritmo en San Luis Foto Ochoa Marcelo\"><figcaption> La vacunaci\u00f3n avanza a buen ritmo en San Luis. Foto Ochoa Marcelo <\/figcaption><\/figure>\n<p>\u00abEn San Mart\u00edn est\u00e1 funcionando un dispositivo de vacunaci\u00f3n en la ruta de ingreso a la localidad, que est\u00e1 vacunando muy bien e incluso Jun\u00edn de los Andes tambi\u00e9n iba a sumar un dispositivo de las mismas caracter\u00edsticas\u00bb, cont\u00f3 Neira y detall\u00f3 que funciona de 10 a 20.<\/p>\n<p>El funcionario se\u00f1al\u00f3 que se suman dispositivos de vacunaci\u00f3n en \u00abtodas las fiestas y eventos que se est\u00e1n realizando por la zona\u00bb y resalt\u00f3 que \u00abel refuerzo viene m\u00e1s que nada con incorporar estrategias que en alg\u00fan momento se hicieron en simult\u00e1neo en toda la provincia\u00bb.<\/p>\n<p>\u00abDentro de la estrategia provincial ya hace casi un mes y medio que estamos vacunando no solamente a residentes, sino tambi\u00e9n a turistas que est\u00e9n visitando la zona\u00bb, agreg\u00f3 y precis\u00f3 que \u00abno es un requisito para la vacunaci\u00f3n tener el domicilio en la provincia, sino aprovechar la oportunidad de la vacunaci\u00f3n para aquellas personas que necesiten completar un esquema o recibir un refuerzo o incluso recibir una primera dosis\u00bb. <\/p>\n","protected":false},"excerpt":{"rendered":"<p>Dos personas se realizan el test mientras permanecen en la moto en Mar del Plata. Foto Diego Izquierdo Con centros de testeos y vacunatorios itinerantes en playas, sierras, diques, paseos p\u00fablicos y en cercan\u00edas de festivales las provincias expandieron los operativos de control y vacunaci\u00f3n contra el coronavirus en plena temporada veraniega incluso con al [&hellip;]<\/p>\n","protected":false},"author":1,"featured_media":35612,"comment_status":"open","ping_status":"closed","sticky":false,"template":"","format":"standard","meta":[],"categories":[19],"tags":[],"_links":{"self":[{"href":"http:\/\/hoycordobaweb.com\/index.php\/wp-json\/wp\/v2\/posts\/35611"}],"collection":[{"href":"http:\/\/hoycordobaweb.com\/index.php\/wp-json\/wp\/v2\/posts"}],"about":[{"href":"http:\/\/hoycordobaweb.com\/index.php\/wp-json\/wp\/v2\/types\/post"}],"author":[{"embeddable":true,"href":"http:\/\/hoycordobaweb.com\/index.php\/wp-json\/wp\/v2\/users\/1"}],"replies":[{"embeddable":true,"href":"http:\/\/hoycordobaweb.com\/index.php\/wp-json\/wp\/v2\/comments?post=35611"}],"version-history":[{"count":0,"href":"http:\/\/hoycordobaweb.com\/index.php\/wp-json\/wp\/v2\/posts\/35611\/revisions"}],"wp:featuredmedia":[{"embeddable":true,"href":"http:\/\/hoycordobaweb.com\/index.php\/wp-json\/wp\/v2\/media\/35612"}],"wp:attachment":[{"href":"http:\/\/hoycordobaweb.com\/index.php\/wp-json\/wp\/v2\/media?parent=35611"}],"wp:term":[{"taxonomy":"category","embeddable":true,"href":"http:\/\/hoycordobaweb.com\/index.php\/wp-json\/wp\/v2\/categories?post=35611"},{"taxonomy":"post_tag","embeddable":true,"href":"http:\/\/hoycordobaweb.com\/index.php\/wp-json\/wp\/v2\/tags?post=35611"}],"curies":[{"name":"wp","href":"https:\/\/api.w.org\/{rel}","templated":true}]}}