{"id":35603,"date":"2022-01-12T19:28:05","date_gmt":"2022-01-12T19:28:05","guid":{"rendered":"https:\/\/www.ole.com.ar\/futbol-internacional\/america\/alexandre-pato-sao-paulo-brasil-mls_0_NMXAkLD2H.html"},"modified":"2022-01-12T19:28:05","modified_gmt":"2022-01-12T19:28:05","slug":"otra-figura-que-podria-volver-a-brasil","status":"publish","type":"post","link":"http:\/\/hoycordobaweb.com\/index.php\/2022\/01\/12\/otra-figura-que-podria-volver-a-brasil\/","title":{"rendered":"Otra figura que podr\u00eda volver a Brasil"},"content":{"rendered":"<p><img src=\"http:\/\/hoycordobaweb.com\/wp-content\/uploads\/2022\/01\/otra-figura-que-podria-volver-a-brasil.jpg\"><\/p>\n<p>En Brasil siguen haciendo de las suyas. La diferencia de billetera y entre las incorporaciones realizadas por los conjuntos del f\u00fatbol brasile\u00f1o y la del resto de Sudam\u00e9rica no para de agrandarse. Ahora, para alargar la lista, <strong><a alt=\"sao-paulo\" class=\"slug\" href=\"https:\/\/www.ole.com.ar\/tema\/sao-paulo.html\" target=\"_blank\" title=\"sao-paulo\" rel=\"noopener noreferrer\">Sao Paulo<\/a> sonde\u00f3 a un gran delantero para que pegue la vuelta: <a alt=\"alexandre-pato\" class=\"slug\" href=\"https:\/\/www.ole.com.ar\/tema\/alexandre-pato.html\" target=\"_blank\" title=\"alexandre-pato\" rel=\"noopener noreferrer\">Alexandre Pato<\/a> podr\u00eda regresar al Morumbi.<\/strong><\/p>\n<p>Pato lleg\u00f3 como una de las grandes incorporaciones a la <a alt=\"major-league-soccer\" class=\"slug\" href=\"https:\/\/www.ole.com.ar\/tema\/major-league-soccer.html\" target=\"_blank\" title=\"major-league-soccer\" rel=\"noopener noreferrer\">Major League Soccer<\/a>. Despu\u00e9s de estar unos meses sin equipo, firm\u00f3 con el <a alt=\"orlando-city\" class=\"slug\" href=\"https:\/\/www.ole.com.ar\/tema\/orlando-city.html\" target=\"_blank\" title=\"orlando-city\" rel=\"noopener noreferrer\">Orlando City<\/a> en febrero de 2021 y fue uno de los bombas del mercado en Estados Unidos. Lamentablemente, lo que acarreaba elevadas expectativas, termin\u00f3 como una de las desiluciones.<\/p>\n<div class=\"sp__Normal\">\n<div class=\"image-embeb image-trigger\" readability=\"6\">\n<picture><source media=\"(min-width: 720px)\" srcset=\"http:\/\/hoycordobaweb.com\/wp-content\/uploads\/2022\/01\/otra-figura-que-podria-volver-a-brasil-2.jpg\"><img itemprop=\"image\" src=\"http:\/\/hoycordobaweb.com\/wp-content\/uploads\/2022\/01\/otra-figura-que-podria-volver-a-brasil-2.jpg\" loading=\"lazy\" alt=\"No consigui\u00f3 demostrar en la MLS por las lesiones. (Foto: Instagram)\">\n<\/picture><figcaption readability=\"2\">\n<p>No consigui\u00f3 demostrar en la MLS por las lesiones. (Foto: Instagram)\n<\/p>\n<\/figcaption><\/div>\n<\/div>\n<div class=\"sp__SM\">\n<div class=\"content-new \">\n<span class=\"tit-mobile\">Mir\u00e1 tambi\u00e9n<\/span><\/p>\n<div class=\"mg\">\n<div class=\"wrap-figure\">\n<picture>\n<a href=\"https:\/\/www.ole.com.ar\/futbol-internacional\/america\/universidad-chile-estadio-beisbol-_0_WI4Q5C0NG.html\" target=\"_self\" rel=\"noopener noreferrer\"><br \/>\n<img class=\"img-responsive\" alt=\"La lucha de un grande de Sudam\u00e9rica por tener estadio: ahora se lo rob\u00f3 el b\u00e9isbol\" src=\"http:\/\/hoycordobaweb.com\/wp-content\/uploads\/2022\/01\/otra-figura-que-podria-volver-a-brasil-3.jpg\" loading=\"lazy\"><br \/>\n<\/a>\n<\/picture>\n<\/div>\n<\/div><\/div>\n<\/div>\n<p>Las lesiones fueron determinantes para truncar las ambiciones del ex <a alt=\"milan\" class=\"slug\" href=\"https:\/\/www.ole.com.ar\/tema\/milan.html\" target=\"_blank\" title=\"milan\" rel=\"noopener noreferrer\">Milan<\/a> en la MLS. No consigui\u00f3 regularidad en Florida a causa de una operaci\u00f3n de rodilla que lo margin\u00f3 de las canchas durante m\u00e1s de cinco meses. <strong>S\u00f3lo consigui\u00f3 disputar cinco encuentros, donde no lleg\u00f3 a sumar m\u00e1s de 120 minutos.<\/strong><\/p>\n<p>Su futuro en EE.U. es una incertidumbre y es por eso que desde Brasil ya empiezan a tantear su situaci\u00f3n.<strong> Ya recuperado, es un anhelo en Sao Paulo<\/strong>, seg\u00fan inform\u00f3 GloboEsporte. El exfutbolista y actual locutor Craque&nbsp;Neto revel\u00f3 los intereses que tienen desde la entidad paulista, aunque parece que no todos en el club est\u00e1n de acuerdo con la vuelta del delantero.<\/p>\n<div class=\"sp__Normal\">\n<div class=\"image-embeb image-trigger\">\n<picture><source media=\"(min-width: 720px)\" srcset=\"http:\/\/hoycordobaweb.com\/wp-content\/uploads\/2022\/01\/otra-figura-que-podria-volver-a-brasil-4.jpg\"><img itemprop=\"image\" src=\"http:\/\/hoycordobaweb.com\/wp-content\/uploads\/2022\/01\/otra-figura-que-podria-volver-a-brasil-4.jpg\" loading=\"lazy\" alt=\"\u00bfVolver\u00e1 a Sao Paulo?\">\n<\/picture><figcaption>\n<p>\u00bfVolver\u00e1 a Sao Paulo?\n<\/p>\n<\/figcaption><\/div>\n<\/div>\n<div class=\"sp__SM\">\n<div class=\"content-new \">\n<span class=\"tit-mobile\">Mir\u00e1 tambi\u00e9n<\/span><\/p>\n<div class=\"mg\">\n<div class=\"wrap-figure\">\n<picture>\n<a href=\"https:\/\/www.ole.com.ar\/futbol-internacional\/james-rodriguez-salvo-vida-companero-_0_VIcJqzKwx.html\" target=\"_self\" rel=\"noopener noreferrer\"><br \/>\n<img class=\"img-responsive\" alt=\"El rol clave de James Rodr\u00edguez para salvarle la vida a su compa\u00f1ero\" src=\"http:\/\/hoycordobaweb.com\/wp-content\/uploads\/2022\/01\/otra-figura-que-podria-volver-a-brasil-5.jpg\" loading=\"lazy\"><br \/>\n<\/a>\n<\/picture>\n<\/div>\n<\/div><\/div>\n<\/div>\n<p>Los dirigentes dio el OK, los hinchas acompa\u00f1an, pero Rogerio Ceni, DT del equipo, le baj\u00f3 el pulgar. <strong>\u00abLo quiere la directiva, lo quiere parte del p\u00fablico y quien realmente no lo quiere es el entrenador\u00bb<\/strong>, se\u00f1al\u00f3 Neto, aclarando que Ceni pretender jugadores de otras caracter\u00edsticas y cualidades.<\/p>\n<p>Pato podr\u00eda optar por una revancha en la MLS despu\u00e9s de una temporada compleja donde no pudo retribuirle a Orlando City la confianza, pero tambi\u00e9n tira la oportunidad de tener una tercera etapa en el Tricolor. <strong>\u00bfQu\u00e9 har\u00e1 en su futuro? La temporada en Estados Unidos comienza el s\u00e1bado 26 de febrero, mientras que el Brasileirao har\u00e1 lo propio en abril.<\/strong><\/p>\n<div class=\"sp__SM\">\n<div class=\"content-new \">\n<span class=\"tit-mobile\">Mir\u00e1 tambi\u00e9n<\/span><\/p>\n<div class=\"mg\">\n<div class=\"wrap-figure\">\n<picture>\n<a href=\"https:\/\/www.ole.com.ar\/futbol-internacional\/america\/junior-barranquilla-abono-fichajes-burla_0_KNggYIM0N.html\" target=\"_self\" rel=\"noopener noreferrer\"><br \/>\n<img class=\"img-responsive\" alt=\"Lanzaron un spot promocional para vender abonos y todos se burlaron\" src=\"http:\/\/hoycordobaweb.com\/wp-content\/uploads\/2022\/01\/otra-figura-que-podria-volver-a-brasil-6.jpg\" loading=\"lazy\"><br \/>\n<\/a>\n<\/picture>\n<\/div>\n<\/div><\/div>\n<\/div>\n<h2><strong>El futuro de Pato<\/strong><\/h2>\n<p>El delantero\u200b ex Inter, Chelsea y Corinthians, entre otros, public\u00f3 una enigm\u00e1tica foto el pasado 8 de enero, donde se lo ve con una lapicera en la mano \u00bfa la espera de firmar su nuevo contrato? <strong>Los medios brasile\u00f1os aclararon que pese a los deseos existentes en Brasil, ya est\u00e1 en negociaciones para extender su v\u00ednculo en Orlando.<\/strong><\/p>\n<div class=\"sp__SM\">\n<div class=\"content-new \">\n<span class=\"tit-mobile\">Mir\u00e1 tambi\u00e9n<\/span><\/p>\n<div class=\"mg\">\n<div class=\"wrap-figure\">\n<picture>\n<a href=\"https:\/\/www.ole.com.ar\/futbol-internacional\/arbitro-tunez-mali-copa-africa-veces_0_YV8D7AViV.html\" target=\"_self\" rel=\"noopener noreferrer\"><br \/>\n<img class=\"img-responsive\" alt=\"Ins\u00f3lito: a destiempo, un \u00e1rbitro termin\u00f3 dos veces un partido en la Copa \u00c1frica\" src=\"http:\/\/hoycordobaweb.com\/wp-content\/uploads\/2022\/01\/otra-figura-que-podria-volver-a-brasil-7.jpg\" loading=\"lazy\"><br \/>\n<\/a>\n<\/picture>\n<\/div>\n<\/div><\/div>\n<\/div>\n<h2><strong>En Brasil se llenan de figuras<\/strong><\/h2>\n<p>Mientras <a alt=\"river-plate\" class=\"slug\" href=\"https:\/\/www.ole.com.ar\/tema\/river-plate.html\" target=\"_blank\" title=\"river-plate\" rel=\"noopener noreferrer\">River<\/a> y <a alt=\"boca-juniors\" class=\"slug\" href=\"https:\/\/www.ole.com.ar\/tema\/boca-juniors.html\" target=\"_blank\" title=\"boca-juniors\" rel=\"noopener noreferrer\">Boca<\/a>, los \u00fanicos locales que parecen pelearle en ese rubro, se ilusionan con concretar los regresos de <strong><a alt=\"juan-fernando-quintero\" class=\"slug\" href=\"https:\/\/www.ole.com.ar\/tema\/juan-fernando-quintero.html\" target=\"_blank\" title=\"juan-fernando-quintero\" rel=\"noopener noreferrer\">Juan Fernando Quintero<\/a><\/strong> y <strong><a alt=\"dario-benedetto\" class=\"slug\" href=\"https:\/\/www.ole.com.ar\/tema\/dario-benedetto.html\" target=\"_blank\" title=\"dario-benedetto\" rel=\"noopener noreferrer\">Dar\u00edo Benedetto<\/a><\/strong> respectivamente, del otro lado de las Cataratas<strong> el Atl\u00e9tico Mineiro abroch\u00f3 el arribo de <a alt=\"diego-godin\" class=\"slug\" href=\"https:\/\/www.ole.com.ar\/tema\/diego-godin.html\" target=\"_blank\" title=\"diego-godin\" rel=\"noopener noreferrer\">Diego God\u00edn<\/a>.\u200b<\/strong><\/p>\n<div class=\"sp__Normal\">\n<div class=\"image-embeb image-trigger\" readability=\"6\">\n<picture><source media=\"(min-width: 720px)\" srcset=\"http:\/\/hoycordobaweb.com\/wp-content\/uploads\/2022\/01\/otra-figura-que-podria-volver-a-brasil-8.jpg\"><img itemprop=\"image\" src=\"http:\/\/hoycordobaweb.com\/wp-content\/uploads\/2022\/01\/otra-figura-que-podria-volver-a-brasil-8.jpg\" loading=\"lazy\" alt=\"God\u00edn ir\u00e1 al Mineiro. (REUTERS\/Alessandro Garofalo)\">\n<\/picture><figcaption readability=\"2\">\n<p>God\u00edn ir\u00e1 al Mineiro. (REUTERS\/Alessandro Garofalo)\n<\/p>\n<\/figcaption><\/div>\n<\/div>\n<div class=\"sp__SM\">\n<div class=\"content-new \">\n<span class=\"tit-mobile\">Mir\u00e1 tambi\u00e9n<\/span><\/p>\n<div class=\"mg\">\n<div class=\"wrap-figure\">\n<picture>\n<a href=\"https:\/\/www.ole.com.ar\/futbol-internacional\/espana\/insigne-mls-simeone-atletico-madrid_0_lQhAb_jlo.html\" target=\"_self\" rel=\"noopener noreferrer\"><br \/>\n<img class=\"img-responsive\" alt=\"Insigne eligi\u00f3 la MLS antes que al Cholo Simeone\" src=\"http:\/\/hoycordobaweb.com\/wp-content\/uploads\/2022\/01\/otra-figura-que-podria-volver-a-brasil-9.jpg\" loading=\"lazy\"><br \/>\n<\/a>\n<\/picture>\n<\/div>\n<\/div><\/div>\n<\/div>\n<p>El charr\u00faa, que pas\u00f3 de Nacional al Villarreal en 2007 y despu\u00e9s defendi\u00f3 los colores del Atl\u00e9tico Madrid, Inter y Cagliari, firmar\u00e1 por dos temporadas con el Galo. Al concretarse, el Brasileirao sumar\u00e1 una nueva estrella internacional que refuerza al campeonato de un pa\u00eds que viene de ganar cuatro de las \u00faltimas cinco ediciones de la Libertadores. Ac\u00e1, un repaso de c\u00f3mo se dieron las \u00faltimas incorporaciones m\u00e1s rutilantes.<strong>\u200b<\/strong><\/p>\n<p><strong><a alt=\"flamengo\" class=\"slug\" href=\"https:\/\/www.ole.com.ar\/tema\/flamengo.html\" target=\"_blank\" title=\"flamengo\" rel=\"noopener noreferrer\">Flamengo<\/a><\/strong> es uno de los equipos m\u00e1s fuertes econ\u00f3mica y deportivamente en Brasil. La cantidad de hinchas que moviliza (el club ganar\u00e1 26 millones de d\u00f3lares solo de la venta de entradas y del ingreso que generan los socios abonando su cuota) le permite contar con figuras que en el pasado reciente la romp\u00edan en Europa.<\/p>\n<div class=\"sp__Normal\">\n<div class=\"image-embeb image-trigger\" readability=\"6\">\n<picture><source media=\"(min-width: 720px)\" srcset=\"http:\/\/hoycordobaweb.com\/wp-content\/uploads\/2022\/01\/otra-figura-que-podria-volver-a-brasil-10.jpg\"><img itemprop=\"image\" src=\"http:\/\/hoycordobaweb.com\/wp-content\/uploads\/2022\/01\/otra-figura-que-podria-volver-a-brasil-10.jpg\" loading=\"lazy\" alt=\"Las estrellas del Brasileirao. (REUTERS\/Agustin Marcarian)\">\n<\/picture><figcaption readability=\"2\">\n<p>Las estrellas del Brasileirao. (REUTERS\/Agustin Marcarian)\n<\/p>\n<\/figcaption><\/div>\n<\/div>\n<div class=\"sp__SM\">\n<div class=\"content-new \">\n<span class=\"tit-mobile\">Mir\u00e1 tambi\u00e9n<\/span><\/p>\n<div class=\"mg\">\n<div class=\"wrap-figure\">\n<picture>\n<a href=\"https:\/\/www.ole.com.ar\/futbol-internacional\/inglaterra\/gol-festejo-cara-ex-dt-_0_ucWsaPZOC.html\" target=\"_self\" rel=\"noopener noreferrer\"><br \/>\n<img class=\"img-responsive\" alt=\"Le hizo un gol a su ex equipo, pidi\u00f3 disculpas y se lo grit\u00f3 en la cara al DT\" src=\"http:\/\/hoycordobaweb.com\/wp-content\/uploads\/2022\/01\/otra-figura-que-podria-volver-a-brasil-11.jpg\" loading=\"lazy\"><br \/>\n<\/a>\n<\/picture>\n<\/div>\n<\/div><\/div>\n<\/div>\n<p>David Luiz, que brill\u00f3 en Chelsea, Arsenal, PSG y Benfica, lleg\u00f3 en condici\u00f3n de libre en el pasado mes de septiembre, mientras que Andreas Pereira fue cedido desde el Manchester United y Filipe Lu\u00eds (con paso por Atl\u00e9tico Madrid, Deportivo La Coru\u00f1a y Chelsea), tambi\u00e9n se sum\u00f3 a mediados del a\u00f1o pasado sin costo de transferencia. A sus elevados salarios se les suma el de Gabigol, goleador de la Verdeamarelha que siguen de cerca varios equipos de la Premier League y el de Kenedy, que a sus 25 a\u00f1os dej\u00f3 a los de Stamford Bridge para jugar en el Fla.<\/p>\n<p><strong>Inter<\/strong>, que recientemente celebr\u00f3 el regreso de Andr\u00e9s D&#8217;Alessandro a la instituci\u00f3n, d\u00edas atr\u00e1s hab\u00eda sellado la cesi\u00f3n de Wesley por un a\u00f1o, proveniente del Aston Villa. Al ex Brujas se le sum\u00f3 Kaique Rocha, que a sus 20 a\u00f1os no cuenta con tanta experiencia pero presume de un breve paso por la Sampdoria de la Serie A italiana.<\/p>\n<p><strong>Atl\u00e9tico Mineiro<\/strong>, vigente campe\u00f3n del torneo brasile\u00f1o, adquiri\u00f3 a God\u00edn y no piensa detenerse en el objetivo de jerarquizar un plantel que ir\u00e1 por la Libertadores. Diego Costa (Atl\u00e9tico Madrid y Chelsea como m\u00e1s destacados) y Hulk (Zenit y Porto) llegaron en mercados anteriores, al igual que Nathan y Allan, incorporados desde Chelsea y Liverpool respectivamente.<\/p>\n<div class=\"sp__Normal\">\n<div class=\"image-embeb image-trigger\" readability=\"6\">\n<picture><source media=\"(min-width: 720px)\" srcset=\"http:\/\/hoycordobaweb.com\/wp-content\/uploads\/2022\/01\/otra-figura-que-podria-volver-a-brasil-12.jpg\"><img itemprop=\"image\" src=\"http:\/\/hoycordobaweb.com\/wp-content\/uploads\/2022\/01\/otra-figura-que-podria-volver-a-brasil-12.jpg\" loading=\"lazy\" alt=\"Las figuras del Mineiro. (REUTERS\/Rodolfo Buhrer)\">\n<\/picture><figcaption readability=\"2\">\n<p>Las figuras del Mineiro. (REUTERS\/Rodolfo Buhrer)\n<\/p>\n<\/figcaption><\/div>\n<\/div>\n<div class=\"sp__SM\">\n<div class=\"content-new \">\n<span class=\"tit-mobile\">Mir\u00e1 tambi\u00e9n<\/span><\/p>\n<div class=\"mg\">\n<div class=\"wrap-figure\">\n<picture>\n<a href=\"https:\/\/www.ole.com.ar\/futbol-internacional\/espana\/alvaro-cervera-cadiz-descenso-ovacion_0_XAHcadGBg.html\" target=\"_self\" rel=\"noopener noreferrer\"><br \/>\n<img class=\"img-responsive\" alt=\"Entrenador dej\u00f3 al equipo en zona de descenso y los hinchas lo despidieron con una ovaci\u00f3n\" src=\"http:\/\/hoycordobaweb.com\/wp-content\/uploads\/2022\/01\/otra-figura-que-podria-volver-a-brasil-13.jpg\" loading=\"lazy\"><br \/>\n<\/a>\n<\/picture>\n<\/div>\n<\/div><\/div>\n<\/div>\n<p><strong>Fluminense<\/strong>&nbsp;hace varios meses que cuenta con Felipe Melo, un hist\u00f3rico del Brasileirao que supo triunfar en el Inter, Juventus y Galatasaray, entre otros europeos. Adem\u00e1s, el Flu avanza en las negociaciones para sumar a Nani, el portugu\u00e9s que brill\u00f3 en el Manchester United con Cristiano Ronaldo y en las \u00faltimas temporadas jug\u00f3 en la MLS para el Orlando City.<\/p>\n<div class=\"sp__SM\">\n<div class=\"content-new \">\n<span class=\"tit-mobile\">Mir\u00e1 tambi\u00e9n<\/span><\/p>\n<div class=\"mg\">\n<div class=\"wrap-figure\">\n<picture>\n<a href=\"https:\/\/www.ole.com.ar\/informacion-general\/aaron-astudillo-descompenso-infarto_0_FaSntFA5J.html\" target=\"_self\" rel=\"noopener noreferrer\"><br \/>\n<img class=\"img-responsive\" alt=\"Susto en Chile: un jugador se descompens\u00f3 durante un amistoso\" src=\"http:\/\/hoycordobaweb.com\/wp-content\/uploads\/2022\/01\/otra-figura-que-podria-volver-a-brasil-14.jpg\" loading=\"lazy\"><br \/>\n<\/a>\n<\/picture>\n<\/div>\n<\/div><\/div>\n<\/div>\n<div class=\"entry-tags\">\n<h2>TEMAS QUE APARECEN EN ESTA NOTA<\/h2>\n<\/p><\/div>\n","protected":false},"excerpt":{"rendered":"<p>En Brasil siguen haciendo de las suyas. La diferencia de billetera y entre las incorporaciones realizadas por los conjuntos del f\u00fatbol brasile\u00f1o y la del resto de Sudam\u00e9rica no para de agrandarse. Ahora, para alargar la lista, Sao Paulo sonde\u00f3 a un gran delantero para que pegue la vuelta: Alexandre Pato podr\u00eda regresar al Morumbi. [&hellip;]<\/p>\n","protected":false},"author":1,"featured_media":35604,"comment_status":"open","ping_status":"closed","sticky":false,"template":"","format":"standard","meta":[],"categories":[16],"tags":[],"_links":{"self":[{"href":"http:\/\/hoycordobaweb.com\/index.php\/wp-json\/wp\/v2\/posts\/35603"}],"collection":[{"href":"http:\/\/hoycordobaweb.com\/index.php\/wp-json\/wp\/v2\/posts"}],"about":[{"href":"http:\/\/hoycordobaweb.com\/index.php\/wp-json\/wp\/v2\/types\/post"}],"author":[{"embeddable":true,"href":"http:\/\/hoycordobaweb.com\/index.php\/wp-json\/wp\/v2\/users\/1"}],"replies":[{"embeddable":true,"href":"http:\/\/hoycordobaweb.com\/index.php\/wp-json\/wp\/v2\/comments?post=35603"}],"version-history":[{"count":0,"href":"http:\/\/hoycordobaweb.com\/index.php\/wp-json\/wp\/v2\/posts\/35603\/revisions"}],"wp:featuredmedia":[{"embeddable":true,"href":"http:\/\/hoycordobaweb.com\/index.php\/wp-json\/wp\/v2\/media\/35604"}],"wp:attachment":[{"href":"http:\/\/hoycordobaweb.com\/index.php\/wp-json\/wp\/v2\/media?parent=35603"}],"wp:term":[{"taxonomy":"category","embeddable":true,"href":"http:\/\/hoycordobaweb.com\/index.php\/wp-json\/wp\/v2\/categories?post=35603"},{"taxonomy":"post_tag","embeddable":true,"href":"http:\/\/hoycordobaweb.com\/index.php\/wp-json\/wp\/v2\/tags?post=35603"}],"curies":[{"name":"wp","href":"https:\/\/api.w.org\/{rel}","templated":true}]}}