{"id":35599,"date":"2022-01-12T20:25:40","date_gmt":"2022-01-12T20:25:40","guid":{"rendered":"https:\/\/www.ole.com.ar\/torneo-verano-2022\/historico-colo-colo-chile_0_e4EqjMjJ1.html"},"modified":"2022-01-12T20:25:40","modified_gmt":"2022-01-12T20:25:40","slug":"por-que-es-historico-el-colo-colo-u-de-chile-que-se-jugara-en-la-plata","status":"publish","type":"post","link":"http:\/\/hoycordobaweb.com\/index.php\/2022\/01\/12\/por-que-es-historico-el-colo-colo-u-de-chile-que-se-jugara-en-la-plata\/","title":{"rendered":"\u00bfPor qu\u00e9 es hist\u00f3rico el Colo Colo-U de Chile que se jugar\u00e1 en La Plata?"},"content":{"rendered":"<p><img src=\"http:\/\/hoycordobaweb.com\/wp-content\/uploads\/2022\/01\/por-que-es-historico-el-colo-colo-u-de-chile-que-se-jugara-en-la-plata.jpg\"><\/p>\n<p>Hace m\u00e1s de un mes que la pelota dej\u00f3 de rodar en la Argentina y la abstinencia de ver un partido de f\u00fatbol \u00abpor los puntos\u00bb se vuelve cada vez m\u00e1s aguda. Por eso, a mediados de enero volver\u00e1 el famoso y tan ansiado Torneo de Verano, donde participar\u00e1n grandes equipos como <a alt=\"boca-juniors\" class=\"slug\" href=\"https:\/\/www.ole.com.ar\/tema\/boca-juniors.html\" target=\"_blank\" title=\"boca-juniors\" rel=\"noopener noreferrer\">Boca<\/a>, <a alt=\"club-atletico-independiente\" class=\"slug\" href=\"https:\/\/www.ole.com.ar\/tema\/club-atletico-independiente.html\" target=\"_blank\" title=\"club-atletico-independiente\" rel=\"noopener noreferrer\">Independiente<\/a>, <a alt=\"san-lorenzo\" class=\"slug\" href=\"https:\/\/www.ole.com.ar\/tema\/san-lorenzo.html\" target=\"_blank\" title=\"san-lorenzo\" rel=\"noopener noreferrer\">San Lorenzo<\/a> y <a alt=\"talleres-de-cordoba\" class=\"slug\" href=\"https:\/\/www.ole.com.ar\/tema\/talleres-de-cordoba.html\" target=\"_blank\" title=\"talleres-de-cordoba\" rel=\"noopener noreferrer\">Talleres<\/a>. Y claro, <strong>habr\u00e1 dos invitados de lujo:<\/strong> <strong><a alt=\"colo-colo\" class=\"slug\" href=\"https:\/\/www.ole.com.ar\/tema\/colo-colo.html\" target=\"_blank\" title=\"colo-colo\" rel=\"noopener noreferrer\">Colo-Colo<\/a> y la <a alt=\"universidad-de-chile\" class=\"slug\" href=\"https:\/\/www.ole.com.ar\/tema\/universidad-de-chile.html\" target=\"_blank\" title=\"universidad-de-chile\" rel=\"noopener noreferrer\">Universidad de Chile<\/a><\/strong>, dos de los elencos m\u00e1s grandes del pa\u00eds trasandino.<\/p>\n<div class=\"sp__Normal\">\n<div class=\"image-embeb image-trigger\" readability=\"6\">\n<picture><source media=\"(min-width: 720px)\" srcset=\"http:\/\/hoycordobaweb.com\/wp-content\/uploads\/2022\/01\/por-que-es-historico-el-colo-colo-u-de-chile-que-se-jugara-en-la-plata-2.jpg\"><img itemprop=\"image\" src=\"http:\/\/hoycordobaweb.com\/wp-content\/uploads\/2022\/01\/por-que-es-historico-el-colo-colo-u-de-chile-que-se-jugara-en-la-plata-2.jpg\" loading=\"lazy\" alt=\"Colo Colo se qued\u00f3 con el \u00faltimo cl\u00e1sico (Foto: Prensa Colo Colo)\">\n<\/picture><figcaption readability=\"2\">\n<p>Colo Colo se qued\u00f3 con el \u00faltimo cl\u00e1sico (Foto: Prensa Colo Colo)\n<\/p>\n<\/figcaption><\/div>\n<\/div>\n<p>El 2022 arranca con todo y este encuentro entre los dos equipos trasandinos tendr\u00e1 un ingrediente que lo hace muy especial: <strong>ser\u00e1 la primera vez que el cl\u00e1sico chileno se juegue fuera de su&nbsp;pa\u00eds<\/strong>. <mark>\u00bfD\u00f3nde lo har\u00e1n? en el estadio Uno, el nuevo e imponente estadio de Estudiantes de La Plata<\/mark> que ser\u00e1 la \u00fanica sede del campeonato veraniego.<\/p>\n<div class=\"sp__SM\">\n<div class=\"content-new \">\n<span class=\"tit-mobile\">Mir\u00e1 tambi\u00e9n<\/span><\/p>\n<div class=\"mg\">\n<div class=\"wrap-figure\">\n<picture>\n<a href=\"https:\/\/www.ole.com.ar\/futbol-primera\/mega-torneo-verano-boca-independiente_0_whk6YbTia.html\" target=\"_self\" rel=\"noopener noreferrer\"><br \/>\n<img class=\"img-responsive\" alt=\"Cu\u00e1ndo arranca y todo lo que ten\u00e9s que saber sobre el torneo de verano\" src=\"http:\/\/hoycordobaweb.com\/wp-content\/uploads\/2022\/01\/por-que-es-historico-el-colo-colo-u-de-chile-que-se-jugara-en-la-plata-3.jpg\" loading=\"lazy\"><br \/>\n<\/a>\n<\/picture>\n<\/div>\n<\/div><\/div>\n<\/div>\n<p>A apenas unos d\u00edas&nbsp;para el comienzo del torneo, el duelo entre el Cacique&nbsp;y la U ya tiene fecha y hora. <strong>Se jugar\u00e1 el viernes 14 de enero desde las 21.00<\/strong>&nbsp;en lo que ser\u00e1&nbsp;la inauguraci\u00f3n de la competencia, que finalizar\u00e1 el martes 25 del mismo mes, cuando se conozca al campe\u00f3n.<\/p>\n<div class=\"sp__Normal htmlLibre\">\n<div class=\"embed-responsive-c\" readability=\"8.1117478510029\">\n<blockquote class=\"twitter-tweet\" readability=\"10.246418338109\">\n<p lang=\"es\" dir=\"ltr\">Este viernes no puedo, juega la U! \ud83e\udd18\u26bd\ufe0f<br \/>Desde las 21:00 horas, viviremos nuestro debut en el Torneo de Verano con el primer Supercl\u00e1sico del a\u00f1o en el Estadio Uno de La Plata, Buenos Aires \ud83c\udde6\ud83c\uddf7\ud83c\udfdf<\/p>\n<p>Transmisi\u00f3n en vivo por Star Plus \ud83d\udcf2\ud83d\udcbb<a href=\"https:\/\/twitter.com\/hashtag\/VamosLaU?src=hash&amp;ref_src=twsrc%5Etfw\">#VamosLaU<\/a> \ud83d\udd35\ud83d\udd34 <a href=\"https:\/\/t.co\/FUfqTzs6Uh\">pic.twitter.com\/FUfqTzs6Uh<\/a><\/p>\n<p>\u2014 Universidad de Chile (@udechile) <a href=\"https:\/\/twitter.com\/udechile\/status\/1480610363427241989?ref_src=twsrc%5Etfw\">January 10, 2022<\/a><\/p><\/blockquote><\/div>\n<\/div>\n<p>Cabe destacar <mark>que Colo Colo se encuentra realizando la pretemporada en el pa\u00eds<\/mark> y en la semana disput\u00f3 dos amistosos contra <a alt=\"fenix\" class=\"slug\" href=\"https:\/\/www.ole.com.ar\/tema\/fenix.html\" target=\"_blank\" title=\"fenix\" rel=\"noopener noreferrer\">F\u00e9nix<\/a>, en los cuales se impuso por la m\u00ednima. <strong>La U, por su parte, viajar\u00e1 a la Argentina un dia antes del encuentro con el Cacique<\/strong> y no&nbsp;bien termine su participaci\u00f3n en el torneo&nbsp;retornar\u00e1 a Chile.<\/p>\n<div class=\"sp__Normal htmlLibre\">\n<div class=\"embed-responsive-c\" readability=\"7.2330623306233\">\n<blockquote class=\"twitter-tweet\" readability=\"8.5094850948509\">\n<p lang=\"es\" dir=\"ltr\">\ud83c\udfa5\u26bd\ufe0f \u00a1LOS GOLES!<\/p>\n<p>Este martes jugamos un amistoso ante Club Atl\u00e9tico F\u00e9nix de Argentina \ud83c\udde6\ud83c\uddf7<\/p>\n<p>En el primer bloque ganamos por 1-0 con gol de Opazo, en el segundo repetimos marcador con anotaci\u00f3n de Santos y en el tercer bloque convirtieron Morales y Oroz. <a href=\"https:\/\/twitter.com\/hashtag\/VamosPorTodo?src=hash&amp;ref_src=twsrc%5Etfw\">#VamosPorTodo<\/a> \ud83d\udc4a\ud83c\udffc\u26aa\ufe0f\u26ab\ufe0f <a href=\"https:\/\/t.co\/l1CpCUEIc2\">pic.twitter.com\/l1CpCUEIc2<\/a><\/p>\n<p>\u2014 Colo-Colo (@ColoColo) <a href=\"https:\/\/twitter.com\/ColoColo\/status\/1480942897281314816?ref_src=twsrc%5Etfw\">January 11, 2022<\/a><\/p><\/blockquote><\/div>\n<\/div>\n<p>Si bien ambos equipos se han cruzado centenares de veces por el torneo de su pa\u00eds, es importante remarcar que, desde 1935, <strong>han jugado 65 amistosos<\/strong>. A\u00fan as\u00ed, y al igual que en el historial \u00abpor los puntos\u00bb,&nbsp;Colo Colo le saca una peque\u00f1a ventaja a su&nbsp;rival<\/p>\n<p> <strong><mark>Los blanquinegros apenas superan a la U por dos triunfos<\/mark><\/strong>. En total,&nbsp;24 veces se llev\u00f3 el cl\u00e1sico el Cacique y&nbsp;22 los universitarios. Adem\u00e1s, acumulan&nbsp;19 empates.<\/p>\n<div class=\"sp__SM\">\n<div class=\"content-new \">\n<span class=\"tit-mobile\">Mir\u00e1 tambi\u00e9n<\/span><\/p>\n<div class=\"mg\">\n<div class=\"wrap-figure\">\n<picture>\n<a href=\"https:\/\/www.ole.com.ar\/torneo-verano-2022\/torneo-verano-entradas_0_ZE63807hy.html\" target=\"_self\" rel=\"noopener noreferrer\"><br \/>\n<img class=\"img-responsive\" alt=\"Torneo de Verano 2022: c\u00f3mo comprar las entradas\" src=\"http:\/\/hoycordobaweb.com\/wp-content\/uploads\/2022\/01\/por-que-es-historico-el-colo-colo-u-de-chile-que-se-jugara-en-la-plata-4.jpg\" loading=\"lazy\"><br \/>\n<\/a>\n<\/picture>\n<\/div>\n<\/div><\/div>\n<\/div>\n<h2><strong>EL TORNEO<\/strong><\/h2>\n<div class=\"sp__Normal\">\n<div class=\"image-embeb image-trigger\" readability=\"6\">\n<picture><source media=\"(min-width: 720px)\" srcset=\"http:\/\/hoycordobaweb.com\/wp-content\/uploads\/2022\/01\/por-que-es-historico-el-colo-colo-u-de-chile-que-se-jugara-en-la-plata-5.jpg\"><img itemprop=\"image\" src=\"http:\/\/hoycordobaweb.com\/wp-content\/uploads\/2022\/01\/por-que-es-historico-el-colo-colo-u-de-chile-que-se-jugara-en-la-plata-5.jpg\" loading=\"lazy\" alt=\"El Torneo de Verano 2022. Foto: @ESPNArgentina.\">\n<\/picture><figcaption readability=\"2\">\n<p>El Torneo de Verano 2022. Foto: @ESPNArgentina.\n<\/p>\n<\/figcaption><\/div>\n<\/div>\n<p><strong>\u200b<\/strong>Con la confirmaci\u00f3n de que todo el certamen se disputar\u00e1 en el estadio Uno de Estudiantes, <strong><mark>el torneo se dividir\u00e1 en dos grupos (A y B), con tres equipos en cada uno<\/mark><\/strong>. Boca compartir\u00e1 su zona con los chilenos, Colo-Colo y Universidad de Chile, mientras que Independiente, San Lorenzo y Talleres integrar\u00e1n la restante.<\/p>\n<p><mark>Los enfrentamientos, solo uno contra cada club, tendr\u00e1n lugar desde el viernes 14 al martes 25 de enero<\/mark>, d\u00eda en el que se disputar\u00e1 la final entre los ganadores de cada grupo. De este modo, Argentina se asegurar\u00e1 uno de los dos cupos en la definici\u00f3n, mientras que los de Chile deber\u00e1n quitarle esa posibilidad a Boca.<\/p>\n<div class=\"sp__SM\">\n<div class=\"content-new \">\n<span class=\"tit-mobile\">Mir\u00e1 tambi\u00e9n<\/span><\/p>\n<div class=\"mg\">\n<div class=\"wrap-figure\">\n<picture>\n<a href=\"https:\/\/www.ole.com.ar\/futbol-primera\/arbitros-torneo-verano-2022_0_v2ILZtzDc.html\" target=\"_self\" rel=\"noopener noreferrer\"><br \/>\n<img class=\"img-responsive\" alt=\"Los \u00e1rbitros del Torneo de Verano 2022\" src=\"http:\/\/hoycordobaweb.com\/wp-content\/uploads\/2022\/01\/por-que-es-historico-el-colo-colo-u-de-chile-que-se-jugara-en-la-plata-6.jpg\" loading=\"lazy\"><br \/>\n<\/a>\n<\/picture>\n<\/div>\n<\/div><\/div>\n<\/div>\n<h2><strong>EL FIXTURE COMPLETO<\/strong><\/h2>\n<div class=\"sp__Normal\">\n<div class=\"image-embeb image-trigger\" readability=\"6\">\n<picture><source media=\"(min-width: 720px)\" srcset=\"http:\/\/hoycordobaweb.com\/wp-content\/uploads\/2022\/01\/por-que-es-historico-el-colo-colo-u-de-chile-que-se-jugara-en-la-plata-7.jpg\"><img itemprop=\"image\" src=\"http:\/\/hoycordobaweb.com\/wp-content\/uploads\/2022\/01\/por-que-es-historico-el-colo-colo-u-de-chile-que-se-jugara-en-la-plata-7.jpg\" loading=\"lazy\" alt=\"El fixture del torneo de verano 2022 (Foto: captura ESPN)\">\n<\/picture><figcaption readability=\"2\">\n<p>El fixture del torneo de verano 2022 (Foto: captura ESPN)\n<\/p>\n<\/figcaption><\/div>\n<\/div>\n<p><strong>GRUPO A<\/strong><\/p>\n<p>Viernes 14 de enero &#8211; 21.00: Colo Colo vs. Universidad de Chile<br \/>Lunes 17 de enero &#8211; 21.00: Boca vs. Colo Colo<br \/>Viernes 21 de enero &#8211; 21.00: Boca vs. Universidad de Chile<\/p>\n<p><strong>GRUPO B<\/strong><\/p>\n<p>S\u00e1bado 15 de enero &#8211; 21.00: Independiente vs. San Lorenzo<br \/>Martes 18 de enero &#8211; 21.00: Talleres vs. Independiente<br \/>S\u00e1bado 22 de enero &#8211; 21.00: Talleres vs. San Lorenzo<\/p>\n<p><strong>FINAL<\/strong><\/p>\n<p> Martes 25 de enero &#8211; 21.00: Final entre el ganador del Grupo A y el ganador del Grupo B.<\/p>\n<div class=\"sp__SM\">\n<div class=\"content-new \">\n<span class=\"tit-mobile\">Mir\u00e1 tambi\u00e9n<\/span><\/p>\n<div class=\"mg\">\n<div class=\"wrap-figure\">\n<picture>\n<a href=\"https:\/\/www.ole.com.ar\/futbol-primera\/amistosos-verano-futbol-argentino_0_6oxT-iRD8.html\" target=\"_self\" rel=\"noopener noreferrer\"><br \/>\n<img class=\"img-responsive\" alt=\"Uno por uno: todos los amistosos de la semana\" src=\"http:\/\/hoycordobaweb.com\/wp-content\/uploads\/2022\/01\/por-que-es-historico-el-colo-colo-u-de-chile-que-se-jugara-en-la-plata-8.jpg\" loading=\"lazy\"><br \/>\n<\/a>\n<\/picture>\n<\/div>\n<\/div><\/div>\n<\/div>\n<h2> <strong>\u00bfPOR D\u00d3NDE VER EL TORNEO DE VERANO?<\/strong><\/h2>\n<p>\u200bEl campeonato, que comenzar\u00e1 el 14 de enero y finalizar\u00e1 el 25 de ese mismo mes, se podr\u00e1 observar por la pantalla de <mark>Star+<\/mark>.<\/p>\n<div class=\"sp__SM\">\n<div class=\"content-new \">\n<span class=\"tit-mobile\">Mir\u00e1 tambi\u00e9n<\/span><\/p>\n<div class=\"mg\">\n<div class=\"wrap-figure\">\n<picture>\n<a href=\"https:\/\/www.ole.com.ar\/futbol-internacional\/arbitro-tunez-mali-copa-africa-veces_0_YV8D7AViV.html\" target=\"_self\" rel=\"noopener noreferrer\"><br \/>\n<img class=\"img-responsive\" alt=\"Ins\u00f3lito: a destiempo, un \u00e1rbitro termin\u00f3 dos veces un partido en la Copa \u00c1frica\" src=\"http:\/\/hoycordobaweb.com\/wp-content\/uploads\/2022\/01\/por-que-es-historico-el-colo-colo-u-de-chile-que-se-jugara-en-la-plata-9.jpg\" loading=\"lazy\"><br \/>\n<\/a>\n<\/picture>\n<\/div>\n<\/div><\/div>\n<\/div>\n<div class=\"sp__SM\">\n<div class=\"content-new \">\n<span class=\"tit-mobile\">Mir\u00e1 tambi\u00e9n<\/span><\/p>\n<div class=\"mg\">\n<div class=\"wrap-figure\">\n<picture>\n<a href=\"https:\/\/www.ole.com.ar\/futbol-internacional\/historial-corrupcion-sanciones_0_t0ZInG1yS.html\" target=\"_self\" rel=\"noopener noreferrer\"><br \/>\n<img class=\"img-responsive\" alt=\"El historial de Sikazwe, el juez del esc\u00e1ndalo en la Copa \u00c1frica\" src=\"http:\/\/hoycordobaweb.com\/wp-content\/uploads\/2022\/01\/por-que-es-historico-el-colo-colo-u-de-chile-que-se-jugara-en-la-plata-10.jpg\" loading=\"lazy\"><br \/>\n<\/a>\n<\/picture>\n<\/div>\n<\/div><\/div>\n<\/div>\n<div class=\"entry-tags\">\n<h2>TEMAS QUE APARECEN EN ESTA NOTA<\/h2>\n<\/p><\/div>\n","protected":false},"excerpt":{"rendered":"<p>Hace m\u00e1s de un mes que la pelota dej\u00f3 de rodar en la Argentina y la abstinencia de ver un partido de f\u00fatbol \u00abpor los puntos\u00bb se vuelve cada vez m\u00e1s aguda. Por eso, a mediados de enero volver\u00e1 el famoso y tan ansiado Torneo de Verano, donde participar\u00e1n grandes equipos como Boca, Independiente, San [&hellip;]<\/p>\n","protected":false},"author":1,"featured_media":35600,"comment_status":"open","ping_status":"closed","sticky":false,"template":"","format":"standard","meta":[],"categories":[16],"tags":[],"_links":{"self":[{"href":"http:\/\/hoycordobaweb.com\/index.php\/wp-json\/wp\/v2\/posts\/35599"}],"collection":[{"href":"http:\/\/hoycordobaweb.com\/index.php\/wp-json\/wp\/v2\/posts"}],"about":[{"href":"http:\/\/hoycordobaweb.com\/index.php\/wp-json\/wp\/v2\/types\/post"}],"author":[{"embeddable":true,"href":"http:\/\/hoycordobaweb.com\/index.php\/wp-json\/wp\/v2\/users\/1"}],"replies":[{"embeddable":true,"href":"http:\/\/hoycordobaweb.com\/index.php\/wp-json\/wp\/v2\/comments?post=35599"}],"version-history":[{"count":0,"href":"http:\/\/hoycordobaweb.com\/index.php\/wp-json\/wp\/v2\/posts\/35599\/revisions"}],"wp:featuredmedia":[{"embeddable":true,"href":"http:\/\/hoycordobaweb.com\/index.php\/wp-json\/wp\/v2\/media\/35600"}],"wp:attachment":[{"href":"http:\/\/hoycordobaweb.com\/index.php\/wp-json\/wp\/v2\/media?parent=35599"}],"wp:term":[{"taxonomy":"category","embeddable":true,"href":"http:\/\/hoycordobaweb.com\/index.php\/wp-json\/wp\/v2\/categories?post=35599"},{"taxonomy":"post_tag","embeddable":true,"href":"http:\/\/hoycordobaweb.com\/index.php\/wp-json\/wp\/v2\/tags?post=35599"}],"curies":[{"name":"wp","href":"https:\/\/api.w.org\/{rel}","templated":true}]}}