{"id":35585,"date":"2022-01-12T12:46:21","date_gmt":"2022-01-12T12:46:21","guid":{"rendered":"https:\/\/ladecimaweb.com\/?p=12366"},"modified":"2022-01-12T12:46:21","modified_gmt":"2022-01-12T12:46:21","slug":"se-elimina-el-aislamiento-en-el-ambito-laboral-para-contactos-estrechos","status":"publish","type":"post","link":"http:\/\/hoycordobaweb.com\/index.php\/2022\/01\/12\/se-elimina-el-aislamiento-en-el-ambito-laboral-para-contactos-estrechos\/","title":{"rendered":"Se elimina el aislamiento en el \u00e1mbito laboral para contactos estrechos"},"content":{"rendered":"<p>A<strong> partir del lunes 17 de enero<\/strong>, se actualiza el<strong>\u00a0criterio de aislamiento<\/strong>\u00a0para\u00a0<strong>contactos estrechos,<\/strong>\u00a0en trabajadores de diferentes<strong>\u00a0actividades industriales, comerciales y de servicio.<\/strong><\/p>\n<p>Este nuevo criterio\u00a0establece que el personal de estas actividades que cuente con\u00a0<strong>esquema completo de vacunaci\u00f3n<\/strong>\u00a0Covid-19 y haya tenido contacto con un caso confirmado y<strong>\u00a0no presente s\u00edntomas<\/strong>, podr\u00e1 continuar su actividad laboral\u00a0<strong>con un test de ant\u00edgeno negativo<\/strong>.<\/p>\n<p>El protocolo indica\u00a0<strong>dos test; uno\u00a0<\/strong><strong>al momento de<\/strong>\u00a0<strong>identificaci\u00f3n del contacto<\/strong>\u00a0y\u00a0<strong>otro<\/strong>\u00a0<strong>al 4to d\u00eda del contacto con el caso positivo<\/strong>. Si el test resulta positivo en alguna de estas instancias, la persona debe inmediatamente aislarse siguiendo el protocolo vigente. Mientras que, si el resultado es negativo, podr\u00e1 continuar su jornada laboral con las siguientes indicaciones:<\/p>\n<ul>\n<li>Deber\u00e1 monitorear sus s\u00edntomas diarios, y comunicar de inmediato alg\u00fan cambio.<\/li>\n<li>No compartir lugares de descanso ni comidas en la instituci\u00f3n por 10 d\u00edas (desde la fecha de \u00faltimo contacto con el caso positivo).<\/li>\n<li>Cuidados estrictos (uso del barbijo N95 durante la jornada laboral y espacios ventilados)<\/li>\n<li>Deber\u00e1 completar declaraci\u00f3n jurada de s\u00edntomas diariamente al ingreso a la instituci\u00f3n.<\/li>\n<li>El pase sanitario estar\u00e1 inhabilitado por un per\u00edodo de 10 d\u00edas.<\/li>\n<\/ul>\n<p>Es importante mencionar que esta\u00a0<strong>excepci\u00f3n es v\u00e1lida para el desempe\u00f1o de la actividad laboral y no para actividades sociales,\u00a0<\/strong>las cuales deben seguir el protocolo vigente de aislamiento por 10 d\u00edas desde el contacto con el caso confirmado.<\/p>\n<p>Por otro lado, cabe aclarar que se considera esquema de vacunaci\u00f3n completo, luego de pasado 14 d\u00edas de la segunda o tercer dosis correspondiente.<\/p>\n<p>En cuanto al\u00a0<strong>personal no vacunado<\/strong>\u00a0deber\u00e1 realizar aislamiento laboral durante 7 d\u00edas luego de la fecha de \u00faltimo contacto con el\u00a0<strong>caso positivo<\/strong>\u00a0y 10 d\u00edas de aislamiento social.<\/p>\n<p><strong>Personal estrat\u00e9gico priorizado incluido en el nuevo protocolo<\/strong><\/p>\n<ul>\n<li>Personal de Salud, Fuerzas de seguridad, Fuerzas Armadas, actividad migratoria, servicio meteorol\u00f3gico, bomberos y control de tr\u00e1fico a\u00e9reo.<\/li>\n<li>Autoridades superiores de los gobiernos nacional, provincial y municipal, as\u00ed como trabajadores y trabajadoras del sector p\u00fablico nacional, provincial y municipal, convocados para garantizar actividades estrat\u00e9gicas requeridas por las respectivas autoridades.<\/li>\n<li>Personal de los servicios de justicia de turno, conforme establezcan las autoridades competentes.<\/li>\n<li>Personal diplom\u00e1tico y consular acreditado ante el gobierno argentino.<\/li>\n<li>Personas que deban asistir a otras con discapacidad; familiares que necesiten asistencia; a personas mayores; a ni\u00f1os, a ni\u00f1as y a adolescentes.<\/li>\n<li>Personas afectadas a la realizaci\u00f3n de servicios funerarios, entierros y cremaciones.<\/li>\n<li>Personas afectadas a la atenci\u00f3n de comedores escolares, comunitarios y merenderos.<\/li>\n<li>Personal que se desempe\u00f1a en los servicios de comunicaci\u00f3n audiovisuales, radiales y gr\u00e1ficos.<\/li>\n<li>Personal afectado a obra p\u00fablica.<\/li>\n<li>Supermercados mayoristas, minoristas y comercios minoristas de productos esenciales. (farmacias, ferreter\u00edas, veterinarias, provisi\u00f3n de garrafas, provisi\u00f3n de equipamiento tecnol\u00f3gico, repuestos para veh\u00edculos, m\u00e1quinas y herramientas).<\/li>\n<li>Industrias manufactureras y su cadena productiva, servicios log\u00edsticos y de distribuci\u00f3n.<\/li>\n<li>Actividades vinculadas con la producci\u00f3n, distribuci\u00f3n y comercializaci\u00f3n agropecuaria y de pesca.<\/li>\n<li>Actividades de telecomunicaciones, internet fija y m\u00f3vil y servicios digitales.<\/li>\n<li>Actividades impostergables vinculadas con el comercio exterior.<\/li>\n<li>Recolecci\u00f3n, transporte y tratamiento de residuos s\u00f3lidos urbanos, peligrosos y patog\u00e9nicos.<\/li>\n<li>Mantenimiento de los servicios b\u00e1sicos (agua, electricidad, gas, comunicaciones, etc.), atenci\u00f3n de emergencias y expendio de combustibles.<\/li>\n<li>Transporte p\u00fablico de pasajeros, transporte de mercader\u00edas, combustibles y GLP.<\/li>\n<li>Reparto a domicilio de alimentos, medicamentos, productos de higiene, de limpieza y otros insumos de necesidad.<\/li>\n<li>Servicios de lavander\u00eda y de reparaci\u00f3n de veh\u00edculos, m\u00e1quinas herramientas y equipamiento tecnol\u00f3gico.<\/li>\n<li>Servicios postales y de distribuci\u00f3n de paqueter\u00eda.<\/li>\n<li>Servicios esenciales de vigilancia, limpieza y guardia.<\/li>\n<li>Servicios de cajeros autom\u00e1ticos, transporte de caudales y todas aquella actividad bancaria imprescindible para garantizar el funcionamiento del sistema de pagos.<\/li>\n<\/ul>\n<div class=\"ubm_banner\"><a href=\"https:\/\/www.cordobaturismo.gov.ar\/\" target=\"_blank\" rel=\"dofollow noopener noreferrer\"><img src=\"http:\/\/hoycordobaweb.com\/wp-content\/uploads\/2022\/01\/se-elimina-el-aislamiento-en-el-ambito-laboral-para-contactos-estrechos.gif\" alt=\"\"><\/a><\/div>\n<p>La entrada <a rel=\"nofollow\" href=\"https:\/\/ladecimaweb.com\/se-elimina-el-aislamiento-en-el-ambito-laboral-para-contactos-estrechos\/\">Se elimina el aislamiento en el \u00e1mbito laboral para contactos estrechos<\/a> se public\u00f3 primero en <a rel=\"nofollow\" href=\"https:\/\/ladecimaweb.com\">LaDecima<\/a>.<\/p>\n","protected":false},"excerpt":{"rendered":"<p>A partir del lunes 17 de enero, se actualiza el\u00a0criterio de aislamiento\u00a0para\u00a0contactos estrechos,\u00a0en trabajadores de diferentes\u00a0actividades industriales, comerciales y de servicio. Este nuevo criterio\u00a0establece que el personal de estas actividades que cuente con\u00a0esquema completo de vacunaci\u00f3n\u00a0Covid-19 y haya tenido contacto con un caso confirmado y\u00a0no presente s\u00edntomas, podr\u00e1 continuar su actividad laboral\u00a0con un test de [&hellip;]<\/p>\n","protected":false},"author":1,"featured_media":35586,"comment_status":"closed","ping_status":"closed","sticky":false,"template":"","format":"standard","meta":[],"categories":[19],"tags":[],"_links":{"self":[{"href":"http:\/\/hoycordobaweb.com\/index.php\/wp-json\/wp\/v2\/posts\/35585"}],"collection":[{"href":"http:\/\/hoycordobaweb.com\/index.php\/wp-json\/wp\/v2\/posts"}],"about":[{"href":"http:\/\/hoycordobaweb.com\/index.php\/wp-json\/wp\/v2\/types\/post"}],"author":[{"embeddable":true,"href":"http:\/\/hoycordobaweb.com\/index.php\/wp-json\/wp\/v2\/users\/1"}],"replies":[{"embeddable":true,"href":"http:\/\/hoycordobaweb.com\/index.php\/wp-json\/wp\/v2\/comments?post=35585"}],"version-history":[{"count":0,"href":"http:\/\/hoycordobaweb.com\/index.php\/wp-json\/wp\/v2\/posts\/35585\/revisions"}],"wp:featuredmedia":[{"embeddable":true,"href":"http:\/\/hoycordobaweb.com\/index.php\/wp-json\/wp\/v2\/media\/35586"}],"wp:attachment":[{"href":"http:\/\/hoycordobaweb.com\/index.php\/wp-json\/wp\/v2\/media?parent=35585"}],"wp:term":[{"taxonomy":"category","embeddable":true,"href":"http:\/\/hoycordobaweb.com\/index.php\/wp-json\/wp\/v2\/categories?post=35585"},{"taxonomy":"post_tag","embeddable":true,"href":"http:\/\/hoycordobaweb.com\/index.php\/wp-json\/wp\/v2\/tags?post=35585"}],"curies":[{"name":"wp","href":"https:\/\/api.w.org\/{rel}","templated":true}]}}