{"id":35578,"date":"2022-01-12T19:42:45","date_gmt":"2022-01-12T19:42:45","guid":{"rendered":"http:\/\/hoycordobaweb.com\/index.php\/2022\/01\/12\/benavides-dice-adios-el-argentino-posterga-su-doblete-en-el-dakar-futbolred\/"},"modified":"2022-01-12T19:42:45","modified_gmt":"2022-01-12T19:42:45","slug":"benavides-dice-adios-el-argentino-posterga-su-doblete-en-el-dakar-futbolred","status":"publish","type":"post","link":"http:\/\/hoycordobaweb.com\/index.php\/2022\/01\/12\/benavides-dice-adios-el-argentino-posterga-su-doblete-en-el-dakar-futbolred\/","title":{"rendered":"\u00a1Benavides dice adi\u00f3s! El <b>argentino<\/b> posterga su doblete en el Dakar &#8211; Futbolred"},"content":{"rendered":"<p>El <b>argentino<\/b>, campe\u00f3n defensor en las motos, era quinto a 47 segundos del espa\u00f1ol Barreda de Honda. | Fuera del <b>F\u00fatbol<\/b> | futbolred.com. <\/p>\n","protected":false},"excerpt":{"rendered":"<p>El argentino, campe\u00f3n defensor en las motos, era quinto a 47 segundos del espa\u00f1ol Barreda de Honda. | Fuera del F\u00fatbol | futbolred.com.<\/p>\n","protected":false},"author":1,"featured_media":0,"comment_status":"closed","ping_status":"closed","sticky":false,"template":"","format":"standard","meta":[],"categories":[22],"tags":[],"_links":{"self":[{"href":"http:\/\/hoycordobaweb.com\/index.php\/wp-json\/wp\/v2\/posts\/35578"}],"collection":[{"href":"http:\/\/hoycordobaweb.com\/index.php\/wp-json\/wp\/v2\/posts"}],"about":[{"href":"http:\/\/hoycordobaweb.com\/index.php\/wp-json\/wp\/v2\/types\/post"}],"author":[{"embeddable":true,"href":"http:\/\/hoycordobaweb.com\/index.php\/wp-json\/wp\/v2\/users\/1"}],"replies":[{"embeddable":true,"href":"http:\/\/hoycordobaweb.com\/index.php\/wp-json\/wp\/v2\/comments?post=35578"}],"version-history":[{"count":0,"href":"http:\/\/hoycordobaweb.com\/index.php\/wp-json\/wp\/v2\/posts\/35578\/revisions"}],"wp:attachment":[{"href":"http:\/\/hoycordobaweb.com\/index.php\/wp-json\/wp\/v2\/media?parent=35578"}],"wp:term":[{"taxonomy":"category","embeddable":true,"href":"http:\/\/hoycordobaweb.com\/index.php\/wp-json\/wp\/v2\/categories?post=35578"},{"taxonomy":"post_tag","embeddable":true,"href":"http:\/\/hoycordobaweb.com\/index.php\/wp-json\/wp\/v2\/tags?post=35578"}],"curies":[{"name":"wp","href":"https:\/\/api.w.org\/{rel}","templated":true}]}}