{"id":35519,"date":"2022-01-10T21:00:27","date_gmt":"2022-01-10T21:00:27","guid":{"rendered":"https:\/\/www.trendencias.com\/tendencias\/pedro-hierro-tiene-sus-segundas-rebajas-estos-13-vestidos-ideales-versatiles"},"modified":"2022-01-10T21:00:27","modified_gmt":"2022-01-10T21:00:27","slug":"pedro-del-hierro-tiene-en-sus-segundas-rebajas-estos-vestidos-tan-ideales-y-versatiles","status":"publish","type":"post","link":"http:\/\/hoycordobaweb.com\/index.php\/2022\/01\/10\/pedro-del-hierro-tiene-en-sus-segundas-rebajas-estos-vestidos-tan-ideales-y-versatiles\/","title":{"rendered":"Pedro del Hierro tiene en sus segundas rebajas estos vestidos tan ideales y vers\u00e1tiles"},"content":{"rendered":"<p>Seguimos buceando en las rebajas, <a href=\"https:\/\/www.trendencias.com\/propuestas-y-consejos\/nuestros-favoritos-rebajas-bershka-para-arrasar-este-invierno-gastar-demasiado\">buscando el chollo de la temporada,<\/a> y a la vez, la compra perfecta. Una prenda de fondo de armario es siempre una buena inversi\u00f3n y <a href=\"https:\/\/www.trendencias.com\/marcas\/nueve-vestidos-rebajas-mango-30-euros-que-ideales-para-volver-a-oficina\">un vestido es una de las m\u00e1s vers\u00e1tiles.<\/a><\/p>\n<p><!-- BREAK 1 --><\/p>\n<p>Algunas marcas han comenzado sus <a href=\"https:\/\/www.trendencias.com\/shopping\/cortefiel-springfield-womensecret-cazamos-nueve-prendas-accesorios-segundas-rebajas-para-decir-no-al-frio\">segundas rebajas, <\/a>es el caso de <strong>Pedro de Hierro,<\/strong> donde podemos encontrar estos vestidos tan femeninos y sofisticados, perfectos para lucir de d\u00eda o de noche y para combinar con botas, zapatos o incluso zapatillas.<\/p>\n<p><!-- BREAK 2 --> <\/p>\n<p>Pedro del Hierro tiene en sus segundas rebajas estos vestidos tan ideales y vers\u00e1tiles con <strong>descuentos de entre el 50% y 70%.<\/strong><\/p>\n<p><!-- BREAK 3 --><\/p>\n<div class=\"article-asset-image article-asset-normal article-asset-center\">\n<div class=\"asset-content\">\n<div class=\"base-wrapper-image\"> <img class=\"sf-lazy centro_sinmarco\" data-sf-srcset=\"http:\/\/hoycordobaweb.com\/wp-content\/uploads\/2022\/01\/pedro-del-hierro-tiene-en-sus-segundas-rebajas-estos-vestidos-tan-ideales-y-versatiles.jpg 450w, http:\/\/hoycordobaweb.com\/wp-content\/uploads\/2022\/01\/pedro-del-hierro-tiene-en-sus-segundas-rebajas-estos-vestidos-tan-ideales-y-versatiles-11.jpg 681w,http:\/\/hoycordobaweb.com\/wp-content\/uploads\/2022\/01\/pedro-del-hierro-tiene-en-sus-segundas-rebajas-estos-vestidos-tan-ideales-y-versatiles-12.jpg 1024w, http:\/\/hoycordobaweb.com\/wp-content\/uploads\/2022\/01\/pedro-del-hierro-tiene-en-sus-segundas-rebajas-estos-vestidos-tan-ideales-y-versatiles-13.jpg 1366w,\" data-sf-src=\"http:\/\/hoycordobaweb.com\/wp-content\/uploads\/2022\/01\/pedro-del-hierro-tiene-en-sus-segundas-rebajas-estos-vestidos-tan-ideales-y-versatiles.jpg\" alt=\"Pedro Del Hierro 4\"> <noscript><img alt=\"Pedro Del Hierro 4\" class=\"centro_sinmarco\" src=\"http:\/\/hoycordobaweb.com\/wp-content\/uploads\/2022\/01\/pedro-del-hierro-tiene-en-sus-segundas-rebajas-estos-vestidos-tan-ideales-y-versatiles.jpg\"><\/noscript> <\/div><\/div>\n<\/div>\n<p>Vestido de gasa de estampado de flores en tonos granates con detalle de volantes. Su precio era de 229 euros y ahora es de <a href=\"https:\/\/www.trendencias.com\/redirect?url=https%3A%2F%2Fpedrodelhierro.com%2Fes%2Fes%2Fmujer%2Fvestidos%2Fvestido-corto-estampado%2F3812187.html%3Fdwvar_3812187_color%3D97&amp;category=tendencias\">68 euros.<\/a><\/p>\n<p><!-- BREAK 4 --><\/p>\n<div class=\"article-asset-image article-asset-normal article-asset-center\">\n<div class=\"asset-content\">\n<div class=\"base-wrapper-image\"> <img class=\"sf-lazy centro_sinmarco\" data-sf-srcset=\"http:\/\/hoycordobaweb.com\/wp-content\/uploads\/2022\/01\/pedro-del-hierro-tiene-en-sus-segundas-rebajas-estos-vestidos-tan-ideales-y-versatiles-1.jpg 450w, http:\/\/hoycordobaweb.com\/wp-content\/uploads\/2022\/01\/pedro-del-hierro-tiene-en-sus-segundas-rebajas-estos-vestidos-tan-ideales-y-versatiles-14.jpg 681w,http:\/\/hoycordobaweb.com\/wp-content\/uploads\/2022\/01\/pedro-del-hierro-tiene-en-sus-segundas-rebajas-estos-vestidos-tan-ideales-y-versatiles-15.jpg 1024w, http:\/\/hoycordobaweb.com\/wp-content\/uploads\/2022\/01\/pedro-del-hierro-tiene-en-sus-segundas-rebajas-estos-vestidos-tan-ideales-y-versatiles-16.jpg 1366w,\" data-sf-src=\"http:\/\/hoycordobaweb.com\/wp-content\/uploads\/2022\/01\/pedro-del-hierro-tiene-en-sus-segundas-rebajas-estos-vestidos-tan-ideales-y-versatiles-1.jpg\" alt=\"Pedro Del Hierro 7\"> <noscript><img alt=\"Pedro Del Hierro 7\" class=\"centro_sinmarco\" src=\"http:\/\/hoycordobaweb.com\/wp-content\/uploads\/2022\/01\/pedro-del-hierro-tiene-en-sus-segundas-rebajas-estos-vestidos-tan-ideales-y-versatiles-1.jpg\"><\/noscript> <\/div><\/div>\n<\/div>\n<p>Vestido camisero de punto de canal\u00e9<em> midi <\/em>en gris. Su precio era de 219 euros y ahora es de <a href=\"https:\/\/www.trendencias.com\/redirect?url=https%3A%2F%2Fpedrodelhierro.com%2Fes%2Fes%2Fmujer%2Fvestidos%2Fvestido-punto-canale-abotonado%2F6192913.html%3Fdwvar_6192913_color%3D45&amp;category=tendencias\">109 euros.<\/a><\/p>\n<p><!-- BREAK 5 --><\/p>\n<div class=\"article-asset-image article-asset-normal article-asset-center\">\n<div class=\"asset-content\">\n<div class=\"base-wrapper-image\"> <img class=\"sf-lazy centro_sinmarco\" data-sf-srcset=\"http:\/\/hoycordobaweb.com\/wp-content\/uploads\/2022\/01\/pedro-del-hierro-tiene-en-sus-segundas-rebajas-estos-vestidos-tan-ideales-y-versatiles-2.jpg 450w, http:\/\/hoycordobaweb.com\/wp-content\/uploads\/2022\/01\/pedro-del-hierro-tiene-en-sus-segundas-rebajas-estos-vestidos-tan-ideales-y-versatiles-17.jpg 681w,http:\/\/hoycordobaweb.com\/wp-content\/uploads\/2022\/01\/pedro-del-hierro-tiene-en-sus-segundas-rebajas-estos-vestidos-tan-ideales-y-versatiles-18.jpg 1024w, http:\/\/hoycordobaweb.com\/wp-content\/uploads\/2022\/01\/pedro-del-hierro-tiene-en-sus-segundas-rebajas-estos-vestidos-tan-ideales-y-versatiles-19.jpg 1366w,\" data-sf-src=\"http:\/\/hoycordobaweb.com\/wp-content\/uploads\/2022\/01\/pedro-del-hierro-tiene-en-sus-segundas-rebajas-estos-vestidos-tan-ideales-y-versatiles-2.jpg\" alt=\"Pedro Del Hierro 2\"> <noscript><img alt=\"Pedro Del Hierro 2\" class=\"centro_sinmarco\" src=\"http:\/\/hoycordobaweb.com\/wp-content\/uploads\/2022\/01\/pedro-del-hierro-tiene-en-sus-segundas-rebajas-estos-vestidos-tan-ideales-y-versatiles-2.jpg\"><\/noscript> <\/div><\/div>\n<\/div>\n<p>Mini vestido de estampado de flores con detalles de volantes. Su precio era de 219 euros y ahora es de <a href=\"https:\/\/www.trendencias.com\/redirect?url=https%3A%2F%2Fpedrodelhierro.com%2Fes%2Fes%2Fmujer%2Fvestidos%2Fvestido-fluido-estampado%2F3812175.html%3Fdwvar_3812175_color%3D98&amp;category=tendencias\">87 euros.<\/a><\/p>\n<p><!-- BREAK 6 --><\/p>\n<div class=\"article-asset-image article-asset-normal article-asset-center\">\n<div class=\"asset-content\">\n<div class=\"base-wrapper-image\"> <img class=\"sf-lazy centro_sinmarco\" data-sf-srcset=\"http:\/\/hoycordobaweb.com\/wp-content\/uploads\/2022\/01\/pedro-del-hierro-tiene-en-sus-segundas-rebajas-estos-vestidos-tan-ideales-y-versatiles-3.jpg 450w, http:\/\/hoycordobaweb.com\/wp-content\/uploads\/2022\/01\/pedro-del-hierro-tiene-en-sus-segundas-rebajas-estos-vestidos-tan-ideales-y-versatiles-20.jpg 681w,http:\/\/hoycordobaweb.com\/wp-content\/uploads\/2022\/01\/pedro-del-hierro-tiene-en-sus-segundas-rebajas-estos-vestidos-tan-ideales-y-versatiles-21.jpg 1024w, http:\/\/hoycordobaweb.com\/wp-content\/uploads\/2022\/01\/pedro-del-hierro-tiene-en-sus-segundas-rebajas-estos-vestidos-tan-ideales-y-versatiles-22.jpg 1366w,\" data-sf-src=\"http:\/\/hoycordobaweb.com\/wp-content\/uploads\/2022\/01\/pedro-del-hierro-tiene-en-sus-segundas-rebajas-estos-vestidos-tan-ideales-y-versatiles-3.jpg\" alt=\"Pedro Del Hierro 8\"> <noscript><img alt=\"Pedro Del Hierro 8\" class=\"centro_sinmarco\" src=\"http:\/\/hoycordobaweb.com\/wp-content\/uploads\/2022\/01\/pedro-del-hierro-tiene-en-sus-segundas-rebajas-estos-vestidos-tan-ideales-y-versatiles-3.jpg\"><\/noscript> <\/div><\/div>\n<\/div>\n<p>Vestido negro de punto de canal\u00e9 con mangas abullonadas. Su precio era de 189 euros y ahora es de <a href=\"https:\/\/www.trendencias.com\/redirect?url=https%3A%2F%2Fpedrodelhierro.com%2Fes%2Fes%2Fmujer%2Fvestidos%2Fvestido-canale-mangas-abullonadas%2F6192922.html%3Fdwvar_6192922_color%3D01&amp;category=tendencias\">56 euros.<\/a><\/p>\n<p><!-- BREAK 7 --><\/p>\n<div class=\"article-asset-image article-asset-normal article-asset-center\">\n<div class=\"asset-content\">\n<div class=\"base-wrapper-image\"> <img class=\"sf-lazy centro_sinmarco\" data-sf-srcset=\"http:\/\/hoycordobaweb.com\/wp-content\/uploads\/2022\/01\/pedro-del-hierro-tiene-en-sus-segundas-rebajas-estos-vestidos-tan-ideales-y-versatiles-4.jpg 450w, http:\/\/hoycordobaweb.com\/wp-content\/uploads\/2022\/01\/pedro-del-hierro-tiene-en-sus-segundas-rebajas-estos-vestidos-tan-ideales-y-versatiles-23.jpg 681w,http:\/\/hoycordobaweb.com\/wp-content\/uploads\/2022\/01\/pedro-del-hierro-tiene-en-sus-segundas-rebajas-estos-vestidos-tan-ideales-y-versatiles-24.jpg 1024w, http:\/\/hoycordobaweb.com\/wp-content\/uploads\/2022\/01\/pedro-del-hierro-tiene-en-sus-segundas-rebajas-estos-vestidos-tan-ideales-y-versatiles-25.jpg 1366w,\" data-sf-src=\"http:\/\/hoycordobaweb.com\/wp-content\/uploads\/2022\/01\/pedro-del-hierro-tiene-en-sus-segundas-rebajas-estos-vestidos-tan-ideales-y-versatiles-4.jpg\" alt=\"Pedro Del Hierro 10\"> <noscript><img alt=\"Pedro Del Hierro 10\" class=\"centro_sinmarco\" src=\"http:\/\/hoycordobaweb.com\/wp-content\/uploads\/2022\/01\/pedro-del-hierro-tiene-en-sus-segundas-rebajas-estos-vestidos-tan-ideales-y-versatiles-4.jpg\"><\/noscript> <\/div><\/div>\n<\/div>\n<p>Mini vestido de estampado de cuadros con manga corta abullonada y falda de volantes. Su precio era de 189 euros y ahora es de <a href=\"https:\/\/www.trendencias.com\/redirect?url=https%3A%2F%2Fpedrodelhierro.com%2Fes%2Fes%2Fmujer%2Fvestidos%2Fvestido-corto-textura%2F6192928.html%3Fdwvar_6192928_color%3D98&amp;category=tendencias\">94 euros.<\/a><\/p>\n<p><!-- BREAK 8 --><\/p>\n<div class=\"article-asset-image article-asset-normal article-asset-center\">\n<div class=\"asset-content\">\n<div class=\"base-wrapper-image\"> <img class=\"sf-lazy centro_sinmarco\" data-sf-srcset=\"http:\/\/hoycordobaweb.com\/wp-content\/uploads\/2022\/01\/pedro-del-hierro-tiene-en-sus-segundas-rebajas-estos-vestidos-tan-ideales-y-versatiles-5.jpg 450w, http:\/\/hoycordobaweb.com\/wp-content\/uploads\/2022\/01\/pedro-del-hierro-tiene-en-sus-segundas-rebajas-estos-vestidos-tan-ideales-y-versatiles-26.jpg 681w,http:\/\/hoycordobaweb.com\/wp-content\/uploads\/2022\/01\/pedro-del-hierro-tiene-en-sus-segundas-rebajas-estos-vestidos-tan-ideales-y-versatiles-27.jpg 1024w, http:\/\/hoycordobaweb.com\/wp-content\/uploads\/2022\/01\/pedro-del-hierro-tiene-en-sus-segundas-rebajas-estos-vestidos-tan-ideales-y-versatiles-28.jpg 1366w,\" data-sf-src=\"http:\/\/hoycordobaweb.com\/wp-content\/uploads\/2022\/01\/pedro-del-hierro-tiene-en-sus-segundas-rebajas-estos-vestidos-tan-ideales-y-versatiles-5.jpg\" alt=\"Pedro Del Hierro 3\"> <noscript><img alt=\"Pedro Del Hierro 3\" class=\"centro_sinmarco\" src=\"http:\/\/hoycordobaweb.com\/wp-content\/uploads\/2022\/01\/pedro-del-hierro-tiene-en-sus-segundas-rebajas-estos-vestidos-tan-ideales-y-versatiles-5.jpg\"><\/noscript> <\/div><\/div>\n<\/div>\n<p>Vestido de punto de ochos en verde, de manga larga y cuello alto. Su precio era de 169 euros y ahora es de <a href=\"https:\/\/www.trendencias.com\/redirect?url=https%3A%2F%2Fpedrodelhierro.com%2Fes%2Fes%2Fmujer%2Fvestidos%2Fvestido-de-punto-de-ochos%2F3812186.html%3Fdwvar_3812186_color%3D90&amp;category=tendencias\">84 euros.<\/a><\/p>\n<p><!-- BREAK 9 --><\/p>\n<div class=\"article-asset-image article-asset-normal article-asset-center\">\n<div class=\"asset-content\">\n<div class=\"base-wrapper-image\"> <img class=\"sf-lazy centro_sinmarco\" data-sf-srcset=\"http:\/\/hoycordobaweb.com\/wp-content\/uploads\/2022\/01\/pedro-del-hierro-tiene-en-sus-segundas-rebajas-estos-vestidos-tan-ideales-y-versatiles-6.jpg 450w, http:\/\/hoycordobaweb.com\/wp-content\/uploads\/2022\/01\/pedro-del-hierro-tiene-en-sus-segundas-rebajas-estos-vestidos-tan-ideales-y-versatiles-29.jpg 681w,http:\/\/hoycordobaweb.com\/wp-content\/uploads\/2022\/01\/pedro-del-hierro-tiene-en-sus-segundas-rebajas-estos-vestidos-tan-ideales-y-versatiles-30.jpg 1024w, http:\/\/hoycordobaweb.com\/wp-content\/uploads\/2022\/01\/pedro-del-hierro-tiene-en-sus-segundas-rebajas-estos-vestidos-tan-ideales-y-versatiles-31.jpg 1366w,\" data-sf-src=\"http:\/\/hoycordobaweb.com\/wp-content\/uploads\/2022\/01\/pedro-del-hierro-tiene-en-sus-segundas-rebajas-estos-vestidos-tan-ideales-y-versatiles-6.jpg\" alt=\"Pedro Del Hierro 9\"> <noscript><img alt=\"Pedro Del Hierro 9\" class=\"centro_sinmarco\" src=\"http:\/\/hoycordobaweb.com\/wp-content\/uploads\/2022\/01\/pedro-del-hierro-tiene-en-sus-segundas-rebajas-estos-vestidos-tan-ideales-y-versatiles-6.jpg\"><\/noscript> <\/div><\/div>\n<\/div>\n<p>Vestido camisero caqui con detalle de volantes, un modelo de estilo militar versionado. Su precio era de 189 euros y ahora es de <a href=\"https:\/\/www.trendencias.com\/redirect?url=https%3A%2F%2Fpedrodelhierro.com%2Fes%2Fes%2Fmujer%2Fvestidos%2Fvestido-volantes-jaquard-de-viscosa%2F6192924.html%3Fdwvar_6192924_color%3D90&amp;category=tendencias\">75 euros.<\/a><\/p>\n<p><!-- BREAK 10 --><\/p>\n<div class=\"article-asset-image article-asset-normal article-asset-center\">\n<div class=\"asset-content\">\n<div class=\"base-wrapper-image\"> <img class=\"sf-lazy centro_sinmarco\" data-sf-srcset=\"http:\/\/hoycordobaweb.com\/wp-content\/uploads\/2022\/01\/pedro-del-hierro-tiene-en-sus-segundas-rebajas-estos-vestidos-tan-ideales-y-versatiles-7.jpg 450w, http:\/\/hoycordobaweb.com\/wp-content\/uploads\/2022\/01\/pedro-del-hierro-tiene-en-sus-segundas-rebajas-estos-vestidos-tan-ideales-y-versatiles-32.jpg 681w,http:\/\/hoycordobaweb.com\/wp-content\/uploads\/2022\/01\/pedro-del-hierro-tiene-en-sus-segundas-rebajas-estos-vestidos-tan-ideales-y-versatiles-33.jpg 1024w, http:\/\/hoycordobaweb.com\/wp-content\/uploads\/2022\/01\/pedro-del-hierro-tiene-en-sus-segundas-rebajas-estos-vestidos-tan-ideales-y-versatiles-34.jpg 1366w,\" data-sf-src=\"http:\/\/hoycordobaweb.com\/wp-content\/uploads\/2022\/01\/pedro-del-hierro-tiene-en-sus-segundas-rebajas-estos-vestidos-tan-ideales-y-versatiles-7.jpg\" alt=\"Pedro Del Hierro 1\"> <noscript><img alt=\"Pedro Del Hierro 1\" class=\"centro_sinmarco\" src=\"http:\/\/hoycordobaweb.com\/wp-content\/uploads\/2022\/01\/pedro-del-hierro-tiene-en-sus-segundas-rebajas-estos-vestidos-tan-ideales-y-versatiles-7.jpg\"><\/noscript> <\/div><\/div>\n<\/div>\n<p>Vestido negro realizado en gasa con estampado de detalles <em>glitter. <\/em>Su precio era de 229 euros y ahora es de <a href=\"https:\/\/www.trendencias.com\/redirect?url=https%3A%2F%2Fpedrodelhierro.com%2Fes%2Fes%2Fmujer%2Fvestidos%2Fvestido-plisado-de-lurex%2F6192929.html%3Fdwvar_6192929_color%3D01&amp;category=tendencias\">91 euros.<\/a><\/p>\n<p><!-- BREAK 11 --><\/p>\n<div class=\"article-asset-image article-asset-normal article-asset-center\">\n<div class=\"asset-content\">\n<div class=\"base-wrapper-image\"> <img class=\"sf-lazy centro_sinmarco\" data-sf-srcset=\"http:\/\/hoycordobaweb.com\/wp-content\/uploads\/2022\/01\/pedro-del-hierro-tiene-en-sus-segundas-rebajas-estos-vestidos-tan-ideales-y-versatiles-8.jpg 450w, http:\/\/hoycordobaweb.com\/wp-content\/uploads\/2022\/01\/pedro-del-hierro-tiene-en-sus-segundas-rebajas-estos-vestidos-tan-ideales-y-versatiles-35.jpg 681w,http:\/\/hoycordobaweb.com\/wp-content\/uploads\/2022\/01\/pedro-del-hierro-tiene-en-sus-segundas-rebajas-estos-vestidos-tan-ideales-y-versatiles-36.jpg 1024w, http:\/\/hoycordobaweb.com\/wp-content\/uploads\/2022\/01\/pedro-del-hierro-tiene-en-sus-segundas-rebajas-estos-vestidos-tan-ideales-y-versatiles-37.jpg 1366w,\" data-sf-src=\"http:\/\/hoycordobaweb.com\/wp-content\/uploads\/2022\/01\/pedro-del-hierro-tiene-en-sus-segundas-rebajas-estos-vestidos-tan-ideales-y-versatiles-8.jpg\" alt=\"P 619293101tm\"> <noscript><img alt=\"P 619293101tm\" class=\"centro_sinmarco\" src=\"http:\/\/hoycordobaweb.com\/wp-content\/uploads\/2022\/01\/pedro-del-hierro-tiene-en-sus-segundas-rebajas-estos-vestidos-tan-ideales-y-versatiles-8.jpg\"><\/noscript> <\/div><\/div>\n<\/div>\n<p>Vestido de punto negro con detalle de hilo de lurex dorado. Su precio es de 189 euros y ahora es de<a href=\"https:\/\/www.trendencias.com\/redirect?url=https%3A%2F%2Fpedrodelhierro.com%2Fes%2Fes%2Fmujer%2Fvestidos%2Fvestido-hombreras-cruzado%2F6192931.html%3Fdwvar_6192931_color%3D01&amp;category=tendencias\"> 94 euros.<\/a><\/p>\n<p><!-- BREAK 12 --><\/p>\n<div class=\"article-asset-image article-asset-normal article-asset-center\">\n<div class=\"asset-content\">\n<div class=\"base-wrapper-image\"> <img class=\"sf-lazy centro_sinmarco\" data-sf-srcset=\"http:\/\/hoycordobaweb.com\/wp-content\/uploads\/2022\/01\/pedro-del-hierro-tiene-en-sus-segundas-rebajas-estos-vestidos-tan-ideales-y-versatiles-9.jpg 450w, http:\/\/hoycordobaweb.com\/wp-content\/uploads\/2022\/01\/pedro-del-hierro-tiene-en-sus-segundas-rebajas-estos-vestidos-tan-ideales-y-versatiles-38.jpg 681w,http:\/\/hoycordobaweb.com\/wp-content\/uploads\/2022\/01\/pedro-del-hierro-tiene-en-sus-segundas-rebajas-estos-vestidos-tan-ideales-y-versatiles-39.jpg 1024w, http:\/\/hoycordobaweb.com\/wp-content\/uploads\/2022\/01\/pedro-del-hierro-tiene-en-sus-segundas-rebajas-estos-vestidos-tan-ideales-y-versatiles-40.jpg 1366w,\" data-sf-src=\"http:\/\/hoycordobaweb.com\/wp-content\/uploads\/2022\/01\/pedro-del-hierro-tiene-en-sus-segundas-rebajas-estos-vestidos-tan-ideales-y-versatiles-9.jpg\" alt=\"Pedro Del Hierro 6\"> <noscript><img alt=\"Pedro Del Hierro 6\" class=\"centro_sinmarco\" src=\"http:\/\/hoycordobaweb.com\/wp-content\/uploads\/2022\/01\/pedro-del-hierro-tiene-en-sus-segundas-rebajas-estos-vestidos-tan-ideales-y-versatiles-9.jpg\"><\/noscript> <\/div><\/div>\n<\/div>\n<p>Vestido de punto gris, largo <em>midi, <\/em>cuello alto y manga larga. Su precio era de 189 euros y ahora es de<a href=\"https:\/\/www.trendencias.com\/redirect?url=https%3A%2F%2Fpedrodelhierro.com%2Fes%2Fes%2Fmujer%2Fvestidos%2Fvestido-punto-largo-perkins%2F3812190.html%3Fdwvar_3812190_color%3D48&amp;category=tendencias\"> 75 euros.<\/a><\/p>\n<p><!-- BREAK 13 --><\/p>\n<p>Fotos| Pedro del Hierro<\/p>\n","protected":false},"excerpt":{"rendered":"<p>Seguimos buceando en las rebajas, buscando el chollo de la temporada, y a la vez, la compra perfecta. Una prenda de fondo de armario es siempre una buena inversi\u00f3n y un vestido es una de las m\u00e1s vers\u00e1tiles. Algunas marcas han comenzado sus segundas rebajas, es el caso de Pedro de Hierro, donde podemos encontrar [&hellip;]<\/p>\n","protected":false},"author":1,"featured_media":35520,"comment_status":"closed","ping_status":"closed","sticky":false,"template":"","format":"standard","meta":[],"categories":[1],"tags":[],"_links":{"self":[{"href":"http:\/\/hoycordobaweb.com\/index.php\/wp-json\/wp\/v2\/posts\/35519"}],"collection":[{"href":"http:\/\/hoycordobaweb.com\/index.php\/wp-json\/wp\/v2\/posts"}],"about":[{"href":"http:\/\/hoycordobaweb.com\/index.php\/wp-json\/wp\/v2\/types\/post"}],"author":[{"embeddable":true,"href":"http:\/\/hoycordobaweb.com\/index.php\/wp-json\/wp\/v2\/users\/1"}],"replies":[{"embeddable":true,"href":"http:\/\/hoycordobaweb.com\/index.php\/wp-json\/wp\/v2\/comments?post=35519"}],"version-history":[{"count":0,"href":"http:\/\/hoycordobaweb.com\/index.php\/wp-json\/wp\/v2\/posts\/35519\/revisions"}],"wp:featuredmedia":[{"embeddable":true,"href":"http:\/\/hoycordobaweb.com\/index.php\/wp-json\/wp\/v2\/media\/35520"}],"wp:attachment":[{"href":"http:\/\/hoycordobaweb.com\/index.php\/wp-json\/wp\/v2\/media?parent=35519"}],"wp:term":[{"taxonomy":"category","embeddable":true,"href":"http:\/\/hoycordobaweb.com\/index.php\/wp-json\/wp\/v2\/categories?post=35519"},{"taxonomy":"post_tag","embeddable":true,"href":"http:\/\/hoycordobaweb.com\/index.php\/wp-json\/wp\/v2\/tags?post=35519"}],"curies":[{"name":"wp","href":"https:\/\/api.w.org\/{rel}","templated":true}]}}