{"id":35491,"date":"2022-01-10T18:45:00","date_gmt":"2022-01-10T18:45:00","guid":{"rendered":"http:\/\/hoycordobaweb.com\/index.php\/2022\/01\/10\/con-el-70-del-pais-en-zona-amarilla-italia-estreno-restricciones-a-los-no-vacunados\/"},"modified":"2022-01-10T18:45:00","modified_gmt":"2022-01-10T18:45:00","slug":"con-el-70-del-pais-en-zona-amarilla-italia-estreno-restricciones-a-los-no-vacunados","status":"publish","type":"post","link":"http:\/\/hoycordobaweb.com\/index.php\/2022\/01\/10\/con-el-70-del-pais-en-zona-amarilla-italia-estreno-restricciones-a-los-no-vacunados\/","title":{"rendered":"Con el 70% del pa\u00eds en \u00abzona amarilla\u00bb, Italia estren\u00f3 restricciones a los no vacunados"},"content":{"rendered":"<p><img src=\"http:\/\/hoycordobaweb.com\/wp-content\/uploads\/2022\/01\/con-el-70-del-pais-en-zona-amarilla-italia-estreno-restricciones-a-los-no-vacunados.jpg\"><strong>por Corresponsal<\/strong><\/p>\n<figure class=\"mb-3\"><img loading=\"lazy\" src=\"http:\/\/hoycordobaweb.com\/wp-content\/uploads\/2022\/01\/con-el-70-del-pais-en-zona-amarilla-italia-estreno-restricciones-a-los-no-vacunados-2.jpg\" width=\"100%\" height=\"100%\" alt=\"A diferencia del precedente pase verde base ya no se puede acceder con un test de antgenos con resultado negativo\"><figcaption> A diferencia del precedente \u00abpase verde\u00bb base, ya no se puede acceder con un test de ant\u00edgenos con resultado negativo. <\/figcaption><\/figure>\n<p>Con 14 de las 20 regiones del pa\u00eds catalogadas como \u00abzona amarilla\u00bb o de riesgo medio por el coronavirus, Italia estrena este lunes las nuevas restricciones para personas no vacunadas a nivel nacional, como la prohibici\u00f3n de usar el transporte p\u00fablico o alojarse en hoteles a quienes no est\u00e9n inmunizados o recuperados de la enfermedad.<\/p>\n<p>\u00abLos no vacunados, fuera de la vida social\u00bb, describi\u00f3 el diario La Stampa en su tapa de este lunes.<\/p>\n<p>En ese marco, el ministro de Salud, Roberto Speranza, destac\u00f3 en conferencia de prensa que <strong>el pa\u00eds ya vacun\u00f3 a casi el 90% de la poblaci\u00f3n mayor de 12 a\u00f1os con dos dosis<\/strong>, \u00abpero el 10% que queda sin vacunar ocupa cerca de dos tercios de las camas de terapia intensiva\u00bb.<\/p>\n<p>Luego de la subida de casos de coronavirus por la variante \u00d3micron, que llev\u00f3 al pa\u00eds a superar <strong>los 200.000 contagios diarios<\/strong> por primera vez desde el inicio de la pandemia, en toda Italia entr\u00f3 en vigor la obligaci\u00f3n del \u00abpase verde reforzado\u00bb para todas las actividades con excepci\u00f3n de la ida a supermercados.<\/p>\n<p>El \u00abpase verde reforzado\u00bb; que se pide en transportes urbanos, hoteles y restaurantes y bares incluso para el consumo en exteriores, se obtiene solo con la vacunaci\u00f3n contra el coronavirus o con un certificado de recuperaci\u00f3n de la enfermedad.<\/p>\n<p>A diferencia del precedente \u00abpase verde\u00bb base, ya no se puede acceder con un test de ant\u00edgenos con resultado negativo.<\/p>\n<p>Las \u00faltimas medidas anunciadas por el Gobierno de Mario Draghi incluyen adem\u00e1s <strong>la obligaci\u00f3n de vacunaci\u00f3n para los mayores de 50 a\u00f1os residentes en el pa\u00eds.<\/strong><\/p>\n<p>Este lunes reabrieron adem\u00e1s las escuelas en 19 de las 20 regiones, mientras que la sure\u00f1a Campania lo har\u00e1 ma\u00f1ana, con un fuerte aval del Gobierno para el regreso de las clases presenciales tras la pausa de Navidad y A\u00f1o Nuevo.<\/p>\n<p>\u00abLa escuela es fundamental para nuestra democracia, no hay que abandonarla, y la educaci\u00f3n a distancia crea desigualdades\u00bb, justific\u00f3 Draghi el regreso de las clases presenciales en todo el pa\u00eds.<\/p>\n<p>Con la suba de casos en toda Italia, 14 de las 20 regiones quedan catalogadas desde hoy como \u00abzona amarilla\u00bb o de riesgo medio, con <strong>la obligatoriedad del uso de barbijo al aire libre<\/strong>, m\u00e1s all\u00e1 de que el Gobierno nacional haya ya dispuesto su utilizaci\u00f3n al menos hasta el 31 de enero.<\/p>\n","protected":false},"excerpt":{"rendered":"<p>por Corresponsal A diferencia del precedente \u00abpase verde\u00bb base, ya no se puede acceder con un test de ant\u00edgenos con resultado negativo. Con 14 de las 20 regiones del pa\u00eds catalogadas como \u00abzona amarilla\u00bb o de riesgo medio por el coronavirus, Italia estrena este lunes las nuevas restricciones para personas no vacunadas a nivel nacional, [&hellip;]<\/p>\n","protected":false},"author":1,"featured_media":35492,"comment_status":"open","ping_status":"closed","sticky":false,"template":"","format":"standard","meta":[],"categories":[24],"tags":[],"_links":{"self":[{"href":"http:\/\/hoycordobaweb.com\/index.php\/wp-json\/wp\/v2\/posts\/35491"}],"collection":[{"href":"http:\/\/hoycordobaweb.com\/index.php\/wp-json\/wp\/v2\/posts"}],"about":[{"href":"http:\/\/hoycordobaweb.com\/index.php\/wp-json\/wp\/v2\/types\/post"}],"author":[{"embeddable":true,"href":"http:\/\/hoycordobaweb.com\/index.php\/wp-json\/wp\/v2\/users\/1"}],"replies":[{"embeddable":true,"href":"http:\/\/hoycordobaweb.com\/index.php\/wp-json\/wp\/v2\/comments?post=35491"}],"version-history":[{"count":0,"href":"http:\/\/hoycordobaweb.com\/index.php\/wp-json\/wp\/v2\/posts\/35491\/revisions"}],"wp:featuredmedia":[{"embeddable":true,"href":"http:\/\/hoycordobaweb.com\/index.php\/wp-json\/wp\/v2\/media\/35492"}],"wp:attachment":[{"href":"http:\/\/hoycordobaweb.com\/index.php\/wp-json\/wp\/v2\/media?parent=35491"}],"wp:term":[{"taxonomy":"category","embeddable":true,"href":"http:\/\/hoycordobaweb.com\/index.php\/wp-json\/wp\/v2\/categories?post=35491"},{"taxonomy":"post_tag","embeddable":true,"href":"http:\/\/hoycordobaweb.com\/index.php\/wp-json\/wp\/v2\/tags?post=35491"}],"curies":[{"name":"wp","href":"https:\/\/api.w.org\/{rel}","templated":true}]}}