{"id":35466,"date":"2022-01-09T12:44:48","date_gmt":"2022-01-09T12:44:48","guid":{"rendered":"https:\/\/www.mujerhoy.com\/moda\/no-te-pierdas\/eva-gonzalez-vestido-midi-rebajas-barato-ponible-sienta-bien-look-botas-altas-20220109132905-nt.html"},"modified":"2022-01-09T12:44:48","modified_gmt":"2022-01-09T12:44:48","slug":"este-vestido-midi-de-eva-gonzalez-tan-favorecedor-sienta-de-maravilla-y-queda-de-lujo-con-botas-altas-y-esta-super-rebajado","status":"publish","type":"post","link":"http:\/\/hoycordobaweb.com\/index.php\/2022\/01\/09\/este-vestido-midi-de-eva-gonzalez-tan-favorecedor-sienta-de-maravilla-y-queda-de-lujo-con-botas-altas-y-esta-super-rebajado\/","title":{"rendered":"Este vestido midi de Eva Gonz\u00e1lez tan favorecedor sienta de maravilla y queda de lujo con botas altas (y est\u00e1 s\u00faper rebajado)"},"content":{"rendered":"<p><!-- AUTHOR --><!-- COMPONENTS --><\/p>\n<p class=\"voc-paragraph\">Nos encanta cuando <strong>Eva Gonz\u00e1lez<\/strong> nos descubre prendas y accesorios de lo m\u00e1s originales. La presentadora es una de las mujeres con m\u00e1s estilo de nuestro pa\u00eds y lo demuestra a diario en televisi\u00f3n con <strong>looks <\/strong>como <a data-voc-vtm-id=\"in-text-traffic\" href=\"https:\/\/www.mujerhoy.com\/moda\/tendencias\/mono-uterque-mas-bonito-favorecedor-rejuvenece-quita-anos-a-los-40-look-made-in-spain-eva-gonzalez-20210929073048-nt.html\">este con un mono tweed rosa <\/a>o en el d\u00eda a d\u00eda con piezas diferentes como <a data-voc-vtm-id=\"in-text-traffic\" href=\"https:\/\/www.mujerhoy.com\/moda\/no-te-pierdas\/eva-gonzalez-bolso-grande-made-in-spain-ponible-look-invierno-personalizable-20211217075641-nt.html\">este bolso &#8216;made in Spain&#8217;<\/a>. Ahora, ha vuelto a arrasar en <strong>Instagram <\/strong>con un estilismo ideal protagonizado por <strong>un vestido midi<\/strong> que tienes que fichar.\n<\/p>\n<p class=\"voc-paragraph\">La modelo quiso compartir con sus seguidores los detalles del look que hab\u00eda escogido para <strong>asistir al programa de televisi\u00f3n<\/strong> &#8216;Espejo P\u00fablico&#8217; y comparti\u00f3 en su perfil de Instagram una fotograf\u00eda en la que aparec\u00eda luciendo <strong>un bonito vestido<\/strong>. Se trata de un <strong>dise\u00f1o de largo midi y corte ajustado<\/strong> con manga larga y cuello subido. Una prenda estampada en <strong>blanco y negro<\/strong> que le quedaba de lujo y que nos ha encantado.\n<\/p>\n<p class=\"voc-paragraph\">Se trata de <strong>Kylea, un impactante vestido midi de Ted Baker,<\/strong> decorado con el moderno <strong>estampado Forager Tie Dye <\/strong>de inspiraci\u00f3n animal. Es una prenda confeccionada en <strong>tejido el\u00e1stico<\/strong>, que presenta una elegante forma recta que da como resultado un look cuidado que puedes combinar con todo: con zapatillas, con zapatos de tac\u00f3n, con botas&#8230; Y aunque Eva a\u00f1adi\u00f3 unas <strong>sandalias de tac\u00f3n fino de Mascar\u00f3<\/strong>, lo cierto es que tambi\u00e9n nos parece una propuesta perfecta para llevar con <strong>botas altas negras<\/strong>.\n<\/p>\n<div class=\"voc-detail-photo-zoom\"><picture data-toggle=\"modal\" data-target=\"#photoZoomModal-15\" target=\"modal\">\n<div class=\"voc-img-icon-link\"><img loading=\"lazy\" data-original=\"\/\/static.mujerhoy.com\/www\/multimedia\/202201\/08\/media\/cortadas\/vestido-midi-tie-dye-kyHH--460x637@MujerHoy.jpg\" class=\"lazy\"><noscript><img src=\"http:\/\/hoycordobaweb.com\/wp-content\/uploads\/2022\/01\/este-vestido-midi-de-eva-gonzalez-tan-favorecedor-sienta-de-maravilla-y-queda-de-lujo-con-botas-altas-y-esta-super-rebajado.jpg\"><\/noscript><i class=\"voc-icons zoom voc-multimedia-box voc-ico-l\"><\/i><\/div><figcaption class=\"figure-caption\"><\/figcaption><\/picture><\/div>\n<div id=\"photoZoomModal-15\" class=\"voc-lightbox modal fade voc-lightbox--photo-zoom\" role=\"dialog\" data-voc-photozoom-lightbox>\n<div class=\"voc-lightbox__dialog\" role=\"document\">\n<div class=\"voc-lightbox__content\"><!-- Modal header --><\/p>\n<header class=\"voc-lightbox__header\"><span class=\"voc-lightbox__title\"><\/span><\/header>\n<p><!-- Modal content --><\/p>\n<div class=\"voc-lightbox__photo-container\"><picture class><img loading=\"lazy\" data-original=\"\/\/static.mujerhoy.com\/www\/multimedia\/202201\/08\/media\/cortadas\/vestido-midi-tie-dye-kyHH--460x637@MujerHoy.jpg\" class=\"lazy\"><noscript><img src=\"http:\/\/hoycordobaweb.com\/wp-content\/uploads\/2022\/01\/este-vestido-midi-de-eva-gonzalez-tan-favorecedor-sienta-de-maravilla-y-queda-de-lujo-con-botas-altas-y-esta-super-rebajado.jpg\"><\/noscript><\/picture><\/div>\n<\/div>\n<\/div>\n<\/div>\n<p class=\"voc-paragraph\">\u00a1Y lo mejor de todo es que est\u00e1 rebajado! Puedes comprarlo ahora mismo en la web de la firma por <strong>70 euros, en vez de 175 euros<\/strong>. \u00a1Chollazo! Un precio asequible para <strong>una prenda tan especial que sienta de lujo<\/strong> y a la que solo har\u00e1 falta que a\u00f1adas tu calzado c\u00f3modo favorito, una blazer negra, una biker de cuero o un c\u00e1rdigan, dependiendo de la ocasi\u00f3n.\n<\/p>\n<div class=\"voc-detail__cmp voc-detail__cmp--pad-lr voc-detail__cmp--pad-lr--bdr\">\n<div class=\"voc-ficha-detail__wrapper\">\n<section class=\"voc-ficha-detail\">\n<h4 class=\"voc-ficha-detail-title voc-title-section\">te recomendamos<\/h4>\n<\/section>\n<\/div>\n<\/div>\n<p><!-- TOPICS --><\/p>\n","protected":false},"excerpt":{"rendered":"<p>Nos encanta cuando Eva Gonz\u00e1lez nos descubre prendas y accesorios de lo m\u00e1s originales. La presentadora es una de las mujeres con m\u00e1s estilo de nuestro pa\u00eds y lo demuestra a diario en televisi\u00f3n con looks como este con un mono tweed rosa o en el d\u00eda a d\u00eda con piezas diferentes como este bolso [&hellip;]<\/p>\n","protected":false},"author":1,"featured_media":35467,"comment_status":"closed","ping_status":"closed","sticky":false,"template":"","format":"standard","meta":[],"categories":[1],"tags":[],"_links":{"self":[{"href":"http:\/\/hoycordobaweb.com\/index.php\/wp-json\/wp\/v2\/posts\/35466"}],"collection":[{"href":"http:\/\/hoycordobaweb.com\/index.php\/wp-json\/wp\/v2\/posts"}],"about":[{"href":"http:\/\/hoycordobaweb.com\/index.php\/wp-json\/wp\/v2\/types\/post"}],"author":[{"embeddable":true,"href":"http:\/\/hoycordobaweb.com\/index.php\/wp-json\/wp\/v2\/users\/1"}],"replies":[{"embeddable":true,"href":"http:\/\/hoycordobaweb.com\/index.php\/wp-json\/wp\/v2\/comments?post=35466"}],"version-history":[{"count":0,"href":"http:\/\/hoycordobaweb.com\/index.php\/wp-json\/wp\/v2\/posts\/35466\/revisions"}],"wp:featuredmedia":[{"embeddable":true,"href":"http:\/\/hoycordobaweb.com\/index.php\/wp-json\/wp\/v2\/media\/35467"}],"wp:attachment":[{"href":"http:\/\/hoycordobaweb.com\/index.php\/wp-json\/wp\/v2\/media?parent=35466"}],"wp:term":[{"taxonomy":"category","embeddable":true,"href":"http:\/\/hoycordobaweb.com\/index.php\/wp-json\/wp\/v2\/categories?post=35466"},{"taxonomy":"post_tag","embeddable":true,"href":"http:\/\/hoycordobaweb.com\/index.php\/wp-json\/wp\/v2\/tags?post=35466"}],"curies":[{"name":"wp","href":"https:\/\/api.w.org\/{rel}","templated":true}]}}