{"id":35458,"date":"2022-01-09T20:35:01","date_gmt":"2022-01-09T20:35:01","guid":{"rendered":"https:\/\/www.ole.com.ar\/huracan\/huracan-kudelka-globo-nadur_0_zcnuNInSA.html"},"modified":"2022-01-09T20:35:01","modified_gmt":"2022-01-09T20:35:01","slug":"garzon-estamos-lejos-en-los-numeros-por-wanchope","status":"publish","type":"post","link":"http:\/\/hoycordobaweb.com\/index.php\/2022\/01\/09\/garzon-estamos-lejos-en-los-numeros-por-wanchope\/","title":{"rendered":"Garz\u00f3n: \u00abEstamos lejos en los n\u00fameros por Wanchope\u00bb"},"content":{"rendered":"<p><img src=\"http:\/\/hoycordobaweb.com\/wp-content\/uploads\/2022\/01\/garzon-estamos-lejos-en-los-numeros-por-wanchope.jpg\"><\/p>\n<p>Las horas de turbulencia quedaron atr\u00e1s en Parque Patricios. Tras la renovaci\u00f3n de <a alt=\"frank-dario-kudelka\" class=\"slug\" href=\"https:\/\/www.ole.com.ar\/tema\/frank-dario-kudelka.html\" target=\"_blank\" title=\"frank-dario-kudelka\" rel=\"noopener noreferrer\">Frank Dar\u00edo Kudelka<\/a>, <strong>en Hurac\u00e1n ya ponen todos los ca\u00f1ones en el mercado de pases. <\/strong>Por estas horas, luego de la salida de Enrique Triverio (parti\u00f3 rumbo a The Strongest), las prioridades del Globo est\u00e1n bastante claras: <em><mark>un marcador central zurdo, un extremo y un 9.<\/mark><\/em> As\u00ed las cosas, la dirigencia no frena un segundo e intentar\u00e1&nbsp;abrochar los pedidos de FDK con la mayor antelaci\u00f3n posible\u2026<\/p>\n<div class=\"sp__SM\">\n<div class=\"content-new \">\n<span class=\"tit-mobile\">Mir\u00e1 tambi\u00e9n<\/span><\/p>\n<div class=\"mg\">\n<div class=\"wrap-figure\">\n<picture>\n<a href=\"https:\/\/www.ole.com.ar\/fuera-de-juego\/futbolista-salvo-tragedia-brasil-_0_p9FStZ3Ef.html\" target=\"_self\" rel=\"noopener noreferrer\"><br \/>\n<img class=\"img-responsive\" alt=\"El futbolista que se salv\u00f3 de morir aplastado: &quot;Fueron cinco minutos&quot;\" src=\"http:\/\/hoycordobaweb.com\/wp-content\/uploads\/2022\/01\/garzon-estamos-lejos-en-los-numeros-por-wanchope-2.jpg\" loading=\"lazy\"><br \/>\n<\/a>\n<\/picture>\n<\/div>\n<\/div><\/div>\n<\/div>\n<div class=\"sp__Normal\">\n<div class=\"image-embeb image-trigger\" readability=\"6.5\">\n<picture><source media=\"(min-width: 720px)\" srcset=\"http:\/\/hoycordobaweb.com\/wp-content\/uploads\/2022\/01\/garzon-estamos-lejos-en-los-numeros-por-wanchope-3.jpg\"><img itemprop=\"image\" src=\"http:\/\/hoycordobaweb.com\/wp-content\/uploads\/2022\/01\/garzon-estamos-lejos-en-los-numeros-por-wanchope-3.jpg\" loading=\"lazy\" alt=\"Garz\u00f3n confirm\u00f3 que el Globo ir\u00e1 por un extremo, un central y un 9 (Prensa Hurac\u00e1n).\">\n<\/picture><figcaption readability=\"3\">\n<p>Garz\u00f3n confirm\u00f3 que el Globo ir\u00e1 por un extremo, un central y un 9 (Prensa Hurac\u00e1n).\n<\/p>\n<\/figcaption><\/div>\n<\/div>\n<div class=\"sp__Normal\">\n<div class=\"image-embeb image-trigger\" readability=\"6\">\n<picture><source media=\"(min-width: 720px)\" srcset=\"http:\/\/hoycordobaweb.com\/wp-content\/uploads\/2022\/01\/garzon-estamos-lejos-en-los-numeros-por-wanchope-4.jpg\"><img itemprop=\"image\" src=\"http:\/\/hoycordobaweb.com\/wp-content\/uploads\/2022\/01\/garzon-estamos-lejos-en-los-numeros-por-wanchope-4.jpg\" loading=\"lazy\" alt=\"Triverio activ\u00f3 su cl\u00e1usula de salida y parti\u00f3 a Bolivia.\">\n<\/picture><figcaption readability=\"2\">\n<p>Triverio activ\u00f3 su cl\u00e1usula de salida y parti\u00f3 a Bolivia.\n<\/p>\n<\/figcaption><\/div>\n<\/div>\n<p>\u00abLa idea es buscar un 6, un delantero por afuera y un 9 m\u00e1s. Fue una semana movida, pero estamos muy tranquilos con Kudelka en la pretemporada buscando cerrar algunos jugadores m\u00e1s\u00bb, afirm\u00f3 el presidente del Globo, David Garz\u00f3n. Y agreg\u00f3: <em><mark>\u00abSe vienen torneos duros, porque arrancan los descensos y se van a reducir los equipos. Va a ser muy competitivo\u201d<\/mark><\/em>.<\/p>\n<div class=\"sp__SM\">\n<div class=\"content-new \">\n<span class=\"tit-mobile\">Mir\u00e1 tambi\u00e9n<\/span><\/p>\n<div class=\"mg\">\n<div class=\"wrap-figure\">\n<picture>\n<a href=\"https:\/\/www.ole.com.ar\/futbol-internacional\/francia\/lyon-psg-messi-ligue-1_0_RaqfvsKiV.html\" target=\"_self\" rel=\"noopener noreferrer\"><br \/>\n<img class=\"img-responsive\" alt=\"El PSG pierde sin Messi y va por el empate\" src=\"http:\/\/hoycordobaweb.com\/wp-content\/uploads\/2022\/01\/garzon-estamos-lejos-en-los-numeros-por-wanchope-5.jpg\" loading=\"lazy\"><br \/>\n<\/a>\n<\/picture>\n<\/div>\n<\/div><\/div>\n<\/div>\n<div class=\"sp__Normal\">\n<div class=\"image-embeb image-trigger\" readability=\"6.5\">\n<picture><source media=\"(min-width: 720px)\" srcset=\"http:\/\/hoycordobaweb.com\/wp-content\/uploads\/2022\/01\/garzon-estamos-lejos-en-los-numeros-por-wanchope-6.jpg\"><img itemprop=\"image\" src=\"http:\/\/hoycordobaweb.com\/wp-content\/uploads\/2022\/01\/garzon-estamos-lejos-en-los-numeros-por-wanchope-6.jpg\" loading=\"lazy\" alt=\"El presidente del Globo busca abrochar los refuerzos con la mayor antelaci\u00f3n posible (Prensa Hurac\u00e1n).\">\n<\/picture><figcaption readability=\"3\">\n<p>El presidente del Globo busca abrochar los refuerzos con la mayor antelaci\u00f3n posible (Prensa Hurac\u00e1n).\n<\/p>\n<\/figcaption><\/div>\n<\/div>\n<p>Adem\u00e1s, el presidente del Globo no le esquiv\u00f3 al bulto y respondi\u00f3 la consulta que tienen todos los hinchas de Hurac\u00e1n entre ceja y ceja:<strong> \u00bfPuede Ram\u00f3n \u00c1bila pegar la vuelta a Parque Patricios? <\/strong><em><mark>\u00abTengo una gran relaci\u00f3n con Wanchope \u00c1bila y siempre es un deseo tenerlo en Huracan, por ahora estamos lejos en los n\u00fameros\u00bb<\/mark><\/em>, afirm\u00f3 el mandam\u00e1s en charla con radio La Red. Pero, ojo, <strong>porque en las pr\u00f3ximas horas podr\u00eda aparecer un tapado, que, si bien no trascendi\u00f3 el nombre, ser\u00eda un extremo\u2026<\/strong><\/p>\n<div class=\"sp__Normal\">\n<div class=\"image-embeb image-trigger\" readability=\"6.5\">\n<picture><source media=\"(min-width: 720px)\" srcset=\"http:\/\/hoycordobaweb.com\/wp-content\/uploads\/2022\/01\/garzon-estamos-lejos-en-los-numeros-por-wanchope-7.jpg\"><img itemprop=\"image\" src=\"http:\/\/hoycordobaweb.com\/wp-content\/uploads\/2022\/01\/garzon-estamos-lejos-en-los-numeros-por-wanchope-7.jpg\" loading=\"lazy\" alt=\"Desde los n\u00fameros, la llegada de Wanchope hoy est\u00e1 lejos.\">\n<\/picture><figcaption readability=\"3\">\n<p>Desde los n\u00fameros, la llegada de Wanchope hoy est\u00e1 lejos.\n<\/p>\n<\/figcaption><\/div>\n<\/div>\n<p>Con este panorama, y a la espera de m\u00e1s caras nuevas, el Globo sigue con los trabajos en Escobar y se prepara para lo que ser\u00e1 la Copa LPF. Por ahora, con solamente dos refuerzos (Federico Fattori y Lucas Carrizo), pero a la espera de alguno que otro que est\u00e1 al caer\u2026 <\/p>\n<div class=\"entry-tags\">\n<h2>TEMAS QUE APARECEN EN ESTA NOTA<\/h2>\n<\/p><\/div>\n","protected":false},"excerpt":{"rendered":"<p>Las horas de turbulencia quedaron atr\u00e1s en Parque Patricios. Tras la renovaci\u00f3n de Frank Dar\u00edo Kudelka, en Hurac\u00e1n ya ponen todos los ca\u00f1ones en el mercado de pases. Por estas horas, luego de la salida de Enrique Triverio (parti\u00f3 rumbo a The Strongest), las prioridades del Globo est\u00e1n bastante claras: un marcador central zurdo, un [&hellip;]<\/p>\n","protected":false},"author":1,"featured_media":35459,"comment_status":"open","ping_status":"closed","sticky":false,"template":"","format":"standard","meta":[],"categories":[16],"tags":[],"_links":{"self":[{"href":"http:\/\/hoycordobaweb.com\/index.php\/wp-json\/wp\/v2\/posts\/35458"}],"collection":[{"href":"http:\/\/hoycordobaweb.com\/index.php\/wp-json\/wp\/v2\/posts"}],"about":[{"href":"http:\/\/hoycordobaweb.com\/index.php\/wp-json\/wp\/v2\/types\/post"}],"author":[{"embeddable":true,"href":"http:\/\/hoycordobaweb.com\/index.php\/wp-json\/wp\/v2\/users\/1"}],"replies":[{"embeddable":true,"href":"http:\/\/hoycordobaweb.com\/index.php\/wp-json\/wp\/v2\/comments?post=35458"}],"version-history":[{"count":0,"href":"http:\/\/hoycordobaweb.com\/index.php\/wp-json\/wp\/v2\/posts\/35458\/revisions"}],"wp:featuredmedia":[{"embeddable":true,"href":"http:\/\/hoycordobaweb.com\/index.php\/wp-json\/wp\/v2\/media\/35459"}],"wp:attachment":[{"href":"http:\/\/hoycordobaweb.com\/index.php\/wp-json\/wp\/v2\/media?parent=35458"}],"wp:term":[{"taxonomy":"category","embeddable":true,"href":"http:\/\/hoycordobaweb.com\/index.php\/wp-json\/wp\/v2\/categories?post=35458"},{"taxonomy":"post_tag","embeddable":true,"href":"http:\/\/hoycordobaweb.com\/index.php\/wp-json\/wp\/v2\/tags?post=35458"}],"curies":[{"name":"wp","href":"https:\/\/api.w.org\/{rel}","templated":true}]}}