{"id":35454,"date":"2022-01-09T20:42:53","date_gmt":"2022-01-09T20:42:53","guid":{"rendered":"https:\/\/www.ole.com.ar\/independiente\/independiente-montenegro-monzon-refuerzo_0_nUwfshzyH.html"},"modified":"2022-01-09T20:42:53","modified_gmt":"2022-01-09T20:42:53","slug":"el-rolfi-tomo-las-riendas-en-independiente","status":"publish","type":"post","link":"http:\/\/hoycordobaweb.com\/index.php\/2022\/01\/09\/el-rolfi-tomo-las-riendas-en-independiente\/","title":{"rendered":"El Rolfi tom\u00f3 las riendas en Independiente"},"content":{"rendered":"<p><img src=\"http:\/\/hoycordobaweb.com\/wp-content\/uploads\/2022\/01\/el-rolfi-tomo-las-riendas-en-independiente.jpg\"><\/p>\n<p><span><span>Algo aprendieron. A los ponchazos, con tropiezos, pero algo aprendieron. Y es que <strong>la dirigencia de <a data-cke-saved-href=\"https:\/\/www.ole.com.ar\/independiente\/\" target=\"_blank\" href=\"https:\/\/www.ole.com.ar\/independiente\/\" rel=\"noopener noreferrer\">Independiente <\/a>est\u00e1 dejando actual a su asesor deportivo, Daniel Montenegro, para que tom\u00e9 las decisiones en este mercado de pases, y traiga lo que m\u00e1s se adapte al proyecto futbol\u00edstico que les presento a los dirigentes<\/strong>, y el cual fue aprobado para que sea parte de un nuevo proceso institucional. De su mano lleg\u00f3 Eduardo <a data-cke-saved-href=\"https:\/\/www.ole.com.ar\/independiente\/tecnico-charla-delantero-ofertas_0_TebCFfH6V.html\" target=\"_blank\" href=\"https:\/\/www.ole.com.ar\/independiente\/tecnico-charla-delantero-ofertas_0_TebCFfH6V.html\" rel=\"noopener noreferrer\">Dom\u00ednguez<\/a>, y a la par encaminan un andar conectado, para lo que ser\u00e1 el armado del plantel 2022. La cuota del Rolfi toma cada d\u00eda m\u00e1s valor en el Rojo, y hoy, las riendas las toma \u00e9l.<\/span><\/span><\/p>\n<div class=\"sp__Normal\">\n<div class=\"image-embeb image-trigger\" readability=\"7.5\">\n<picture><source media=\"(min-width: 720px)\" srcset=\"http:\/\/hoycordobaweb.com\/wp-content\/uploads\/2022\/01\/el-rolfi-tomo-las-riendas-en-independiente-2.jpg\"><img itemprop=\"image\" src=\"http:\/\/hoycordobaweb.com\/wp-content\/uploads\/2022\/01\/el-rolfi-tomo-las-riendas-en-independiente-2.jpg\" loading=\"lazy\" alt=\"El Rolfi fue clave en la llegada de Dom\u00ednguez, y ahora act\u00faa para decidir qui\u00e9n sigue y quien se va del Rojo, de cara a la nueva temporada.\nFoto: Prensa Independiente\">\n<\/picture><figcaption readability=\"5\">\n<p>El Rolfi fue clave en la llegada de Dom\u00ednguez, y ahora act\u00faa para decidir qui\u00e9n sigue y quien se va del Rojo, de cara a la nueva temporada.<br \/>\nFoto: Prensa Independiente\n<\/p>\n<\/figcaption><\/div>\n<\/div>\n<p><span><span>D\u00edas atr\u00e1s, Julio C\u00e9sar <a data-cke-saved-href=\"https:\/\/www.ole.com.ar\/independiente\/dominguez-falcioni-enroque-tecnicos-_0_QseWXLNp0.html\" target=\"_blank\" href=\"https:\/\/www.ole.com.ar\/independiente\/dominguez-falcioni-enroque-tecnicos-_0_QseWXLNp0.html\" rel=\"noopener noreferrer\">Falcioni <\/a>explic\u00f3 que se enter\u00f3 por terceros de su salida del Rey de Copas, y que eso le molest\u00f3 mucho por parte del ex volante del Rojo. Pero que, sin embargo, recibi\u00f3 un pedido de disculpas de Montenegro, lo que fue bien recibido por el Emperador. Es que el ex futbolista se encuentra en un proceso de aprendizaje de esta nueva funci\u00f3n, y r\u00e1pidamente puso en pr\u00e1ctica lo que recibi\u00f3 como reto del experimentado entrenador:<strong> <a data-cke-saved-href=\"https:\/\/www.ole.com.ar\/independiente\/pedro-monzon-salida-independiente_0_e1LxnbkRT.html\" target=\"_blank\" href=\"https:\/\/www.ole.com.ar\/independiente\/pedro-monzon-salida-independiente_0_e1LxnbkRT.html\" rel=\"noopener noreferrer\">Monz\u00f3n <\/a>fue el que lleg\u00f3 a esa instancia, pero esta vez, el Rolfi, de frente, le cont\u00f3 que no ser\u00eda el DT de la Reserva del conjunto de Avellaneda.<\/strong><\/span><\/span><\/p>\n<div class=\"sp__Normal\">\n<div class=\"image-embeb image-trigger\" readability=\"7\">\n<picture><source media=\"(min-width: 720px)\" srcset=\"http:\/\/hoycordobaweb.com\/wp-content\/uploads\/2022\/01\/el-rolfi-tomo-las-riendas-en-independiente-3.jpg\"><img itemprop=\"image\" src=\"http:\/\/hoycordobaweb.com\/wp-content\/uploads\/2022\/01\/el-rolfi-tomo-las-riendas-en-independiente-3.jpg\" loading=\"lazy\" alt=\"Desde la dirigencia de Independiente conf\u00edan en el maneger: hoy las decisiones, pasan por \u00e9l. Foto: Prensa Independiente\">\n<\/picture><figcaption readability=\"4\">\n<p>Desde la dirigencia de Independiente conf\u00edan en el maneger: hoy las decisiones, pasan por \u00e9l.<br \/>\nFoto: Prensa Independiente\n<\/p>\n<\/figcaption><\/div>\n<\/div>\n<p><span><span><span><span>Y el que lo dej\u00f3 en claro no fue el manager, sino que fue<strong> el emblema del Rojo:<\/strong><\/span><\/span><\/span><\/span><span><span><strong> \u00abSo\u00f1aba con ser el DT de Primera de Independiente. Tuve una reuni\u00f3n con Rolfi Montenegro hace unas horas, me dijo que no estaba capacitado para dirigir la Reserva. Esta bien, lo llamaron para tomar decisiones y no estoy en su proyecto\u00bb.<\/strong> Y en contraste a lo que hoy hace Montenegro, que ya tiene voz y voto dentro de las determinaciones de qui\u00e9n sigue, qui\u00e9n llega o qui\u00e9n se va, anteriormente fue Jorge Burruchaga que, en el mismo lugar, no pudo llevarlo a cabo, y por su poca injerencia en el club, decidi\u00f3 dar un paso al costado antes del a\u00f1o de ser contratado.<\/span><\/span><\/p>\n<div class=\"sp__Normal\">\n<div class=\"image-embeb image-trigger\" readability=\"7.5\">\n<picture><source media=\"(min-width: 720px)\" srcset=\"http:\/\/hoycordobaweb.com\/wp-content\/uploads\/2022\/01\/el-rolfi-tomo-las-riendas-en-independiente-4.jpg\"><img itemprop=\"image\" src=\"http:\/\/hoycordobaweb.com\/wp-content\/uploads\/2022\/01\/el-rolfi-tomo-las-riendas-en-independiente-4.jpg\" loading=\"lazy\" alt=\"El asesor deportivo del Rey de Copas tom\u00f3 las riendas en este mercado de pases, y quiere retener a Bustos, Silvio Romero y Sebasti\u00e1n Sosa.\nFoto: Prensa Independiente\">\n<\/picture><figcaption readability=\"5\">\n<p>El asesor deportivo del Rey de Copas tom\u00f3 las riendas en este mercado de pases, y quiere retener a Bustos, Silvio Romero y Sebasti\u00e1n Sosa.<br \/>\nFoto: Prensa Independiente\n<\/p>\n<\/figcaption><\/div>\n<\/div>\n<p><span><span><\/span><\/span>La carpeta de 125 p\u00e1ginas presentadas por el manager ante H\u00e9ctor Maldonado, terminaron convenciendo a una dirigencia que se ven\u00eda de dar la cabeza contra la pared, en m\u00e1s de una ocasi\u00f3n, y que necesitaba hacer pie antes de ahogarse por completo. <strong>El Rolfi trajo velocidad, eficiencia y&nbsp;celeridad&nbsp;en este mercado de pases de Independiente. Hoy se est\u00e1 encargando de la renovaci\u00f3n de Bustos, de la continuidad de Sebasti\u00e1n Sosa y Silvio Romero, y en paralelo mantiene charlas con Vigo, Gigliotti y Vangioni. <\/strong>Dice presente, su conducci\u00f3n parece acertada, y el hincha del Rojo conf\u00eda en su preparaci\u00f3n para este rol.<span><span>\u200b<\/span><\/span><\/p>\n<div class=\"entry-tags\">\n<h2>TEMAS QUE APARECEN EN ESTA NOTA<\/h2>\n<\/p><\/div>\n","protected":false},"excerpt":{"rendered":"<p>Algo aprendieron. A los ponchazos, con tropiezos, pero algo aprendieron. Y es que la dirigencia de Independiente est\u00e1 dejando actual a su asesor deportivo, Daniel Montenegro, para que tom\u00e9 las decisiones en este mercado de pases, y traiga lo que m\u00e1s se adapte al proyecto futbol\u00edstico que les presento a los dirigentes, y el cual [&hellip;]<\/p>\n","protected":false},"author":1,"featured_media":35455,"comment_status":"open","ping_status":"closed","sticky":false,"template":"","format":"standard","meta":[],"categories":[16],"tags":[],"_links":{"self":[{"href":"http:\/\/hoycordobaweb.com\/index.php\/wp-json\/wp\/v2\/posts\/35454"}],"collection":[{"href":"http:\/\/hoycordobaweb.com\/index.php\/wp-json\/wp\/v2\/posts"}],"about":[{"href":"http:\/\/hoycordobaweb.com\/index.php\/wp-json\/wp\/v2\/types\/post"}],"author":[{"embeddable":true,"href":"http:\/\/hoycordobaweb.com\/index.php\/wp-json\/wp\/v2\/users\/1"}],"replies":[{"embeddable":true,"href":"http:\/\/hoycordobaweb.com\/index.php\/wp-json\/wp\/v2\/comments?post=35454"}],"version-history":[{"count":0,"href":"http:\/\/hoycordobaweb.com\/index.php\/wp-json\/wp\/v2\/posts\/35454\/revisions"}],"wp:featuredmedia":[{"embeddable":true,"href":"http:\/\/hoycordobaweb.com\/index.php\/wp-json\/wp\/v2\/media\/35455"}],"wp:attachment":[{"href":"http:\/\/hoycordobaweb.com\/index.php\/wp-json\/wp\/v2\/media?parent=35454"}],"wp:term":[{"taxonomy":"category","embeddable":true,"href":"http:\/\/hoycordobaweb.com\/index.php\/wp-json\/wp\/v2\/categories?post=35454"},{"taxonomy":"post_tag","embeddable":true,"href":"http:\/\/hoycordobaweb.com\/index.php\/wp-json\/wp\/v2\/tags?post=35454"}],"curies":[{"name":"wp","href":"https:\/\/api.w.org\/{rel}","templated":true}]}}