{"id":35427,"date":"2022-01-08T12:50:41","date_gmt":"2022-01-08T12:50:41","guid":{"rendered":"https:\/\/www.mujerhoy.com\/moda\/no-te-pierdas\/bolsos-tamano-mini-comodos-estilosos-bonitos-firmas-made-in-spain-llevar-telefono-movil-20220108135000-nt.html"},"modified":"2022-01-08T12:50:41","modified_gmt":"2022-01-08T12:50:41","slug":"bolsos-mini-made-in-spain-que-son-perfectos-para-llevar-el-movil-a-todas-partes-de-una-forma-comoda-y-estilosa","status":"publish","type":"post","link":"http:\/\/hoycordobaweb.com\/index.php\/2022\/01\/08\/bolsos-mini-made-in-spain-que-son-perfectos-para-llevar-el-movil-a-todas-partes-de-una-forma-comoda-y-estilosa\/","title":{"rendered":"Bolsos mini made in Spain que son perfectos para llevar el m\u00f3vil a todas partes de una forma c\u00f3moda y estilosa"},"content":{"rendered":"<p><!-- AUTHOR --><!-- COMPONENTS --><\/p>\n<p class=\"voc-paragraph\">Un <a data-voc-vtm-id=\"in-text-traffic\" href=\"https:\/\/www.mujerhoy.com\/moda\/no-te-pierdas\/bolsos-momento-tamano-mini-aqui-estan-disenos-bonitos-20210722073430-ga.html\">bolso de tama\u00f1o mini<\/a> es <strong>el complemento perfecto <\/strong>para llevar contigo <a data-voc-vtm-id=\"in-text-traffic\" href=\"https:\/\/www.mujerhoy.com\/moda\/no-te-pierdas\/202105\/26\/bolsos-mini-zara-baratos-bonitos-verano-llevar-movil-cartera-llaves-140487403776-ga.html\">lo imprescindible para el d\u00eda a d\u00eda<\/a>. Y no hay nada m\u00e1s imprescindible que <a data-voc-vtm-id=\"in-text-traffic\" href=\"https:\/\/www.mujerhoy.com\/moda\/no-te-pierdas\/mini-bolsos-portamoviles-comodos-zara-mango-bershka-bimba-lola-stradivarius-tendencia-20210819144118-ga.html\">el tel\u00e9fono m\u00f3vil<\/a>. Por eso hemos seleccionado tres modelos que son ideales para tenerlo siempre a mano, sin importar a d\u00f3nde vayas.\n<\/p>\n<p class=\"voc-paragraph\">Son todo lo que se puede esperar de un buen bolso: c\u00f3modos y estilosos al mismo tiempo. Adem\u00e1s, son tan vers\u00e1tiles que podr\u00e1s llevarlos con pr\u00e1cticamente cualquier conjunto. Pero lo mejor es que nos lo traen sendas firmas espa\u00f1olas y est\u00e1n elaborados con materiales de gran calidad. \u00c9chales un vistazo porque estamos seguras de que<br \/>\n<strong> te van a conquistar<\/strong>.\n<\/p>\n<div class=\"voc-detail__cmp\">\n<div class=\"voc-article-container\">\n<article class=\"voc-article voc-article--cmp-photo-text\" readability=\"1\">\n<div class=\"voc-img-container\" readability=\"7\"><picture>\n<div class=\"voc-horizontal voc-img-icon-link\"><img class=\"lazy\" loading=\"lazy\" data-original=\"\/\/static1.mujerhoy.com\/www\/multimedia\/202112\/23\/media\/cortadas\/bolso-mini-monamoon-kuvG--624x624@MujerHoy.jpg\" alt=\"La cartera portam\u00f3vil de Mona Moon est\u00e1 elaborada con aut\u00e9ntica piel de pit\u00f3n\"><\/div>\n<\/picture>\n<p class=\"figure-caption \"> La cartera portam\u00f3vil de Mona Moon est\u00e1 elaborada con aut\u00e9ntica piel de pit\u00f3n \/ <span class=\"voc-photo-author\"> Mona Moon <\/span><\/p>\n<\/div>\n<\/article>\n<\/div>\n<\/div>\n<p class=\"voc-paragraph\">Mona Moon, una firma de marroquiner\u00eda de Almer\u00eda, nos ofrece <strong>una cartera portam\u00f3vil negra<\/strong>. Est\u00e1 elaborada con aut\u00e9ntica piel de pit\u00f3n, por lo que su aspecto puede variar ligeramente. Cuenta con un tarjetero y un monedero interior. Tambi\u00e9n tiene un cord\u00f3n de cuero negro que puedes cruzar como bandolera o colgarlo del cuello. Cuesta 120 \u20ac.\n<\/p>\n<div class=\"voc-detail__cmp\">\n<div class=\"voc-article-container\">\n<article class=\"voc-article voc-article--cmp-photo-text\" readability=\"1\">\n<div class=\"voc-img-container\" readability=\"7\"><picture>\n<div class=\"voc-horizontal voc-img-icon-link\"><img class=\"lazy\" loading=\"lazy\" data-original=\"\/\/static1.mujerhoy.com\/www\/multimedia\/202112\/23\/media\/cortadas\/bolso-mini-naiaraelgarresta-kuvG--624x624@MujerHoy.jpg\" alt=\"Arrieta es un bolso para m\u00f3vil de piel de vacuno\"><\/div>\n<\/picture>\n<p class=\"figure-caption \"> Arrieta es un bolso para m\u00f3vil de piel de vacuno \/ <span class=\"voc-photo-author\"> Naiara Elgarresta <\/span><\/p>\n<\/div>\n<\/article>\n<\/div>\n<\/div>\n<p class=\"voc-paragraph\">Otra buena opci\u00f3n es el modelo Arrieta de la firma Naiara Elgarresta (Gipuzkoa). Se trata de un bolso para m\u00f3vil que est\u00e1 elaborado con piel de vacuno y tiene un estampado de serpiente. El interior est\u00e1 forrado con lino y tiene integrado un tarjetero de piel con tres compartimentos para tarjetas y documentaci\u00f3n. Pertenece a <strong>una edici\u00f3n limitada<\/strong> y tiene un precio de 150 \u20ac.\n<\/p>\n<div class=\"voc-detail__cmp\">\n<div class=\"voc-article-container\">\n<article class=\"voc-article voc-article--cmp-photo-text\" readability=\"1\">\n<div class=\"voc-img-container\" readability=\"7\"><picture>\n<div class=\"voc-horizontal voc-img-icon-link\"><img class=\"lazy\" loading=\"lazy\" data-original=\"\/\/static1.mujerhoy.com\/www\/multimedia\/202112\/23\/media\/cortadas\/bolso-mini-sursac-kuvG--624x624@MujerHoy.jpg\" alt=\"Aurora es un portam\u00f3vil de piel de vacuno\"><\/div>\n<\/picture>\n<p class=\"figure-caption \"> Aurora es un portam\u00f3vil de piel de vacuno \/ <span class=\"voc-photo-author\"> Sur Sac <\/span><\/p>\n<\/div>\n<\/article>\n<\/div>\n<\/div>\n<p class=\"voc-paragraph\">Si buscas <strong>un dise\u00f1o m\u00e1s sencillo<\/strong>, tienes que ver el modelo Aurora de la firma catalana Sur Sac. Es un portam\u00f3vil realizado en piel de vacuno y con un forro de algod\u00f3n. Tiene un asa bandolera y un logo grabado en dorado en la parte frontal. Est\u00e1 disponible en cuatro colores: teja, cuero, rosa y amarillo. Con un precio de 75 \u20ac, es el m\u00e1s barato de los tres.\n<\/p>\n<div class=\"voc-detail__cmp voc-detail__cmp--pad-lr voc-detail__cmp--pad-lr--bdr\">\n<div class=\"voc-ficha-detail__wrapper\">\n<section class=\"voc-ficha-detail\">\n<h4 class=\"voc-ficha-detail-title voc-title-section\">Te recomendamos<\/h4>\n<\/section>\n<\/div>\n<\/div>\n<p><!-- TOPICS --><\/p>\n","protected":false},"excerpt":{"rendered":"<p>Un bolso de tama\u00f1o mini es el complemento perfecto para llevar contigo lo imprescindible para el d\u00eda a d\u00eda. Y no hay nada m\u00e1s imprescindible que el tel\u00e9fono m\u00f3vil. Por eso hemos seleccionado tres modelos que son ideales para tenerlo siempre a mano, sin importar a d\u00f3nde vayas. Son todo lo que se puede esperar [&hellip;]<\/p>\n","protected":false},"author":1,"featured_media":35428,"comment_status":"closed","ping_status":"closed","sticky":false,"template":"","format":"standard","meta":[],"categories":[1],"tags":[],"_links":{"self":[{"href":"http:\/\/hoycordobaweb.com\/index.php\/wp-json\/wp\/v2\/posts\/35427"}],"collection":[{"href":"http:\/\/hoycordobaweb.com\/index.php\/wp-json\/wp\/v2\/posts"}],"about":[{"href":"http:\/\/hoycordobaweb.com\/index.php\/wp-json\/wp\/v2\/types\/post"}],"author":[{"embeddable":true,"href":"http:\/\/hoycordobaweb.com\/index.php\/wp-json\/wp\/v2\/users\/1"}],"replies":[{"embeddable":true,"href":"http:\/\/hoycordobaweb.com\/index.php\/wp-json\/wp\/v2\/comments?post=35427"}],"version-history":[{"count":0,"href":"http:\/\/hoycordobaweb.com\/index.php\/wp-json\/wp\/v2\/posts\/35427\/revisions"}],"wp:featuredmedia":[{"embeddable":true,"href":"http:\/\/hoycordobaweb.com\/index.php\/wp-json\/wp\/v2\/media\/35428"}],"wp:attachment":[{"href":"http:\/\/hoycordobaweb.com\/index.php\/wp-json\/wp\/v2\/media?parent=35427"}],"wp:term":[{"taxonomy":"category","embeddable":true,"href":"http:\/\/hoycordobaweb.com\/index.php\/wp-json\/wp\/v2\/categories?post=35427"},{"taxonomy":"post_tag","embeddable":true,"href":"http:\/\/hoycordobaweb.com\/index.php\/wp-json\/wp\/v2\/tags?post=35427"}],"curies":[{"name":"wp","href":"https:\/\/api.w.org\/{rel}","templated":true}]}}