{"id":35372,"date":"2022-01-07T20:14:06","date_gmt":"2022-01-07T20:14:06","guid":{"rendered":"https:\/\/www.ole.com.ar\/futbol-internacional\/espana\/gerard-pique-sueldo-barcelona_0_CqCurQfyP.html"},"modified":"2022-01-07T20:14:06","modified_gmt":"2022-01-07T20:14:06","slug":"pique-desmintio-cobrar-28-millones-y-mostro-su-recibo","status":"publish","type":"post","link":"http:\/\/hoycordobaweb.com\/index.php\/2022\/01\/07\/pique-desmintio-cobrar-28-millones-y-mostro-su-recibo\/","title":{"rendered":"Piqu\u00e9 desminti\u00f3 cobrar 28 millones y mostr\u00f3 su recibo"},"content":{"rendered":"<p><img src=\"http:\/\/hoycordobaweb.com\/wp-content\/uploads\/2022\/01\/pique-desmintio-cobrar-28-millones-y-mostro-su-recibo.jpg\"><\/p>\n<p><strong><a target=\"_blank\" href=\"https:\/\/www.ole.com.ar\/tema\/barcelona.html\" rel=\"noopener noreferrer\">Barcelona<\/a> est\u00e1 atravesando un duro momento econ\u00f3mico<\/strong>, el cual lo debilit\u00f3 futbol\u00edsticamente. La imposibilidad de retener a Messi y de traer refuerzos se vio reflejado en los resultados deportivos: <mark>quintos en La Liga de Espa\u00f1a y eliminados en fase de grupos de la Champions League<\/mark>.<\/p>\n<div class=\"sp__SM\">\n<div class=\"content-new \">\n<span class=\"tit-mobile\">Mir\u00e1 tambi\u00e9n<\/span><\/p>\n<div class=\"mg\">\n<div class=\"wrap-figure\">\n<picture>\n<a href=\"https:\/\/www.ole.com.ar\/futbol-internacional\/ribery-ceara-copa-sudamericana-brasil_0_URq-9t4qD.html\" target=\"_self\" rel=\"noopener noreferrer\"><br \/>\n<img class=\"img-responsive\" alt=\"\u00bfRibery en la Copa Sudamericana?\" src=\"http:\/\/hoycordobaweb.com\/wp-content\/uploads\/2022\/01\/pique-desmintio-cobrar-28-millones-y-mostro-su-recibo-2.jpg\" loading=\"lazy\"><br \/>\n<\/a>\n<\/picture>\n<\/div>\n<\/div><\/div>\n<\/div>\n<p>Estas dificultades provocaron que los referentes del plantel tengan que solidarizarse con la instituci\u00f3n y reducir su sueldo para que puedan salir adelante. <strong>Encabezados por <a data-cke-saved-href=\"https:\/\/www.ole.com.ar\/tema\/gerard-pique.html\" target=\"_blank\" href=\"https:\/\/www.ole.com.ar\/tema\/gerard-pique.html\" rel=\"noopener noreferrer\">Gerard Piqu\u00e9<\/a>, algunos de los nombres m\u00e1s importantes decidieron resignar&nbsp;parte de sus ingresos<\/strong>.<\/p>\n<p><strong>Sergio Busquets y Jordi Alba se bajaron un 25% el sueldo y renunciaron&nbsp;a sus variables<\/strong>. Adem\u00e1s, aceptaron un aplazamiento del 60% del pago de esta temporada. <strong>Sergi Roberto<\/strong> es otro de los jugadores que se sum\u00f3 a esta movida.<\/p>\n<div class=\"sp__SM\">\n<div class=\"content-new \">\n<span class=\"tit-mobile\">Mir\u00e1 tambi\u00e9n<\/span><\/p>\n<div class=\"mg\">\n<div class=\"wrap-figure\"> <picture>\n<a href=\"https:\/\/www.ole.com.ar\/futbol-internacional\/arturo-vidal-sancion-fifa_0_wK4vRBZun.html\" target=\"_self\" rel=\"noopener noreferrer\"><br \/>\n<img class=\"img-responsive\" alt=\"Dos duras para Chile rumbo a Qatar\" src=\"http:\/\/hoycordobaweb.com\/wp-content\/uploads\/2022\/01\/pique-desmintio-cobrar-28-millones-y-mostro-su-recibo-3.jpg\" loading=\"lazy\"><br \/>\n<\/a>\n<\/picture>\n<\/div>\n<\/div><\/div>\n<\/div>\n<p>Esto fue noticia a finales de julio del 2021, pero <strong>se reaviv\u00f3 la pol\u00e9mica en torno a los salarios<\/strong>. Un programa del canal&nbsp;Esport3, vinculado a&nbsp;TV3 y Catalunya Radio, dio una informaci\u00f3n sobre los sueldos. <mark>Aseguraron que Gerard Piqu\u00e9 era el mejor pago, percibiendo 28 millones de euros por temporada<\/mark>, seguido por <mark>Sergio&nbsp;Busquets (23 millones) y Jordi Alba (20)<\/mark>.<\/p>\n<p>R\u00e1pidamente, el defensor central sali\u00f3 a responder a trav\u00e9s de su cuenta de Twitter. El jugador de&nbsp;34 a\u00f1os <strong>public\u00f3 una captura de pantalla donde se puede observar el recibo de sueldo<\/strong> que recibi\u00f3 por parte del Barcelona por haber jugado los primeros seis meses de la temporada.<\/p>\n<div class=\"sp__Normal\">\n<div class=\"image-embeb image-trigger\" readability=\"6\">\n<picture><source media=\"(min-width: 720px)\" srcset=\"http:\/\/hoycordobaweb.com\/wp-content\/uploads\/2022\/01\/pique-desmintio-cobrar-28-millones-y-mostro-su-recibo-4.jpg\"><img itemprop=\"image\" src=\"http:\/\/hoycordobaweb.com\/wp-content\/uploads\/2022\/01\/pique-desmintio-cobrar-28-millones-y-mostro-su-recibo-4.jpg\" loading=\"lazy\" alt=\"El sueldo de Gerard Piqu\u00e9.\">\n<\/picture><figcaption readability=\"2\">\n<p>El sueldo de Gerard Piqu\u00e9.\n<\/p>\n<\/figcaption><\/div>\n<\/div>\n<p><mark>En esta imagen se puede ver que le pagaron $2.328.884 de euros<\/mark>. Cabe destacar que los jugadores reciben dos pagos por a\u00f1o: a mediados de la temporada y en el final. Por lo tanto, <strong>su salario gira en torno a $4.650.000<\/strong>. Piqu\u00e9 acompa\u00f1o la publicaci\u00f3n de un duro mensaje contra el periodista: \u00ab<mark>Personajes como este cobran&nbsp;de la televisi\u00f3n p\u00fablica para defender a sus amigos. Aqu\u00ed tienes el 50% de mi n\u00f3mina cobrada el&nbsp;30 de diciembre. Resp\u00e9tate un poco<\/mark>\u00ab.<\/p>\n<div class=\"sp__SM\">\n<div class=\"content-new \">\n<span class=\"tit-mobile\">Mir\u00e1 tambi\u00e9n<\/span><\/p>\n<div class=\"mg\">\n<div class=\"wrap-figure\">\n<picture>\n<a href=\"https:\/\/www.ole.com.ar\/fuera-de-juego\/cristiano-ronaldo-maquina-lesiones_0_TuqnY-caq.html\" target=\"_self\" rel=\"noopener noreferrer\"><br \/>\n<img class=\"img-responsive\" alt=\"C\u00f3mo es la novedosa m\u00e1quina que se compr\u00f3 Cristiano Ronaldo para evitar lesiones\" src=\"http:\/\/hoycordobaweb.com\/wp-content\/uploads\/2022\/01\/pique-desmintio-cobrar-28-millones-y-mostro-su-recibo-5.jpg\" loading=\"lazy\"><br \/>\n<\/a>\n<\/picture>\n<\/div>\n<\/div><\/div>\n<\/div>\n<div class=\"sp__SM\">\n<div class=\"content-new \">\n<span class=\"tit-mobile\">Mir\u00e1 tambi\u00e9n<\/span><\/p>\n<div class=\"mg\">\n<div class=\"wrap-figure\">\n<picture>\n<a href=\"https:\/\/www.ole.com.ar\/seleccion\/fifa-sancion-argentina-eliminatorias_0_GhhbaS8WW.html\" target=\"_self\" rel=\"noopener noreferrer\"><br \/>\n<img class=\"img-responsive\" alt=\"Otra sanci\u00f3n de la FIFA a Argentina\" src=\"http:\/\/hoycordobaweb.com\/wp-content\/uploads\/2022\/01\/pique-desmintio-cobrar-28-millones-y-mostro-su-recibo-6.jpg\" loading=\"lazy\"><br \/>\n<\/a>\n<\/picture>\n<\/div>\n<\/div><\/div>\n<\/div>\n<div class=\"sp__SM\">\n<div class=\"content-new \">\n<span class=\"tit-mobile\">Mir\u00e1 tambi\u00e9n<\/span><\/p>\n<div class=\"mg\">\n<div class=\"wrap-figure\">\n<picture>\n<a href=\"https:\/\/www.ole.com.ar\/futbol-internacional\/espana\/diego-lainez-vuelta-betis-mexico_0_7_9pme5xV.html\" target=\"_self\" rel=\"noopener noreferrer\"><br \/>\n<img class=\"img-responsive\" alt=\"Es mexicano, fue a Europa por una fortuna y no rindi\u00f3: &quot;Que se vuelva&quot;\" src=\"http:\/\/hoycordobaweb.com\/wp-content\/uploads\/2022\/01\/pique-desmintio-cobrar-28-millones-y-mostro-su-recibo-7.jpg\" loading=\"lazy\"><br \/>\n<\/a>\n<\/picture>\n<\/div>\n<\/div><\/div>\n<\/div>\n<div class=\"entry-tags\">\n<h2>TEMAS QUE APARECEN EN ESTA NOTA<\/h2>\n<\/p><\/div>\n","protected":false},"excerpt":{"rendered":"<p>Barcelona est\u00e1 atravesando un duro momento econ\u00f3mico, el cual lo debilit\u00f3 futbol\u00edsticamente. La imposibilidad de retener a Messi y de traer refuerzos se vio reflejado en los resultados deportivos: quintos en La Liga de Espa\u00f1a y eliminados en fase de grupos de la Champions League. Mir\u00e1 tambi\u00e9n Estas dificultades provocaron que los referentes del plantel [&hellip;]<\/p>\n","protected":false},"author":1,"featured_media":35373,"comment_status":"open","ping_status":"closed","sticky":false,"template":"","format":"standard","meta":[],"categories":[16],"tags":[],"_links":{"self":[{"href":"http:\/\/hoycordobaweb.com\/index.php\/wp-json\/wp\/v2\/posts\/35372"}],"collection":[{"href":"http:\/\/hoycordobaweb.com\/index.php\/wp-json\/wp\/v2\/posts"}],"about":[{"href":"http:\/\/hoycordobaweb.com\/index.php\/wp-json\/wp\/v2\/types\/post"}],"author":[{"embeddable":true,"href":"http:\/\/hoycordobaweb.com\/index.php\/wp-json\/wp\/v2\/users\/1"}],"replies":[{"embeddable":true,"href":"http:\/\/hoycordobaweb.com\/index.php\/wp-json\/wp\/v2\/comments?post=35372"}],"version-history":[{"count":0,"href":"http:\/\/hoycordobaweb.com\/index.php\/wp-json\/wp\/v2\/posts\/35372\/revisions"}],"wp:featuredmedia":[{"embeddable":true,"href":"http:\/\/hoycordobaweb.com\/index.php\/wp-json\/wp\/v2\/media\/35373"}],"wp:attachment":[{"href":"http:\/\/hoycordobaweb.com\/index.php\/wp-json\/wp\/v2\/media?parent=35372"}],"wp:term":[{"taxonomy":"category","embeddable":true,"href":"http:\/\/hoycordobaweb.com\/index.php\/wp-json\/wp\/v2\/categories?post=35372"},{"taxonomy":"post_tag","embeddable":true,"href":"http:\/\/hoycordobaweb.com\/index.php\/wp-json\/wp\/v2\/tags?post=35372"}],"curies":[{"name":"wp","href":"https:\/\/api.w.org\/{rel}","templated":true}]}}