{"id":35232,"date":"2022-01-04T18:31:06","date_gmt":"2022-01-04T18:31:06","guid":{"rendered":"https:\/\/www.ole.com.ar\/fuera-de-juego\/neymar-jerome-rothen-psg-criticas_0_rkOxpe06t.html"},"modified":"2022-01-04T18:31:06","modified_gmt":"2022-01-04T18:31:06","slug":"en-psg-arremetieron-contra-ney-envejece-gana-kilos-sin-parar","status":"publish","type":"post","link":"http:\/\/hoycordobaweb.com\/index.php\/2022\/01\/04\/en-psg-arremetieron-contra-ney-envejece-gana-kilos-sin-parar\/","title":{"rendered":"En PSG arremetieron contra Ney: \u00abEnvejece, gana kilos sin parar\u00bb"},"content":{"rendered":"<p><img src=\"http:\/\/hoycordobaweb.com\/wp-content\/uploads\/2022\/01\/en-psg-arremetieron-contra-ney-envejece-gana-kilos-sin-parar.jpg\"><\/p>\n<p>El inicio del 2022 est\u00e1 muy lejos de ser el esperado para el Paris Saint Germain, que aunque gole\u00f3 en su primer partido del a\u00f1o, acumula pol\u00e9micas y adversidades. Despu\u00e9s de anunciar el contagio de coronavirus de <a alt=\"lionel-messi\" class=\"slug\" href=\"https:\/\/www.ole.com.ar\/tema\/lionel-messi.html\" target=\"_blank\" title=\"lionel-messi\" rel=\"noopener noreferrer\">Lionel Messi<\/a> y otras estrellas del equipo como Gianluigi Donnarumma, este martes un ex futbolista del club arremeti\u00f3 directamente contra Neymar, quien se encuentra en Brasil de vacaciones y en proceso de recuperaci\u00f3n de su \u00faltima lesi\u00f3n.<\/p>\n<p>El crack brasile\u00f1o pas\u00f3 las fiestas con familiares y amigos en San Pablo, mientras mejora del esguince de tobillo con lesi\u00f3n ligamentaria que sufri\u00f3 en el pasado mes de noviembre, durante un encuentro frente al Saint-Ettiene. Como es habitual, el ex Barcelona y Santos comparte a diario en sus redes sociales las fiestas y partidas de p\u00f3ker que lleva a cabo, lo cual gener\u00f3 malestar en Jerome Rothen, un ex volante del PSG (entre 2004 y 2009). El franc\u00e9s fue muy cr\u00edtico y utiliz\u00f3 frases lapidarias con la actualidad futbol\u00edstica y de disciplina que afronta el paulista. <\/p>\n<div class=\"sp__SM\">\n<div class=\"content-new \">\n<span class=\"tit-mobile\">Mir\u00e1 tambi\u00e9n<\/span><\/p>\n<div class=\"mg\">\n<div class=\"wrap-figure\">\n<picture>\n<a href=\"https:\/\/www.ole.com.ar\/futbol-internacional\/espana\/barcelona-acuerdo-laporta-raiola-haaland_0_39aNhv8nX.html\" target=\"_self\" rel=\"noopener noreferrer\"><br \/>\n<img class=\"img-responsive\" alt=\"Barcelona habr\u00eda llegado a un acuerdo con Haaland\" src=\"http:\/\/hoycordobaweb.com\/wp-content\/uploads\/2022\/01\/en-psg-arremetieron-contra-ney-envejece-gana-kilos-sin-parar-2.jpg\" loading=\"lazy\"><br \/>\n<\/a>\n<\/picture>\n<\/div>\n<\/div><\/div>\n<\/div>\n<p>En su programa \u00abRothen S\u2019enflamme\u00bb, que se emite por el medio galo RMC, el ahora comentarista deportivo afirm\u00f3: <strong>\u201cEs menos eficiente. Envejece, gana kilos sin parar, no tiene la forma de vida adecuada<\/strong> \u00bfC\u00f3mo podemos aceptar eso de un jugador, que todav\u00eda no ha jugado el 50% de los partidos desde el inicio de la temporada y que tiene, en comparaci\u00f3n con otros a\u00f1os, una proporci\u00f3n de goles y asistencias por debajo?\u201d.<\/p>\n<div class=\"sp__Normal\">\n<div class=\"image-embeb image-trigger\" readability=\"6.5\">\n<picture><source media=\"(min-width: 720px)\" srcset=\"http:\/\/hoycordobaweb.com\/wp-content\/uploads\/2022\/01\/en-psg-arremetieron-contra-ney-envejece-gana-kilos-sin-parar-3.jpg\"><img itemprop=\"image\" src=\"http:\/\/hoycordobaweb.com\/wp-content\/uploads\/2022\/01\/en-psg-arremetieron-contra-ney-envejece-gana-kilos-sin-parar-3.jpg\" loading=\"lazy\" alt=\"Rothen (izquierda), visti\u00f3 tambi\u00e9n los colores del M\u00f3naco.\">\n<\/picture><figcaption readability=\"3\">\n<p>Rothen (izquierda), visti\u00f3 tambi\u00e9n los colores del M\u00f3naco.\n<\/p>\n<\/figcaption><\/div>\n<\/div>\n<p>En esa l\u00ednea, Rothen, que <a data-cke-saved-href=\"https:\/\/www.ole.com.ar\/futbol-internacional\/francia\/jerome-rothen_0_VbT9GtU8x.html\" target=\"_blank\" href=\"https:\/\/www.ole.com.ar\/futbol-internacional\/francia\/jerome-rothen_0_VbT9GtU8x.html\" rel=\"noopener noreferrer\">anteriormente hab\u00eda cargado con munici\u00f3n gruesa contra Sergio Ramos<\/a>, a\u00f1adi\u00f3 un pron\u00f3stico desalentador para Neymar a futuro: <strong>\u201cCuando pasas los 30, la recuperaci\u00f3n no va tan bien como a los 25 y cuando haces tonter\u00edas pones en riesgo todo\u201d<\/strong>. No obstante, tambi\u00e9n le tir\u00f3 un dardo a la dirigencia, en particular a Leonardo: \u201cVuelvo a culpar al director deportivo porque maneja la direcci\u00f3n deportiva. Es \u00e9l quien decide todo. Es \u00e9l quien da el visto bueno a Neymar para quedarse hasta el 9 de enero y hacerse tratamiento en Brasil. Pero \u00bfD\u00f3nde estamos? \u00a1Es incre\u00edble!\u201d.<\/p>\n<div class=\"sp__SM\">\n<div class=\"content-new \">\n<span class=\"tit-mobile\">Mir\u00e1 tambi\u00e9n<\/span><\/p>\n<div class=\"mg\">\n<div class=\"wrap-figure\">\n<picture>\n<a href=\"https:\/\/www.ole.com.ar\/informacion-general\/tammy-abraham-accidente-porsche-roma_0_2kJ7pkTZl.html\" target=\"_self\" rel=\"noopener noreferrer\"><br \/>\n<img class=\"img-responsive\" alt=\"Una estrella de la Roma choc\u00f3 su lujoso Porsche de camino al entrenamiento\" src=\"http:\/\/hoycordobaweb.com\/wp-content\/uploads\/2022\/01\/en-psg-arremetieron-contra-ney-envejece-gana-kilos-sin-parar-4.jpg\" loading=\"lazy\"><br \/>\n<\/a>\n<\/picture>\n<\/div>\n<\/div><\/div>\n<\/div>\n<p>El galo de 43 a\u00f1os r\u00e1pidamente recibi\u00f3 reproches del p\u00fablico, pero tambi\u00e9n adeptos. Es que&nbsp;el brasile\u00f1o transita&nbsp;su peor momento futbol\u00edstico desde su debut all\u00e1 por 2009, con 17 a\u00f1os. Al momento acumula&nbsp;solamente tres goles y tres asistencias en 10 partidos disputados, mientras que por Champions League no registra conquistas en cuatro juegos.<\/p>\n<div class=\"sp__Normal\">\n<div class=\"image-embeb image-trigger\" readability=\"6\">\n<picture><source media=\"(min-width: 720px)\" srcset=\"http:\/\/hoycordobaweb.com\/wp-content\/uploads\/2022\/01\/en-psg-arremetieron-contra-ney-envejece-gana-kilos-sin-parar-5.jpg\"><img itemprop=\"image\" src=\"http:\/\/hoycordobaweb.com\/wp-content\/uploads\/2022\/01\/en-psg-arremetieron-contra-ney-envejece-gana-kilos-sin-parar-5.jpg\" loading=\"lazy\" alt=\"Neymar acumula 90 goles en 130 partidos en PSG.\">\n<\/picture><figcaption readability=\"2\">\n<p>Neymar acumula 90 goles en 130 partidos en PSG.\n<\/p>\n<\/figcaption><\/div>\n<\/div>\n<p>Antes de cambiar de tema y en tono ir\u00f3nico, Rothen volvi\u00f3 a predecir los pr\u00f3ximos pasos de Ney aunque se centr\u00f3 en su vida social dentro de las redes:&nbsp;\u201cA trav\u00e9s de las tonter\u00edas de Neymar en las redes sociales como mostrarse jugando al p\u00f3ker, las fiestas , el A\u00f1o Nuevo&#8230; <strong>Ahora nos va a hacer videos en los que levanta pesas para decir que se est\u00e1 preparando para regresar con todo su apogeo en febrero\u201d<\/strong>. Dur\u00edsimo.&nbsp;<\/p>\n<div class=\"sp__SM\">\n<div class=\"content-new \">\n<span class=\"tit-mobile\">Mir\u00e1 tambi\u00e9n<\/span><\/p>\n<div class=\"mg\">\n<div class=\"wrap-figure\">\n<picture>\n<a href=\"https:\/\/www.ole.com.ar\/informacion-general\/hinchas-jalen-hurts-caida-tribuna-selfie_0_DpoPFq2i5.html\" target=\"_self\" rel=\"noopener noreferrer\"><br \/>\n<img class=\"img-responsive\" alt=\"Quer\u00edan saludar a su \u00eddolo, cayeron de la tribuna y se sacaron una selfie\" src=\"http:\/\/hoycordobaweb.com\/wp-content\/uploads\/2022\/01\/en-psg-arremetieron-contra-ney-envejece-gana-kilos-sin-parar-6.jpg\" loading=\"lazy\"><br \/>\n<\/a>\n<\/picture>\n<\/div>\n<\/div><\/div>\n<\/div>\n<div class=\"sp__SM\">\n<div class=\"content-new \">\n<span class=\"tit-mobile\">Mir\u00e1 tambi\u00e9n<\/span><\/p>\n<div class=\"mg\">\n<div class=\"wrap-figure\">\n<picture>\n<a href=\"https:\/\/www.ole.com.ar\/futbol-internacional\/espana\/valencia-queja-despilfarro-barcelona_0_lzlTmcwyL.html\" target=\"_self\" rel=\"noopener noreferrer\"><br \/>\n<img class=\"img-responsive\" alt=\"El t\u00e9cnico del Valencia se queja del despilfarro del Barcelona\" src=\"http:\/\/hoycordobaweb.com\/wp-content\/uploads\/2022\/01\/en-psg-arremetieron-contra-ney-envejece-gana-kilos-sin-parar-7.jpg\" loading=\"lazy\"><br \/>\n<\/a>\n<\/picture>\n<\/div>\n<\/div><\/div>\n<\/div>\n<div class=\"sp__SM\">\n<div class=\"content-new \">\n<span class=\"tit-mobile\">Mir\u00e1 tambi\u00e9n<\/span><\/p>\n<div class=\"mg\">\n<div class=\"wrap-figure\">\n<picture>\n<a href=\"https:\/\/www.ole.com.ar\/futbol-internacional\/america\/marco-fabian-pedido-jugar-futbol-mexico_0_pAiX7XGSz.html\" target=\"_self\" rel=\"noopener noreferrer\"><br \/>\n<img class=\"img-responsive\" alt=\"De jugar dos mundiales con M\u00e9xico a pedir que lo contraten\" src=\"http:\/\/hoycordobaweb.com\/wp-content\/uploads\/2022\/01\/en-psg-arremetieron-contra-ney-envejece-gana-kilos-sin-parar-8.jpg\" loading=\"lazy\"><br \/>\n<\/a>\n<\/picture>\n<\/div>\n<\/div><\/div>\n<\/div>\n<div class=\"entry-tags\">\n<h2>TEMAS QUE APARECEN EN ESTA NOTA<\/h2>\n<\/p><\/div>\n","protected":false},"excerpt":{"rendered":"<p>El inicio del 2022 est\u00e1 muy lejos de ser el esperado para el Paris Saint Germain, que aunque gole\u00f3 en su primer partido del a\u00f1o, acumula pol\u00e9micas y adversidades. Despu\u00e9s de anunciar el contagio de coronavirus de Lionel Messi y otras estrellas del equipo como Gianluigi Donnarumma, este martes un ex futbolista del club arremeti\u00f3 [&hellip;]<\/p>\n","protected":false},"author":1,"featured_media":35233,"comment_status":"open","ping_status":"closed","sticky":false,"template":"","format":"standard","meta":[],"categories":[16],"tags":[],"_links":{"self":[{"href":"http:\/\/hoycordobaweb.com\/index.php\/wp-json\/wp\/v2\/posts\/35232"}],"collection":[{"href":"http:\/\/hoycordobaweb.com\/index.php\/wp-json\/wp\/v2\/posts"}],"about":[{"href":"http:\/\/hoycordobaweb.com\/index.php\/wp-json\/wp\/v2\/types\/post"}],"author":[{"embeddable":true,"href":"http:\/\/hoycordobaweb.com\/index.php\/wp-json\/wp\/v2\/users\/1"}],"replies":[{"embeddable":true,"href":"http:\/\/hoycordobaweb.com\/index.php\/wp-json\/wp\/v2\/comments?post=35232"}],"version-history":[{"count":0,"href":"http:\/\/hoycordobaweb.com\/index.php\/wp-json\/wp\/v2\/posts\/35232\/revisions"}],"wp:featuredmedia":[{"embeddable":true,"href":"http:\/\/hoycordobaweb.com\/index.php\/wp-json\/wp\/v2\/media\/35233"}],"wp:attachment":[{"href":"http:\/\/hoycordobaweb.com\/index.php\/wp-json\/wp\/v2\/media?parent=35232"}],"wp:term":[{"taxonomy":"category","embeddable":true,"href":"http:\/\/hoycordobaweb.com\/index.php\/wp-json\/wp\/v2\/categories?post=35232"},{"taxonomy":"post_tag","embeddable":true,"href":"http:\/\/hoycordobaweb.com\/index.php\/wp-json\/wp\/v2\/tags?post=35232"}],"curies":[{"name":"wp","href":"https:\/\/api.w.org\/{rel}","templated":true}]}}