{"id":35222,"date":"2022-01-04T20:29:14","date_gmt":"2022-01-04T20:29:14","guid":{"rendered":"https:\/\/www.ole.com.ar\/boca-juniors\/boca-pol-fernandez-cruz-azul_0_1pqLKqlou.html"},"modified":"2022-01-04T20:29:14","modified_gmt":"2022-01-04T20:29:14","slug":"chau-boca-pol-fernandez-decidio-seguir-en-cruz-azul","status":"publish","type":"post","link":"http:\/\/hoycordobaweb.com\/index.php\/2022\/01\/04\/chau-boca-pol-fernandez-decidio-seguir-en-cruz-azul\/","title":{"rendered":"Chau Boca: Pol Fern\u00e1ndez decidi\u00f3 seguir en Cruz Azul"},"content":{"rendered":"<p><img src=\"http:\/\/hoycordobaweb.com\/wp-content\/uploads\/2022\/01\/chau-boca-pol-fernandez-decidio-seguir-en-cruz-azul.jpg\"><\/p>\n<p>El plantel de <strong><a alt=\"boca-juniors\" class=\"slug\" href=\"https:\/\/www.ole.com.ar\/tema\/boca-juniors.html\" target=\"_blank\" title=\"boca-juniors\" rel=\"noopener noreferrer\">Boca<\/a><\/strong> volvi\u00f3 a las pr\u00e1cticas con algunos casos de Covid, varios futbolistas que regresaron de sus pr\u00e9stamos pero no ser\u00e1n tenidos en cuenta, pero con ning\u00fan refuerzo de cara a la pr\u00f3xima temporada. Y para colmo, sufri\u00f3 un duro golpe de mercado cuando lo que espera su gente es el anuncio de una nueva incorporaci\u00f3n. \u00bfQu\u00e9 sucedi\u00f3?<strong> <a alt=\"guillermo-fernandez\" class=\"slug\" href=\"https:\/\/www.ole.com.ar\/tema\/guillermo-fernandez.html\" target=\"_blank\" title=\"guillermo-fernandez\" rel=\"noopener noreferrer\">Guillermo Fern\u00e1ndez<\/a> se comunic\u00f3 con el club&nbsp;para anunciar que decidi\u00f3 quedarse un semestre m\u00e1s en Cruz Azul y desestim\u00f3 as\u00ed el llamado de Juan Rom\u00e1n Riquelme para incorporarse al equipo de Sebasti\u00e1n Battaglia<\/strong>.<\/p>\n<div class=\"sp__SM\">\n<div class=\"content-new \">\n<span class=\"tit-mobile\">Mir\u00e1 tambi\u00e9n<\/span><\/p>\n<div class=\"mg\">\n<div class=\"wrap-figure\">\n<picture>\n<a href=\"https:\/\/www.ole.com.ar\/boca-juniors\/battaglia-resultado-test-coronavirus_0_yyamK67OD.html\" target=\"_self\" rel=\"noopener noreferrer\"><br \/>\n<img class=\"img-responsive\" alt=\"Battaglia, por ahora sin pretemporada\" src=\"http:\/\/hoycordobaweb.com\/wp-content\/uploads\/2022\/01\/chau-boca-pol-fernandez-decidio-seguir-en-cruz-azul-2.jpg\" loading=\"lazy\"><br \/>\n<\/a>\n<\/picture>\n<\/div>\n<\/div><\/div>\n<\/div>\n<div class=\"sp__SM\">\n<div class=\"content-new \">\n<span class=\"tit-mobile\">Mir\u00e1 tambi\u00e9n<\/span><\/p>\n<div class=\"mg\">\n<div class=\"wrap-figure\">\n<picture>\n<a href=\"https:\/\/www.ole.com.ar\/boca-juniors\/boca-juniors-valentin-barco-ping-pong_0_4K6pJP59N.html\" target=\"_self\" rel=\"noopener noreferrer\"><br \/>\n<img class=\"img-responsive\" alt=\"Valent\u00edn Barco y el crack europeo al que le gustar\u00eda tirarle un ca\u00f1o\" src=\"http:\/\/hoycordobaweb.com\/wp-content\/uploads\/2022\/01\/chau-boca-pol-fernandez-decidio-seguir-en-cruz-azul-3.jpg\" loading=\"lazy\"><br \/>\n<\/a>\n<\/picture>\n<\/div>\n<\/div><\/div>\n<\/div>\n<p>Al parecer, no se trata de una negativa que tuviera que ver con las esquirlas que hubieran quedado por su mala salida del club, cuando en octubre de 2020 Boca decidi\u00f3 colgarlo por una discrepancia contractual entre las partes. En realidad, Pol hasta agradeci\u00f3 el gesto de Boca de llamarlo, pero<strong> decidi\u00f3 cumplir su contrato con el equipo mexicano y quedar con el pase en su poder a mitad de este a\u00f1o<\/strong>, y ah\u00ed habr\u00e1 que ver si Boca est\u00e1 en condiciones de incorporar a un futbolista que tendr\u00e1 opciones para elegir.<\/p>\n<p>Para la dirigencia del club <strong>es un trago amargo<\/strong>, ya que esperaba poder contar con un jugador que demostr\u00f3 su valor cuando fue parte fundamental del t\u00edtulo de la Superliga 2019-2020 y hab\u00eda sido titular en 13 de los 14 partidos de la era Russo, hasta el encuentro contra Lan\u00fas, el 31 de octubre. Ese d\u00eda ingres\u00f3 apenas 16 minutos y no volvi\u00f3 a jugar m\u00e1s en Boca por su problema con la dirigencia por su contrato. Para Boca es un problema doble, porque no consigue incorporar a un futbolista que podr\u00eda llenar el espacio que dej\u00f3 Edwin Cardona, y adem\u00e1s le impide solucionar el conflicto con Cristian Pav\u00f3n y le arruina la chance de monetizar algo por su pase.<\/p>\n<p>Efectivamente, <strong>Cruz Azul se comunic\u00f3 con Boca interesado por Kich\u00e1n, y ah\u00ed el Consejo vio la chance de conseguir a Pol como parte de la operaci\u00f3n<\/strong>. Como en junio el delantero se queda con el pase en su poder, y no renovar\u00e1 contrato, esta chance era una buena forma de obtener un buen dinero por Pav\u00f3n -unos cinco millones de d\u00f3lares aproximadamente-, lejos de los 20 de la cl\u00e1usula de salida pero interesante ante la alternativa de no recibir nada dentro de cinco meses. Ahora todo vuelve a fojas cero.<\/p>\n<div class=\"sp__SM\">\n<div class=\"content-new \">\n<span class=\"tit-mobile\">Mir\u00e1 tambi\u00e9n<\/span><\/p>\n<div class=\"mg\">\n<div class=\"wrap-figure\">\n<picture>\n<a href=\"https:\/\/www.ole.com.ar\/boca-juniors\/palmeiras-boca-pase-marcos-rojo_0_ya1SsoHxs.html\" target=\"_self\" rel=\"noopener noreferrer\"><br \/>\n<img class=\"img-responsive\" alt=\"Palmeiras quiere llevarse a un referente de Boca\" src=\"http:\/\/hoycordobaweb.com\/wp-content\/uploads\/2022\/01\/chau-boca-pol-fernandez-decidio-seguir-en-cruz-azul-4.jpg\" loading=\"lazy\"><br \/>\n<\/a>\n<\/picture>\n<\/div>\n<\/div><\/div>\n<\/div>\n<div class=\"sp__SM\">\n<div class=\"content-new \">\n<span class=\"tit-mobile\">Mir\u00e1 tambi\u00e9n<\/span><\/p>\n<div class=\"mg\">\n<div class=\"wrap-figure\">\n<picture>\n<a href=\"https:\/\/www.ole.com.ar\/racing\/racing-cardona-boca_0_QCL1FJh3c.html\" target=\"_self\" rel=\"noopener noreferrer\"><br \/>\n<img class=\"img-responsive\" alt=\"Cardona se acerca a Racing\" src=\"http:\/\/hoycordobaweb.com\/wp-content\/uploads\/2022\/01\/chau-boca-pol-fernandez-decidio-seguir-en-cruz-azul-5.jpg\" loading=\"lazy\"><br \/>\n<\/a>\n<\/picture>\n<\/div>\n<\/div><\/div>\n<\/div>\n<p><strong>Pol Fern\u00e1ndez sorprendi\u00f3 por su rendimiento y fue uno de los grandes aciertos de mercado<\/strong>, que no fueron muchos, de la era Riquelme. Fue clave en el mejor momento del ciclo Russo, y su salida produjo una fuerte reacci\u00f3n interna del plantel, que se quej\u00f3 (primero en p\u00fablico y luego en privado) cuando al mediocampista lo sacaron del equipo y no lo dejaron jugar m\u00e1s. Incluso, fue el propio <strong>Carlos Tevez quien reconoci\u00f3 que la limpieza de Pol fue irreparable para el funcionamiento de Boca<\/strong>. \u00abPol era un jugador fundamental para nosotros. Se hab\u00eda ganado nuestro cari\u00f1o y se vio reflejado en la cancha. El equipo despu\u00e9s de su partida perdi\u00f3 much\u00edsimo. Era el jugador que nos daba din\u00e1mica defensivamente y ofensivamente. Recuperaba y nos llevaba la pelota. Ten\u00edamos m\u00e1s espacios y tiempos. El cubr\u00eda todo eso. La partida de Pol a nosotros nos cay\u00f3 pesado\u00bb, explic\u00f3 el Apache. Ahora habr\u00e1 que buscar por otro lado&#8230;<\/p>\n<div class=\"entry-tags\">\n<h2>TEMAS QUE APARECEN EN ESTA NOTA<\/h2>\n<\/p><\/div>\n","protected":false},"excerpt":{"rendered":"<p>El plantel de Boca volvi\u00f3 a las pr\u00e1cticas con algunos casos de Covid, varios futbolistas que regresaron de sus pr\u00e9stamos pero no ser\u00e1n tenidos en cuenta, pero con ning\u00fan refuerzo de cara a la pr\u00f3xima temporada. Y para colmo, sufri\u00f3 un duro golpe de mercado cuando lo que espera su gente es el anuncio de [&hellip;]<\/p>\n","protected":false},"author":1,"featured_media":35223,"comment_status":"open","ping_status":"closed","sticky":false,"template":"","format":"standard","meta":[],"categories":[16],"tags":[],"_links":{"self":[{"href":"http:\/\/hoycordobaweb.com\/index.php\/wp-json\/wp\/v2\/posts\/35222"}],"collection":[{"href":"http:\/\/hoycordobaweb.com\/index.php\/wp-json\/wp\/v2\/posts"}],"about":[{"href":"http:\/\/hoycordobaweb.com\/index.php\/wp-json\/wp\/v2\/types\/post"}],"author":[{"embeddable":true,"href":"http:\/\/hoycordobaweb.com\/index.php\/wp-json\/wp\/v2\/users\/1"}],"replies":[{"embeddable":true,"href":"http:\/\/hoycordobaweb.com\/index.php\/wp-json\/wp\/v2\/comments?post=35222"}],"version-history":[{"count":0,"href":"http:\/\/hoycordobaweb.com\/index.php\/wp-json\/wp\/v2\/posts\/35222\/revisions"}],"wp:featuredmedia":[{"embeddable":true,"href":"http:\/\/hoycordobaweb.com\/index.php\/wp-json\/wp\/v2\/media\/35223"}],"wp:attachment":[{"href":"http:\/\/hoycordobaweb.com\/index.php\/wp-json\/wp\/v2\/media?parent=35222"}],"wp:term":[{"taxonomy":"category","embeddable":true,"href":"http:\/\/hoycordobaweb.com\/index.php\/wp-json\/wp\/v2\/categories?post=35222"},{"taxonomy":"post_tag","embeddable":true,"href":"http:\/\/hoycordobaweb.com\/index.php\/wp-json\/wp\/v2\/tags?post=35222"}],"curies":[{"name":"wp","href":"https:\/\/api.w.org\/{rel}","templated":true}]}}