{"id":35197,"date":"2022-01-03T20:12:00","date_gmt":"2022-01-03T20:12:00","guid":{"rendered":"http:\/\/hoycordobaweb.com\/index.php\/2022\/01\/03\/apunalo-a-su-expareja-escapo-de-los-vecinos-que-querian-lincharlo-y-lo-detuvieron\/"},"modified":"2022-01-03T20:12:00","modified_gmt":"2022-01-03T20:12:00","slug":"apunalo-a-su-expareja-escapo-de-los-vecinos-que-querian-lincharlo-y-lo-detuvieron","status":"publish","type":"post","link":"http:\/\/hoycordobaweb.com\/index.php\/2022\/01\/03\/apunalo-a-su-expareja-escapo-de-los-vecinos-que-querian-lincharlo-y-lo-detuvieron\/","title":{"rendered":"Apu\u00f1al\u00f3 a su expareja, escap\u00f3 de los vecinos que quer\u00edan lincharlo y lo detuvieron"},"content":{"rendered":"<p><img src=\"http:\/\/hoycordobaweb.com\/wp-content\/uploads\/2022\/01\/apunalo-a-su-expareja-escapo-de-los-vecinos-que-querian-lincharlo-y-lo-detuvieron.jpg\"><\/p>\n<figure class=\"mb-3\"><img loading=\"lazy\" src=\"http:\/\/hoycordobaweb.com\/wp-content\/uploads\/2022\/01\/apunalo-a-su-expareja-escapo-de-los-vecinos-que-querian-lincharlo-y-lo-detuvieron-2.jpg\" width=\"100%\" height=\"100%\" alt=\"La zona donde ocurri el femicidio de la agente de polica Foto Street view \"><figcaption> La zona donde ocurri\u00f3 el femicidio de la agente de polic\u00eda. (Foto: Street view). <\/figcaption><\/figure>\n<p>Una<strong> mujer polic\u00eda de 30 a\u00f1os fue asesinada este lunes de al menos 13 cuchillazos en el cuello, cara y brazos <\/strong>en su vivienda de Melchor Romero por su expareja, quien la atac\u00f3 aparentemente tras una discusi\u00f3n porque se resist\u00eda a terminar la relaci\u00f3n que los un\u00eda, huy\u00f3 a pesar de que los vecinos intentaron lincharlo y finalmente fue detenido, informaron fuentes policiales y judiciales.<\/p>\n<p>El agresor fue identificado por los investigadores como <strong>N\u00e9lson Iv\u00e1n Teves (34)<\/strong>, un empleado metal\u00fargico que no ten\u00eda antecedentes por violencia de g\u00e9nero, quien qued\u00f3 alojado en una dependencia policial y el martes ser\u00e1 indagado por el delito de \u00abhomicidio calificado por relaci\u00f3n de pareja y por mediar violencia de g\u00e9nero\u00bb, el cual prev\u00e9 como pena la prisi\u00f3n perpetua.<\/p>\n<p>El femicidio se registr\u00f3 alrededor de las 2 de la madrugada en una vivienda ubicada en la calle 156, entre 529 y 530, de la localidad de Melchor Romero, donde la v\u00edctima, identificada como <strong>Tamara G\u00f3mez Coronel, oficial del Comando de Patrullas de La Plata<\/strong> mantuvo una discusi\u00f3n con Teves.<\/p>\n<p>Los investigadores lograron determinar que la noche previa el hombre llev\u00f3 a la hija de 8 a\u00f1os que ten\u00edan en com\u00fan a la casa de un familiar, a quien le pidi\u00f3 que la recibiera para dormir.<\/p>\n<p>Luego, se dirigi\u00f3 a la casa de Tamara, quien ya hab\u00eda tomado la decisi\u00f3n de separarse desde fin de a\u00f1o y se lo hab\u00eda hecho saber a su pareja.<\/p>\n<p>Sin embargo, esa madrugada se origin\u00f3 una nueva discusi\u00f3n y Teves comenz\u00f3 a agredir a Tamara, primero a golpes y luego con una cuchilla del tipo carnicero, que los investigadores presumen que el agresor llev\u00f3 escondida porque no era de la casa.<\/p>\n<p>Una hermana de Tamara que vive en el mismo predio pero en una casa en el fondo, comenz\u00f3 a escuchar los gritos de auxilio de su hermana y corri\u00f3 para auxiliarla.<\/p>\n<p>\u00abIngres\u00f3 por una ventana y vio al hombre mientras segu\u00eda apu\u00f1alado a su hermana. Se arroj\u00f3 sobre \u00e9l y logr\u00f3 apartarlo\u00bb, dijo a T\u00e9lam un investigador, quien agreg\u00f3 que <strong>el agresor arroj\u00f3 la cuchilla y sali\u00f3 a la calle para escapar del lugar.<\/strong><\/p>\n<p>Sin embargo, en la vereda ya se encontraban varios vecinos que comenzaron a atacarlo.<\/p>\n<p>\u00abEl hombre corri\u00f3 hasta su veh\u00edculo y logr\u00f3 escapar, a pesar de que los vecinos le arrojaban piedras y hasta la rompieron la luneta del autom\u00f3vil Volskwagen Polo color azul\u00bb, explic\u00f3 el investigador.<\/p>\n<blockquote class><p>No hab\u00eda alertas o antecedentes violentos por parte de esta persona.&nbsp;Pero el crimen fue premeditado.<\/p><\/blockquote>\n<p>Cuando la polic\u00eda arrib\u00f3 al lugar alertada por un llamado al 911, los efectivos advirtieron que la v\u00edctima se encontraba tendida en el suelo, por lo que la trasladaron al Hospital Alejandro Korn, pero los m\u00e9dicos no lograron salvar su vida.<\/p>\n<p>Los voceros a\u00f1adieron que<strong> el hombre fue detenido poco despu\u00e9s, en las calles 170 y 517,<\/strong> mientras caminaba con el torso desnudo, pantal\u00f3n corto y ojotas.<\/p>\n<p>\u00abTen\u00eda manchas de sangre y un corte en dedo pulgar de la mano derecha\u00bb, detallaron los investigadores y precisaron que su auto fue encontrado en la casa de un familiar, ubicada en las calles 177 y 526.<\/p>\n<p>\u00abSeg\u00fan narraron los familiares de Tamara, no hab\u00eda alertas o antecedentes violentos por parte de esta persona. <strong>Pero el crimen fue premeditado<\/strong>: primero busc\u00f3 a la nena, la dej\u00f3 en lo del padrino y volvi\u00f3 al domicilio con un cuchillo\u00bb, indic\u00f3 uno de los investigadores a T\u00e9lam.<\/p>\n<p>Marta, la madre de Tamara, cont\u00f3 en declaraciones a la prensa que su hija menor fue quien \u00abescuch\u00f3 un grito de ayuda muy bajito, lo oy\u00f3 porque vive pegadito a la casa, y cuando fue a ver qu\u00e9 pasaba la vio a Tamara con el cuello cortado y a Teves que segu\u00eda apu\u00f1al\u00e1ndola\u00bb.<\/p>\n<p>\u00abNunca lleg\u00f3 a golpearla que yo sepa, pero siempre fue muy altanero, muy soberbio\u00bb, remarc\u00f3 la madre de la v\u00edctima, quien agreg\u00f3 que no sabe c\u00f3mo hacer para contarle a su nieta lo que pas\u00f3 con su madre.<\/p>\n<p>\u00abUna cosa es decirle tu mam\u00e1 falleci\u00f3, se fue al cielo&#8230; pero decirle que el pap\u00e1 la mat\u00f3 es muy complicado\u00bb, dijo con pesar, tras lo cual agreg\u00f3 que la hija de su otra hija tambi\u00e9n \u00absufri\u00f3 un trauma muy grande porque ingres\u00f3 a la vivienda donde estaba Tamara tras escuchar los gritos para ver lo que estaba pasando\u00bb.<\/p>\n<p>El hecho es investigado por el fiscal platense Juan Cruz Condom\u00ed Alcorta, quien tiene previsto indagar ma\u00f1ana al detenido, tras solicitar la detenci\u00f3n formal ante el juez de Garant\u00edas de La Plata, Agust\u00edn Crispo. <\/p>\n","protected":false},"excerpt":{"rendered":"<p>La zona donde ocurri\u00f3 el femicidio de la agente de polic\u00eda. (Foto: Street view). Una mujer polic\u00eda de 30 a\u00f1os fue asesinada este lunes de al menos 13 cuchillazos en el cuello, cara y brazos en su vivienda de Melchor Romero por su expareja, quien la atac\u00f3 aparentemente tras una discusi\u00f3n porque se resist\u00eda a [&hellip;]<\/p>\n","protected":false},"author":1,"featured_media":35198,"comment_status":"open","ping_status":"closed","sticky":false,"template":"","format":"standard","meta":[],"categories":[19],"tags":[],"_links":{"self":[{"href":"http:\/\/hoycordobaweb.com\/index.php\/wp-json\/wp\/v2\/posts\/35197"}],"collection":[{"href":"http:\/\/hoycordobaweb.com\/index.php\/wp-json\/wp\/v2\/posts"}],"about":[{"href":"http:\/\/hoycordobaweb.com\/index.php\/wp-json\/wp\/v2\/types\/post"}],"author":[{"embeddable":true,"href":"http:\/\/hoycordobaweb.com\/index.php\/wp-json\/wp\/v2\/users\/1"}],"replies":[{"embeddable":true,"href":"http:\/\/hoycordobaweb.com\/index.php\/wp-json\/wp\/v2\/comments?post=35197"}],"version-history":[{"count":0,"href":"http:\/\/hoycordobaweb.com\/index.php\/wp-json\/wp\/v2\/posts\/35197\/revisions"}],"wp:featuredmedia":[{"embeddable":true,"href":"http:\/\/hoycordobaweb.com\/index.php\/wp-json\/wp\/v2\/media\/35198"}],"wp:attachment":[{"href":"http:\/\/hoycordobaweb.com\/index.php\/wp-json\/wp\/v2\/media?parent=35197"}],"wp:term":[{"taxonomy":"category","embeddable":true,"href":"http:\/\/hoycordobaweb.com\/index.php\/wp-json\/wp\/v2\/categories?post=35197"},{"taxonomy":"post_tag","embeddable":true,"href":"http:\/\/hoycordobaweb.com\/index.php\/wp-json\/wp\/v2\/tags?post=35197"}],"curies":[{"name":"wp","href":"https:\/\/api.w.org\/{rel}","templated":true}]}}