{"id":35191,"date":"2022-01-03T20:01:51","date_gmt":"2022-01-03T20:01:51","guid":{"rendered":"https:\/\/www.trendencias.com\/libros-y-literatura\/libros-esperados-que-trae-2022"},"modified":"2022-01-03T20:01:51","modified_gmt":"2022-01-03T20:01:51","slug":"los-libros-mas-esperados-que-trae-2022","status":"publish","type":"post","link":"http:\/\/hoycordobaweb.com\/index.php\/2022\/01\/03\/los-libros-mas-esperados-que-trae-2022\/","title":{"rendered":"Los libros m\u00e1s esperados que trae 2022"},"content":{"rendered":"<p>Antes de morir, el pasado mes de diciembre, Almudena Grandes hab\u00eda dejado escrita una novela que finalmente tendr\u00e1 que publicarse de forma p\u00f3stuma. Sin embargo, Tusquets no ha desvelado todav\u00eda nada, a pesar de que se prev\u00e9 que vea la luz en alg\u00fan punto de este a\u00f1o. De los que s\u00ed se sabe ya fecha de publicaci\u00f3n es de <strong>estos esperad\u00edsimos libros que llegar\u00e1n a las librer\u00edas espa\u00f1olas durante el primer trimestre de 2022<\/strong>.<\/p>\n<p><!-- BREAK 1 --><\/p>\n<div class=\"article-asset article-asset-normal article-asset-center\">\n<div class=\"desvio-container\">\n<div class=\"desvio\">\n<div class=\"desvio-figure js-desvio-figure\"> <a href=\"https:\/\/www.trendencias.com\/libros-y-literatura\/mejores-libros-ano-para-empezar-2022-cumpliendo-propositos\"> <img alt=\"Los mejores libros del a\u00f1o para empezar 2022 cumpliendo prop\u00f3sitos \" src=\"http:\/\/hoycordobaweb.com\/wp-content\/uploads\/2022\/01\/los-libros-mas-esperados-que-trae-2022.jpg\"> <\/a> <\/div><\/div><\/div>\n<\/div>\n<h2><em>Madrid me mata<\/em>, Elvira Sastre<\/h2>\n<div class=\"article-asset-image article-asset-small article-asset-center\">\n<div class=\"asset-content\">\n<div class=\"base-wrapper-image\"> <img class=\"sf-lazy centro_sinmarco\" data-sf-srcset=\"http:\/\/hoycordobaweb.com\/wp-content\/uploads\/2022\/01\/los-libros-mas-esperados-que-trae-2022-1.jpg 450w, http:\/\/hoycordobaweb.com\/wp-content\/uploads\/2022\/01\/los-libros-mas-esperados-que-trae-2022-19.jpg 681w,http:\/\/hoycordobaweb.com\/wp-content\/uploads\/2022\/01\/los-libros-mas-esperados-que-trae-2022-20.jpg 1024w, http:\/\/hoycordobaweb.com\/wp-content\/uploads\/2022\/01\/los-libros-mas-esperados-que-trae-2022-21.jpg 1366w,\" data-sf-src=\"http:\/\/hoycordobaweb.com\/wp-content\/uploads\/2022\/01\/los-libros-mas-esperados-que-trae-2022-1.jpg\" alt=\"Portada Madrid Me Mata Elvira Sastre 202111081559\"> <noscript><img alt=\"Portada Madrid Me Mata Elvira Sastre 202111081559\" class=\"centro_sinmarco\" src=\"http:\/\/hoycordobaweb.com\/wp-content\/uploads\/2022\/01\/los-libros-mas-esperados-que-trae-2022-1.jpg\"><\/noscript> <\/div><\/div>\n<\/div>\n<p><strong>\u00bfCu\u00e1ndo?:<\/strong> A partir del 23 de febrero.<\/p>\n<p><em>Madrid me mata<\/em> recorre m\u00e1s de dos a\u00f1os en la vida de Elvira Sastre. <strong>De la manifestaci\u00f3n del 8M de 2019 a los duros meses de confinamiento<\/strong>, desde los paseos en bici por el Retiro a los bares familiares de la Latina o el bullicio del Rastro, del orgullo LGBTI+ a la agitada vida cultural de la capital. Partiendo de las columnas que escribi\u00f3 para <em>El Pa\u00eds<\/em> desde septiembre de 2018 a noviembre de 2020, la poeta y ganadora del Premio Biblioteca Breve 2019 ha dado forma a su libro m\u00e1s personal, tan tierno e \u00edntimo como reivindicativo, en una edici\u00f3n muy cuidada que incluye fotograf\u00edas a color, poemas, cartas y contenido escrito para la ocasi\u00f3n.<\/p>\n<p><!-- BREAK 2 --> <!-- PIVOT START --><\/p>\n<div class=\"pivot-ecommerce-container\">\n<div class=\"pivot-ecommerce\" readability=\"4.4705882352941\">\n<div class=\"pivot-ecommerce-figure\"> <img alt=\"Madrid me mata: Diario de mi despertar en una gran ciudad (Los Tres Mundos)\" src=\"http:\/\/hoycordobaweb.com\/wp-content\/uploads\/2022\/01\/los-libros-mas-esperados-que-trae-2022-2.jpg\"> <\/div>\n<div class=\"pivot-ecommerce-summary\" readability=\"5.2156862745098\">\n<p class=\"pivot-ecommerce-desc\">Madrid me mata: Diario de mi despertar en una gran ciudad (Los Tres Mundos)<\/p>\n<\/p><\/div><\/div>\n<\/div>\n<p><!-- PIVOT END --><\/p>\n<h2><em>Una historia rid\u00edcula<\/em>, Luis Landero<\/h2>\n<div class=\"article-asset-image article-asset-small article-asset-center\">\n<div class=\"asset-content\">\n<div class=\"base-wrapper-image\"> <img class=\"sf-lazy centro_sinmarco\" data-sf-srcset=\"http:\/\/hoycordobaweb.com\/wp-content\/uploads\/2022\/01\/los-libros-mas-esperados-que-trae-2022-3.jpg 450w, http:\/\/hoycordobaweb.com\/wp-content\/uploads\/2022\/01\/los-libros-mas-esperados-que-trae-2022-22.jpg 681w,http:\/\/hoycordobaweb.com\/wp-content\/uploads\/2022\/01\/los-libros-mas-esperados-que-trae-2022-23.jpg 1024w, http:\/\/hoycordobaweb.com\/wp-content\/uploads\/2022\/01\/los-libros-mas-esperados-que-trae-2022-24.jpg 1366w,\" data-sf-src=\"http:\/\/hoycordobaweb.com\/wp-content\/uploads\/2022\/01\/los-libros-mas-esperados-que-trae-2022-3.jpg\" alt=\"Portada Una Historia Ridicula Luis Landero 202112291252\"> <noscript><img alt=\"Portada Una Historia Ridicula Luis Landero 202112291252\" class=\"centro_sinmarco\" src=\"http:\/\/hoycordobaweb.com\/wp-content\/uploads\/2022\/01\/los-libros-mas-esperados-que-trae-2022-3.jpg\"><\/noscript> <\/div><\/div>\n<\/div>\n<p><strong>\u00bfCu\u00e1ndo? <\/strong>A partir del 2 de febrero.<\/p>\n<p>Marcial es un hombre exigente, con don de palabra, y orgulloso de su formaci\u00f3n autodidacta. Un d\u00eda <strong>se encuentra con una mujer que no solo le fascina, sino que re\u00fane todo aquello que le gustar\u00eda tener en la vida<\/strong>: buen gusto, alta posici\u00f3n, relaciones con gente interesante. \u00c9l, que tiene un alto concepto de s\u00ed mismo, es de hecho encargado en una empresa c\u00e1rnica. Ella, que se ha presentado como Pepita, es estudiosa del arte y pertenece a una familia adinerada. Marcial necesita contarnos su historia de amor, el despliegue de sus talentos para conquistarla, su estrategia para desbancar a los otros pretendientes y sobre todo qu\u00e9 ocurri\u00f3 cuando fue invitado a una fiesta en casa de su amada.<\/p>\n<p><!-- BREAK 3 --><!-- PIVOT START --><\/p>\n<div class=\"pivot-ecommerce-container\">\n<div class=\"pivot-ecommerce\" readability=\"3.4\">\n<div class=\"pivot-ecommerce-figure\"> <img alt=\"Una historia rid\u00edcula (Andanzas)\" src=\"http:\/\/hoycordobaweb.com\/wp-content\/uploads\/2022\/01\/los-libros-mas-esperados-que-trae-2022-4.jpg\"> <\/div>\n<div class=\"pivot-ecommerce-summary\" readability=\"3.9666666666667\">\n<p class=\"pivot-ecommerce-desc\">Una historia rid\u00edcula (Andanzas)<\/p>\n<\/p><\/div><\/div>\n<\/div>\n<p><!-- PIVOT END --> <\/p>\n<div class=\"article-asset-image article-asset-small article-asset-center\">\n<div class=\"asset-content\">\n<div class=\"base-wrapper-image\"> <img class=\"sf-lazy centro_sinmarco\" data-sf-srcset=\"http:\/\/hoycordobaweb.com\/wp-content\/uploads\/2022\/01\/los-libros-mas-esperados-que-trae-2022-5.jpg 450w, http:\/\/hoycordobaweb.com\/wp-content\/uploads\/2022\/01\/los-libros-mas-esperados-que-trae-2022-25.jpg 681w,http:\/\/hoycordobaweb.com\/wp-content\/uploads\/2022\/01\/los-libros-mas-esperados-que-trae-2022-26.jpg 1024w, http:\/\/hoycordobaweb.com\/wp-content\/uploads\/2022\/01\/los-libros-mas-esperados-que-trae-2022-27.jpg 1366w,\" data-sf-src=\"http:\/\/hoycordobaweb.com\/wp-content\/uploads\/2022\/01\/los-libros-mas-esperados-que-trae-2022-5.jpg\" alt=\"Emily Ratajkowski\"> <noscript><img alt=\"Emily Ratajkowski\" class=\"centro_sinmarco\" src=\"http:\/\/hoycordobaweb.com\/wp-content\/uploads\/2022\/01\/los-libros-mas-esperados-que-trae-2022-5.jpg\"><\/noscript> <\/div><\/div>\n<\/div>\n<p><strong>\u00bfCuando?<\/strong> A partir del 2 de marzo.<\/p>\n<p><em>Mi cuerpo<\/em>, el libro de <a href=\"https:\/\/www.trendencias.com\/shopping\/emily-ratajkowski-tiene-claro-vans-era-color-blanco-zapatillas-versatiles-fondo-armario\">Emily Ratajkowski<\/a> que sali\u00f3 a la venta el pasado 9 de noviembre en ingl\u00e9s y que <strong>en espa\u00f1ol publicar\u00e1 la editorial propiedad de Planeta en marzo 2022<\/strong>, es una recopilaci\u00f3n de ensayos en los que la modelo y empresaria ha reflexionado sobre lo que vender su imagen como forma de vida le ha supuesto, tanto en lo bueno como en lo malo.<\/p>\n<p><!-- BREAK 4 --><!-- PIVOT START --><\/p>\n<div class=\"pivot-ecommerce-container\">\n<div class=\"pivot-ecommerce\">\n<div class=\"pivot-ecommerce-figure\"> <img alt=\"Mi cuerpo (temas de hoy)\" src=\"http:\/\/hoycordobaweb.com\/wp-content\/uploads\/2022\/01\/los-libros-mas-esperados-que-trae-2022-6.jpg\"> <\/div>\n<div class=\"pivot-ecommerce-summary\">\n<p class=\"pivot-ecommerce-desc\">Mi cuerpo (temas de hoy)<\/p>\n<\/p><\/div><\/div>\n<\/div>\n<p><!-- PIVOT END --><\/p>\n<h2><em>El libro de todos los amores<\/em>, Agust\u00edn Fern\u00e1ndez Mallo<\/h2>\n<div class=\"article-asset-image article-asset-small article-asset-center\">\n<div class=\"asset-content\">\n<div class=\"base-wrapper-image\"> <img class=\"sf-lazy centro_sinmarco\" data-sf-srcset=\"http:\/\/hoycordobaweb.com\/wp-content\/uploads\/2022\/01\/los-libros-mas-esperados-que-trae-2022-7.jpg 450w, http:\/\/hoycordobaweb.com\/wp-content\/uploads\/2022\/01\/los-libros-mas-esperados-que-trae-2022-28.jpg 681w,http:\/\/hoycordobaweb.com\/wp-content\/uploads\/2022\/01\/los-libros-mas-esperados-que-trae-2022-29.jpg 1024w, http:\/\/hoycordobaweb.com\/wp-content\/uploads\/2022\/01\/los-libros-mas-esperados-que-trae-2022-30.jpg 1366w,\" data-sf-src=\"http:\/\/hoycordobaweb.com\/wp-content\/uploads\/2022\/01\/los-libros-mas-esperados-que-trae-2022-7.jpg\" alt=\"Portada El Libro De Todos Los Amores Agustin Fernandez Mallo 202112291330\"> <noscript><img alt=\"Portada El Libro De Todos Los Amores Agustin Fernandez Mallo 202112291330\" class=\"centro_sinmarco\" src=\"http:\/\/hoycordobaweb.com\/wp-content\/uploads\/2022\/01\/los-libros-mas-esperados-que-trae-2022-7.jpg\"><\/noscript> <\/div><\/div>\n<\/div>\n<p><strong>\u00bfCu\u00e1ndo?<\/strong> A partir del 9 de febrero.<\/p>\n<p><em>El libro de todos los amores<\/em> ofrece una nueva mirada sobre un tema universal e <strong>indaga en las diferentes din\u00e1micas que el amor adopta, tanto en el \u00e1mbito \u00edntimo de la pareja como en otros aspectos de la vida <\/strong>p\u00fablica, como la pol\u00edtica, la econom\u00edao la ciencia. Jugando con estilos y g\u00e9neros, mezclando h\u00e1bilmente ficci\u00f3n, poes\u00eda y ensayo, Agust\u00edn Fern\u00e1ndez Mallo ha escrito una fascinante novela filos\u00f3fica que apuesta radicalmente por la esperanza desde la distop\u00eda del presente.<\/p>\n<p><!-- BREAK 5 --><!-- PIVOT START --><\/p>\n<div class=\"pivot-ecommerce-container\">\n<div class=\"pivot-ecommerce\" readability=\"3.8918918918919\">\n<div class=\"pivot-ecommerce-figure\"> <img alt=\"El libro de todos los amores (Biblioteca Breve)\" src=\"http:\/\/hoycordobaweb.com\/wp-content\/uploads\/2022\/01\/los-libros-mas-esperados-que-trae-2022-8.jpg\"> <\/div>\n<div class=\"pivot-ecommerce-summary\" readability=\"4.5405405405405\">\n<p class=\"pivot-ecommerce-desc\">El libro de todos los amores (Biblioteca Breve)<\/p>\n<\/p><\/div><\/div>\n<\/div>\n<p><!-- PIVOT END --><\/p>\n<h2><em>Proyecto Silverview<\/em>, John le Carr\u00e9<\/h2>\n<div class=\"article-asset-image article-asset-small article-asset-center\">\n<div class=\"asset-content\">\n<div class=\"base-wrapper-image\"> <img class=\"sf-lazy centro_sinmarco\" data-sf-srcset=\"http:\/\/hoycordobaweb.com\/wp-content\/uploads\/2022\/01\/los-libros-mas-esperados-que-trae-2022-9.jpg 450w, http:\/\/hoycordobaweb.com\/wp-content\/uploads\/2022\/01\/los-libros-mas-esperados-que-trae-2022-31.jpg 681w,http:\/\/hoycordobaweb.com\/wp-content\/uploads\/2022\/01\/los-libros-mas-esperados-que-trae-2022-32.jpg 1024w, http:\/\/hoycordobaweb.com\/wp-content\/uploads\/2022\/01\/los-libros-mas-esperados-que-trae-2022-33.jpg 1366w,\" data-sf-src=\"http:\/\/hoycordobaweb.com\/wp-content\/uploads\/2022\/01\/los-libros-mas-esperados-que-trae-2022-9.jpg\" alt=\"Portada Proyecto Silverview Ramon Buenaventura 202112161218\"> <noscript><img alt=\"Portada Proyecto Silverview Ramon Buenaventura 202112161218\" class=\"centro_sinmarco\" src=\"http:\/\/hoycordobaweb.com\/wp-content\/uploads\/2022\/01\/los-libros-mas-esperados-que-trae-2022-9.jpg\"><\/noscript> <\/div><\/div>\n<\/div>\n<p><strong>\u00bfCu\u00e1ndo?<\/strong> 12 de enero<\/p>\n<p>La novela p\u00f3stuma del gran maestro de esp\u00edas. Julian Lawndsley <strong>ha renunciado a su exigente empleo en la City de Londres para llevar una vida m\u00e1s sencilla como propietario de una librer\u00eda en una peque\u00f1a ciudad costera<\/strong>. Sin embargo, la tranquilidad se ve interrumpida cuando un inmigrante polaco que vive en la gran mansi\u00f3n a las afueras del pueblo, parece saber mucho sobre la familia de Julian y muestra un inter\u00e9s exagerado en el funcionamiento interno del negocio. Despu\u00e9s aparecer\u00e1 una carta en la puerta de un esp\u00eda de alto rango en Londres advirti\u00e9ndole de una peligrosa filtraci\u00f3n y las investigaciones lo llevar\u00e1n a esta tranquila ciudad junto al mar\u2026<\/p>\n<p><!-- BREAK 6 --><!-- PIVOT START --><\/p>\n<div class=\"pivot-ecommerce-container\">\n<div class=\"pivot-ecommerce\" readability=\"3.7714285714286\">\n<div class=\"pivot-ecommerce-figure\"> <img alt=\"Proyecto Silverview (Planeta Internacional)\" src=\"http:\/\/hoycordobaweb.com\/wp-content\/uploads\/2022\/01\/los-libros-mas-esperados-que-trae-2022-10.jpg\"> <\/div>\n<div class=\"pivot-ecommerce-summary\" readability=\"4.4\">\n<p class=\"pivot-ecommerce-desc\">Proyecto Silverview (Planeta Internacional)<\/p>\n<\/p><\/div><\/div>\n<\/div>\n<p><!-- PIVOT END --><\/p>\n<h2>Grand Union, Zadie Smith<\/h2>\n<div class=\"article-asset-image article-asset-small article-asset-center\">\n<div class=\"asset-content\">\n<div class=\"base-wrapper-image\"> <img class=\"sf-lazy centro_sinmarco\" data-sf-srcset=\"http:\/\/hoycordobaweb.com\/wp-content\/uploads\/2022\/01\/los-libros-mas-esperados-que-trae-2022-11.jpg 450w, http:\/\/hoycordobaweb.com\/wp-content\/uploads\/2022\/01\/los-libros-mas-esperados-que-trae-2022-34.jpg 681w,http:\/\/hoycordobaweb.com\/wp-content\/uploads\/2022\/01\/los-libros-mas-esperados-que-trae-2022-35.jpg 1024w, http:\/\/hoycordobaweb.com\/wp-content\/uploads\/2022\/01\/los-libros-mas-esperados-que-trae-2022-36.jpg 1366w,\" data-sf-src=\"http:\/\/hoycordobaweb.com\/wp-content\/uploads\/2022\/01\/los-libros-mas-esperados-que-trae-2022-11.jpg\" alt=\"Grand Union\"> <noscript><img alt=\"Grand Union\" class=\"centro_sinmarco\" src=\"http:\/\/hoycordobaweb.com\/wp-content\/uploads\/2022\/01\/los-libros-mas-esperados-que-trae-2022-11.jpg\"><\/noscript> <\/div><\/div>\n<\/div>\n<p><strong>\u00bfCu\u00e1ndo?<\/strong> A partir del 13 de enero.<\/p>\n<p>Una<strong> deslumbrante colecci\u00f3n de relatos nominada a la medalla Carnegie<\/strong>. A trav\u00e9s de diversas perspectivas, desde lo hist\u00f3rico y lo actual hasta la m\u00e1s absoluta distop\u00eda,<em> Grand<\/em> <em>Union<\/em> es una reflexi\u00f3n estimulante y prof\u00e9tica sobre el tiempo y el espacio, la identidad y el renacimiento, los legados que acechan nuestro presente y los posibles futuros que amenazan con llegar. Posee una fluidez y una libertad narrativas que recuerdan a una improvisaci\u00f3n musical. Demuestra el calibre de una autora capaz de reinventarse con cada nuevo libro.<\/p>\n<p><!-- BREAK 7 --><!-- PIVOT START --><\/p>\n<div class=\"pivot-ecommerce-container\">\n<div class=\"pivot-ecommerce\" readability=\"3.4426229508197\">\n<div class=\"pivot-ecommerce-figure\"> <img alt=\"Grand Union (Salamandra Narrativa)\" src=\"http:\/\/hoycordobaweb.com\/wp-content\/uploads\/2022\/01\/los-libros-mas-esperados-que-trae-2022-12.jpg\"> <\/div>\n<div class=\"pivot-ecommerce-summary\" readability=\"4.016393442623\">\n<p class=\"pivot-ecommerce-desc\">Grand Union (Salamandra Narrativa)<\/p>\n<\/p><\/div><\/div>\n<\/div>\n<p><!-- PIVOT END --><\/p>\n<h2><em>Al para\u00edso<\/em>, Hanya Yanagihara<\/h2>\n<div class=\"article-asset-image article-asset-small article-asset-center\">\n<div class=\"asset-content\">\n<div class=\"base-wrapper-image\"> <img class=\"sf-lazy centro_sinmarco\" data-sf-srcset=\"http:\/\/hoycordobaweb.com\/wp-content\/uploads\/2022\/01\/los-libros-mas-esperados-que-trae-2022-13.jpg 450w, http:\/\/hoycordobaweb.com\/wp-content\/uploads\/2022\/01\/los-libros-mas-esperados-que-trae-2022-37.jpg 681w,http:\/\/hoycordobaweb.com\/wp-content\/uploads\/2022\/01\/los-libros-mas-esperados-que-trae-2022-38.jpg 1024w, http:\/\/hoycordobaweb.com\/wp-content\/uploads\/2022\/01\/los-libros-mas-esperados-que-trae-2022-39.jpg 1366w,\" data-sf-src=\"http:\/\/hoycordobaweb.com\/wp-content\/uploads\/2022\/01\/los-libros-mas-esperados-que-trae-2022-13.jpg\" alt=\"Al Para\u00edso\"> <noscript><img alt=\"Al Para\u00edso\" class=\"centro_sinmarco\" src=\"http:\/\/hoycordobaweb.com\/wp-content\/uploads\/2022\/01\/los-libros-mas-esperados-que-trae-2022-13.jpg\"><\/noscript> <\/div><\/div>\n<\/div>\n<p><strong>\u00bfCu\u00e1ndo?<\/strong> En febrero.<\/p>\n<p>La nueva novela de la aclamada autora de <em>Tan poca vida<\/em>. En una versi\u00f3n alternativa de la Am\u00e9rica de 1893, Nueva York forma parte de los Estados Libres, donde el matrimonio homosexual est\u00e1 permitido. Un muchacho de familia distinguida se debate entre casarse con un pretendiente elegido por su abuelo o escoger a un profesor de m\u00fasica con pocos recursos de quien est\u00e1 enamorado. En un Manhattan de 1993 asediado por \u00abla enfermedad\u00bb, un joven hawaiano vive con su pareja, cuya edad e ingresos superan con creces los suyos, y le oculta su infancia problem\u00e1tica y el destino de su padre. Y en 2093, en <strong>un mundo asolado por plagas y gobernado por un estado totalitario, un poderoso cient\u00edfico y su familia intentan encontrar las estrategias necesarias para sobrevivir<\/strong> sin perderse unos a otros por el camino.<\/p>\n<p><!-- BREAK 8 --><\/p>\n<h2><em>Violeta<\/em>, Isabel Allende<\/h2>\n<div class=\"article-asset-image article-asset-small article-asset-center\">\n<div class=\"asset-content\">\n<div class=\"base-wrapper-image\"> <img class=\"sf-lazy centro_sinmarco\" data-sf-srcset=\"http:\/\/hoycordobaweb.com\/wp-content\/uploads\/2022\/01\/los-libros-mas-esperados-que-trae-2022-14.jpg 450w, http:\/\/hoycordobaweb.com\/wp-content\/uploads\/2022\/01\/los-libros-mas-esperados-que-trae-2022-40.jpg 681w,http:\/\/hoycordobaweb.com\/wp-content\/uploads\/2022\/01\/los-libros-mas-esperados-que-trae-2022-41.jpg 1024w, http:\/\/hoycordobaweb.com\/wp-content\/uploads\/2022\/01\/los-libros-mas-esperados-que-trae-2022-42.jpg 1366w,\" data-sf-src=\"http:\/\/hoycordobaweb.com\/wp-content\/uploads\/2022\/01\/los-libros-mas-esperados-que-trae-2022-14.jpg\" alt=\"Violeta\"> <noscript><img alt=\"Violeta\" class=\"centro_sinmarco\" src=\"http:\/\/hoycordobaweb.com\/wp-content\/uploads\/2022\/01\/los-libros-mas-esperados-que-trae-2022-14.jpg\"><\/noscript> <\/div><\/div>\n<\/div>\n<p><strong>\u00bfCu\u00e1ndo?<\/strong> A partir del 25 de enero.<\/p>\n<p>La \u00e9pica y emocionante historia de una mujer cuya vida abarca los momentos hist\u00f3ricos m\u00e1s relevantes del siglo XX. Desde 1920 (con la llamada \u00abgripe espa\u00f1ola\u00bb) hasta la pandemia de 2020, la vida de Violeta ser\u00e1 mucho m\u00e1s que la historia de un siglo. <strong>Vista con los ojos de una mujer poseedora de una pasi\u00f3n, una determinaci\u00f3n y un sentido del humor inolvidables que la sostienen a lo largo de una vida turbulenta<\/strong>, Isabel Allende nos regala, una vez m\u00e1s, una historia \u00e9pica furiosamente inspiradora y profundamente emotiva.<\/p>\n<p><!-- BREAK 9 --><!-- PIVOT START --><\/p>\n<div class=\"pivot-ecommerce-container\">\n<div class=\"pivot-ecommerce\">\n<div class=\"pivot-ecommerce-figure\"> <img alt=\"Violeta: 1001 (\u00c9xitos)\" src=\"http:\/\/hoycordobaweb.com\/wp-content\/uploads\/2022\/01\/los-libros-mas-esperados-que-trae-2022-15.jpg\"> <\/div>\n<div class=\"pivot-ecommerce-summary\">\n<p class=\"pivot-ecommerce-desc\">Violeta: 1001 (\u00c9xitos)<\/p>\n<\/p><\/div><\/div>\n<\/div>\n<p><!-- PIVOT END --><\/p>\n<h2><em>Planeta<\/em>, Susana Mart\u00edn Gij\u00f3n<\/h2>\n<div class=\"article-asset-image article-asset-small article-asset-center\">\n<div class=\"asset-content\">\n<div class=\"base-wrapper-image\"> <img class=\"sf-lazy centro_sinmarco\" data-sf-srcset=\"http:\/\/hoycordobaweb.com\/wp-content\/uploads\/2022\/01\/los-libros-mas-esperados-que-trae-2022-16.jpg 450w, http:\/\/hoycordobaweb.com\/wp-content\/uploads\/2022\/01\/los-libros-mas-esperados-que-trae-2022-43.jpg 681w,http:\/\/hoycordobaweb.com\/wp-content\/uploads\/2022\/01\/los-libros-mas-esperados-que-trae-2022-44.jpg 1024w, http:\/\/hoycordobaweb.com\/wp-content\/uploads\/2022\/01\/los-libros-mas-esperados-que-trae-2022-45.jpg 1366w,\" data-sf-src=\"http:\/\/hoycordobaweb.com\/wp-content\/uploads\/2022\/01\/los-libros-mas-esperados-que-trae-2022-16.jpg\" alt=\"Susana\"> <noscript><img alt=\"Susana\" class=\"centro_sinmarco\" src=\"http:\/\/hoycordobaweb.com\/wp-content\/uploads\/2022\/01\/los-libros-mas-esperados-que-trae-2022-16.jpg\"><\/noscript> <\/div><\/div>\n<\/div>\n<p><strong>\u00bfCu\u00e1ndo?<\/strong><\/p>\n<p>Vuelve Susana Mart\u00edn Gij\u00f3n, ganadora del Premio Cubelles Noir y finalista de los premios Valencia Negra y Paco Camarasa. <strong>La aparici\u00f3n en un campo de golf del cad\u00e1ver desangrado de una mujer pone en jaque al Grupo de Homicidios de Sevilla<\/strong>: a la v\u00edctima le han cercenado los pies. La inspectora Camino Vargas tendr\u00e1 que cancelar las vacaciones previstas con Paco Arenas, su antiguo mentor y amor secreto con quien por fin convive, para ponerse a investigar en medio de una ciudad en alerta m\u00e1xima por las condiciones clim\u00e1ticas y devastada por unas lluvias torrenciales que han dejado varios desaparecidos.<\/p>\n<p><!-- BREAK 10 --><!-- PIVOT START --><\/p>\n<div class=\"pivot-ecommerce-container\">\n<div class=\"pivot-ecommerce\" readability=\"3\">\n<div class=\"pivot-ecommerce-figure\"> <img alt=\"Planeta (Alfaguara Negra)\" src=\"http:\/\/hoycordobaweb.com\/wp-content\/uploads\/2022\/01\/los-libros-mas-esperados-que-trae-2022-17.jpg\"> <\/div>\n<div class=\"pivot-ecommerce-summary\" readability=\"3.5\">\n<p class=\"pivot-ecommerce-desc\">Planeta (Alfaguara Negra)<\/p>\n<\/p><\/div><\/div>\n<\/div>\n<p><!-- PIVOT END --><\/p>\n<p><em>Nota: algunos de los enlaces aqu\u00ed publicados son de afiliados. A pesar de ello, ninguno de los art\u00edculos mencionados han sido propuestos ni por las marcas ni por las tiendas, siendo su introducci\u00f3n una decisi\u00f3n \u00fanica del equipo de editores.<\/em><\/p>\n<p><!-- BREAK 11 --><\/p>\n<p>Fotos | Unsplash<\/p>\n","protected":false},"excerpt":{"rendered":"<p>Antes de morir, el pasado mes de diciembre, Almudena Grandes hab\u00eda dejado escrita una novela que finalmente tendr\u00e1 que publicarse de forma p\u00f3stuma. Sin embargo, Tusquets no ha desvelado todav\u00eda nada, a pesar de que se prev\u00e9 que vea la luz en alg\u00fan punto de este a\u00f1o. De los que s\u00ed se sabe ya fecha [&hellip;]<\/p>\n","protected":false},"author":1,"featured_media":35192,"comment_status":"closed","ping_status":"closed","sticky":false,"template":"","format":"standard","meta":[],"categories":[1],"tags":[],"_links":{"self":[{"href":"http:\/\/hoycordobaweb.com\/index.php\/wp-json\/wp\/v2\/posts\/35191"}],"collection":[{"href":"http:\/\/hoycordobaweb.com\/index.php\/wp-json\/wp\/v2\/posts"}],"about":[{"href":"http:\/\/hoycordobaweb.com\/index.php\/wp-json\/wp\/v2\/types\/post"}],"author":[{"embeddable":true,"href":"http:\/\/hoycordobaweb.com\/index.php\/wp-json\/wp\/v2\/users\/1"}],"replies":[{"embeddable":true,"href":"http:\/\/hoycordobaweb.com\/index.php\/wp-json\/wp\/v2\/comments?post=35191"}],"version-history":[{"count":0,"href":"http:\/\/hoycordobaweb.com\/index.php\/wp-json\/wp\/v2\/posts\/35191\/revisions"}],"wp:featuredmedia":[{"embeddable":true,"href":"http:\/\/hoycordobaweb.com\/index.php\/wp-json\/wp\/v2\/media\/35192"}],"wp:attachment":[{"href":"http:\/\/hoycordobaweb.com\/index.php\/wp-json\/wp\/v2\/media?parent=35191"}],"wp:term":[{"taxonomy":"category","embeddable":true,"href":"http:\/\/hoycordobaweb.com\/index.php\/wp-json\/wp\/v2\/categories?post=35191"},{"taxonomy":"post_tag","embeddable":true,"href":"http:\/\/hoycordobaweb.com\/index.php\/wp-json\/wp\/v2\/tags?post=35191"}],"curies":[{"name":"wp","href":"https:\/\/api.w.org\/{rel}","templated":true}]}}