{"id":35183,"date":"2022-01-03T20:06:39","date_gmt":"2022-01-03T20:06:39","guid":{"rendered":"https:\/\/www.ole.com.ar\/futbol-internacional\/espana\/ferran-torres-barcelona-inscripcion_0_cWjuPqmwt.html"},"modified":"2022-01-03T20:06:39","modified_gmt":"2022-01-03T20:06:39","slug":"por-que-barcelona-no-puede-inscribir-a-ferran-torres","status":"publish","type":"post","link":"http:\/\/hoycordobaweb.com\/index.php\/2022\/01\/03\/por-que-barcelona-no-puede-inscribir-a-ferran-torres\/","title":{"rendered":"\u00bfPor qu\u00e9 Barcelona no puede inscribir a Ferran Torres?"},"content":{"rendered":"<p><img src=\"http:\/\/hoycordobaweb.com\/wp-content\/uploads\/2022\/01\/por-que-barcelona-no-puede-inscribir-a-ferran-torres.jpg\"><\/p>\n<p><a href=\"https:\/\/www.ole.com.ar\/futbol-internacional\/espana\/barcelona-ferran-torres-adn_0_PgU4U7GCy.html\" target=\"_blank\" rel=\"noopener noreferrer\"><strong>Ferran Torres fue presentado ante los hinchas en el Camp Nou<\/strong><\/a>, donde realiz\u00f3 jueguitos, mostr\u00f3 su habilidad con la pelota y dedic\u00f3 unas palabras para todos los que se acercaron en pleno d\u00eda laboral a recibirlo. Si bien se trat\u00f3 del principal objetivo de <strong><a alt=\"xavi-hernandez\" class=\"slug\" href=\"https:\/\/www.ole.com.ar\/tema\/xavi-hernandez.html\" target=\"_blank\" title=\"xavi-hernandez\" rel=\"noopener noreferrer\">Xavi <\/a><\/strong>para reforzar al plantel en el mercado de invierno, <strong>la realidad marca que a\u00fan no podr\u00e1 utilizarlo en los partidos<\/strong>. M\u00e1s all\u00e1 de que puede compartir los entrenamientos con sus compa\u00f1eros, el fair play financiero&nbsp;de la Liga no le permite a Barcelona poder inscribirlo.&nbsp;<\/p>\n<div class=\"sp__SM\">\n<div class=\"content-new \">\n<span class=\"tit-mobile\">Mir\u00e1 tambi\u00e9n<\/span><\/p>\n<div class=\"mg\">\n<div class=\"wrap-figure\">\n<picture>\n<a href=\"https:\/\/www.ole.com.ar\/futbol-internacional\/espana\/barcelona-ferran-torres-adn_0_PgU4U7GCy.html\" target=\"_self\" rel=\"noopener noreferrer\"><br \/>\n<img class=\"img-responsive\" alt=\"El Barcelona present\u00f3 a Ferran Torres, el nuevo refuerzo\" src=\"http:\/\/hoycordobaweb.com\/wp-content\/uploads\/2022\/01\/por-que-barcelona-no-puede-inscribir-a-ferran-torres-2.jpg\" loading=\"lazy\"><br \/>\n<\/a>\n<\/picture>\n<\/div>\n<\/div><\/div>\n<\/div>\n<div class=\"sp__SM\">\n<div class=\"content-new \">\n<span class=\"tit-mobile\">Mir\u00e1 tambi\u00e9n<\/span><\/p>\n<div class=\"mg\">\n<div class=\"wrap-figure\">\n<picture>\n<a href=\"https:\/\/www.ole.com.ar\/futbol-internacional\/espana\/laporta-barcelona-haaland_0_GScBZcLw2.html\" target=\"_self\" rel=\"noopener noreferrer\"><br \/>\n<img class=\"img-responsive\" alt=\"Laporta ilusionado: &quot;volvi\u00f3 el Barsa&quot; y &quot;Haaland es posible&quot;\" src=\"http:\/\/hoycordobaweb.com\/wp-content\/uploads\/2022\/01\/por-que-barcelona-no-puede-inscribir-a-ferran-torres-3.jpg\" loading=\"lazy\"><br \/>\n<\/a>\n<\/picture>\n<\/div>\n<\/div><\/div>\n<\/div>\n<p> Los problemas econ\u00f3micos que dej\u00f3 la gesti\u00f3n de Bartomeu siguen causando un dolor de cabeza a la instituci\u00f3n cul\u00e9. Despu\u00e9s de los fallidos intentos de hacer cientos de malabares para cerrar el nuevo contrato de Messi, quien luego se march\u00f3 libre al Paris Saint Germain, ahora se sumaron las dificultades por reducir la masa salarial y, de ese modo, poder incorporar de forma oficial al ex atacante de Manchester City. La transferencia se realiz\u00f3 en unos 55 millones de euros m\u00e1s otros 10 en variables y Torres firm\u00f3 su v\u00ednculo hasta mediados del 2027 y con una cl\u00e1usula de salida de un bill\u00f3n de euros.<\/p>\n<h2> <strong>\u00bfQU\u00c9 DEBE PASAR PARA QUE LO HABILITEN?<\/strong><\/h2>\n<p>B\u00e1sicamente, <strong>Barcelona tiene que deshacerse de otros contratos muy altos<\/strong>. En ese sentido, Joan Laporta y Mateu Alemany, director deportivo en el \u00e1rea del f\u00fatbol del club, deber\u00e1n trabajar a contrarreloj para que el entrenador pueda contar con la nueva contrataci\u00f3n. <strong>Philippe Coutinho, Samuel Umtiti y Ousmane Dembel\u00e9 son los tres futbolistas que podr\u00edan salir durante este mes para liberar espacio salarial\u200b\u200b <\/strong>y, adem\u00e1s, poder sumar a otros jugadores como es el caso de \u00c1lvaro Morata. El diario As inform\u00f3 en su edici\u00f3n de este lunes que el acuerdo entre entre las partes estar\u00eda cerrado \u00aben un 95%\u00bb, aunque tambi\u00e9n depender\u00e1 de las posibles salidas.<\/p>\n<div class=\"sp__Normal\">\n<div class=\"image-embeb image-trigger\" readability=\"6\">\n<picture><source media=\"(min-width: 720px)\" srcset=\"http:\/\/hoycordobaweb.com\/wp-content\/uploads\/2022\/01\/por-que-barcelona-no-puede-inscribir-a-ferran-torres-4.jpg\"><img itemprop=\"image\" src=\"http:\/\/hoycordobaweb.com\/wp-content\/uploads\/2022\/01\/por-que-barcelona-no-puede-inscribir-a-ferran-torres-4.jpg\" loading=\"lazy\" alt=\"Los hinchas del Barsa presenciaron la llegada de Torres. (AFP)\">\n<\/picture><figcaption readability=\"2\">\n<p>Los hinchas del Barsa presenciaron la llegada de Torres. (AFP)\n<\/p>\n<\/figcaption><\/div>\n<\/div>\n<p> \u00ab<strong>Estoy tranquilo con mi inscripci\u00f3n<\/strong> y espero estar recuperado antes de la Supercopa\u00bb, asegur\u00f3 Torres en su presentaci\u00f3n. Y agreg\u00f3: \u00abSiempre he dicho que me fui para volver a uno de los grandes de Espa\u00f1a y cuando vino el Barsa no lo pens\u00e9 dos veces dado que se trata de una gran oportunidad para m\u00ed\u00bb.<\/p>\n<div class=\"sp__SM\">\n<div class=\"content-new \">\n<span class=\"tit-mobile\">Mir\u00e1 tambi\u00e9n<\/span><\/p>\n<div class=\"mg\">\n<div class=\"wrap-figure\">\n<picture>\n<a href=\"https:\/\/www.ole.com.ar\/futbol-internacional\/espana\/betis-emotiva-despedida-aficionado_0_xqPjsrVH-.html\" target=\"_self\" rel=\"noopener noreferrer\"><br \/>\n<img class=\"img-responsive\" alt=\"La emocionante despedida del Betis para un hincha que segu\u00eda al equipo en camilla\" src=\"http:\/\/hoycordobaweb.com\/wp-content\/uploads\/2022\/01\/por-que-barcelona-no-puede-inscribir-a-ferran-torres-5.jpg\" loading=\"lazy\"><br \/>\n<\/a>\n<\/picture>\n<\/div>\n<\/div><\/div>\n<\/div>\n<p> Alemany, en tanto, coment\u00f3: \u00abSabemos c\u00f3mo estamos y los problemas que tenemos&nbsp;con el fair play. Eso est\u00e1 evaluado en el momento en el que tomamos decisiones y <strong>esperamos solventar la situaci\u00f3n cuando est\u00e9 disponible para jugar [<\/strong>\u200bTorres se est\u00e1 recuperando de una lesi\u00f3n]\u00bb. A su vez, Laporta dijo sobre el tema: \u00abCon Ferran hemos hecho la excepci\u00f3n de lanzarnos por el fichaje antes de tener el margen salarial, pero estamos trabajando en ello, igual que tambi\u00e9n para la temporada que viene. Es nuestro trabajo y todo es posible si se hace bien, que es lo que estamos haciendo. Estoy convencido de que todo saldr\u00e1 bien\u00bb.<\/p>\n<div class=\"sp__Normal\">\n<div class=\"image-embeb image-trigger\" readability=\"6\">\n<picture><source media=\"(min-width: 720px)\" srcset=\"http:\/\/hoycordobaweb.com\/wp-content\/uploads\/2022\/01\/por-que-barcelona-no-puede-inscribir-a-ferran-torres-6.jpg\"><img itemprop=\"image\" src=\"http:\/\/hoycordobaweb.com\/wp-content\/uploads\/2022\/01\/por-que-barcelona-no-puede-inscribir-a-ferran-torres-6.jpg\" loading=\"lazy\" alt=\"Laporta con Ferran Torres. (EFE)\">\n<\/picture><figcaption readability=\"2\">\n<p>Laporta con Ferran Torres. (EFE)\n<\/p>\n<\/figcaption><\/div>\n<\/div>\n<div class=\"sp__SM\">\n<div class=\"content-new \">\n<span class=\"tit-mobile\">Mir\u00e1 tambi\u00e9n<\/span><\/p>\n<div class=\"mg\">\n<div class=\"wrap-figure\">\n<picture>\n<a href=\"https:\/\/www.ole.com.ar\/futbol-internacional\/espana\/chacho-coudet-celta-particularidad_0_Ykd6ognRu.html\" target=\"_self\" rel=\"noopener noreferrer\"><br \/>\n<img class=\"img-responsive\" alt=\"La gran particularidad del Celta de Coudet\" src=\"http:\/\/hoycordobaweb.com\/wp-content\/uploads\/2022\/01\/por-que-barcelona-no-puede-inscribir-a-ferran-torres-7.jpg\" loading=\"lazy\"><br \/>\n<\/a>\n<\/picture>\n<\/div>\n<\/div><\/div>\n<\/div>\n<h2><strong>SUE\u00d1AN CON HAALAND<\/strong><\/h2>\n<p> El delantero noruego continuar\u00e1 en Borussia Dortmund, al menos, hasta mediados de 2022. Sin embargo, su futuro parece lejos de la instituci\u00f3n alemana y <a data-cke-saved-href=\"https:\/\/www.ole.com.ar\/futbol-internacional\/espana\/laporta-barcelona-haaland_0_GScBZcLw2.html\" target=\"_blank\" href=\"https:\/\/www.ole.com.ar\/futbol-internacional\/espana\/laporta-barcelona-haaland_0_GScBZcLw2.html\" rel=\"noopener noreferrer\"><strong>todo el mundo de Barcelona sue\u00f1a con su incorporaci\u00f3n<\/strong><\/a>. \u00abEl resurgimiento del Barcelona es una realidad y el mercado del f\u00fatbol se ha dado cuenta. Es por eso que lo de Haaland es posible\u00bb, sentenci\u00f3.<\/p>\n<div class=\"sp__SM\">\n<div class=\"content-new \">\n<span class=\"tit-mobile\">Mir\u00e1 tambi\u00e9n<\/span><\/p>\n<div class=\"mg\">\n<div class=\"wrap-figure\">\n<picture>\n<a href=\"https:\/\/www.ole.com.ar\/futbol-internacional\/espana\/guido-carrillo-elche-situacion_0_B_SJduEnD.html\" target=\"_self\" rel=\"noopener noreferrer\"><br \/>\n<img class=\"img-responsive\" alt=\"La ins\u00f3lita racha de Guido Carrillo en el Elche\" src=\"http:\/\/hoycordobaweb.com\/wp-content\/uploads\/2022\/01\/por-que-barcelona-no-puede-inscribir-a-ferran-torres-8.jpg\" loading=\"lazy\"><br \/>\n<\/a>\n<\/picture>\n<\/div>\n<\/div><\/div>\n<\/div>\n<div class=\"entry-tags\">\n<h2>TEMAS QUE APARECEN EN ESTA NOTA<\/h2>\n<\/p><\/div>\n","protected":false},"excerpt":{"rendered":"<p>Ferran Torres fue presentado ante los hinchas en el Camp Nou, donde realiz\u00f3 jueguitos, mostr\u00f3 su habilidad con la pelota y dedic\u00f3 unas palabras para todos los que se acercaron en pleno d\u00eda laboral a recibirlo. Si bien se trat\u00f3 del principal objetivo de Xavi para reforzar al plantel en el mercado de invierno, la [&hellip;]<\/p>\n","protected":false},"author":1,"featured_media":35184,"comment_status":"open","ping_status":"closed","sticky":false,"template":"","format":"standard","meta":[],"categories":[16],"tags":[],"_links":{"self":[{"href":"http:\/\/hoycordobaweb.com\/index.php\/wp-json\/wp\/v2\/posts\/35183"}],"collection":[{"href":"http:\/\/hoycordobaweb.com\/index.php\/wp-json\/wp\/v2\/posts"}],"about":[{"href":"http:\/\/hoycordobaweb.com\/index.php\/wp-json\/wp\/v2\/types\/post"}],"author":[{"embeddable":true,"href":"http:\/\/hoycordobaweb.com\/index.php\/wp-json\/wp\/v2\/users\/1"}],"replies":[{"embeddable":true,"href":"http:\/\/hoycordobaweb.com\/index.php\/wp-json\/wp\/v2\/comments?post=35183"}],"version-history":[{"count":0,"href":"http:\/\/hoycordobaweb.com\/index.php\/wp-json\/wp\/v2\/posts\/35183\/revisions"}],"wp:featuredmedia":[{"embeddable":true,"href":"http:\/\/hoycordobaweb.com\/index.php\/wp-json\/wp\/v2\/media\/35184"}],"wp:attachment":[{"href":"http:\/\/hoycordobaweb.com\/index.php\/wp-json\/wp\/v2\/media?parent=35183"}],"wp:term":[{"taxonomy":"category","embeddable":true,"href":"http:\/\/hoycordobaweb.com\/index.php\/wp-json\/wp\/v2\/categories?post=35183"},{"taxonomy":"post_tag","embeddable":true,"href":"http:\/\/hoycordobaweb.com\/index.php\/wp-json\/wp\/v2\/tags?post=35183"}],"curies":[{"name":"wp","href":"https:\/\/api.w.org\/{rel}","templated":true}]}}