{"id":35181,"date":"2022-01-03T20:13:08","date_gmt":"2022-01-03T20:13:08","guid":{"rendered":"https:\/\/www.ole.com.ar\/independiente\/independiente-sebastian-sosa_0_iMjymVNL6.html"},"modified":"2022-01-03T20:13:08","modified_gmt":"2022-01-03T20:13:08","slug":"problemas-en-el-arco-de-independiente","status":"publish","type":"post","link":"http:\/\/hoycordobaweb.com\/index.php\/2022\/01\/03\/problemas-en-el-arco-de-independiente\/","title":{"rendered":"Problemas en el arco de Independiente"},"content":{"rendered":"<p><img src=\"http:\/\/hoycordobaweb.com\/wp-content\/uploads\/2022\/01\/problemas-en-el-arco-de-independiente.jpg\"><\/p>\n<p>Es un puesto clave y se viven d\u00edas clave. Con el inicio de la pretemporada cada vez m\u00e1s cerca y el arranque del torneo de la <a alt=\"liga-profesional\" class=\"slug\" href=\"https:\/\/www.ole.com.ar\/tema\/liga-profesional.html\" target=\"_blank\" title=\"liga-profesional\" rel=\"noopener noreferrer\">Liga Profesional <\/a>a un pasito, Independiente tiene muchos inconvenientes para saber qu\u00e9 equipo contar\u00e1: debe resolver qu\u00e9 suceder\u00e1 con varios jugadores, tiene que levantar una serie de inhibiciones que ponen en jaque la contrataci\u00f3n de futbolistas y buscar\u00e1 responder las expectativas del pr\u00f3ximo entrenador. Y uno de los sectores m\u00e1s sensibles es el arco. Es que <strong>todav\u00eda no se sabe lo que pasar\u00e1 con <a alt=\"sebastian-sosa\" class=\"slug\" href=\"https:\/\/www.ole.com.ar\/tema\/sebastian-sosa.html\" target=\"_blank\" title=\"sebastian-sosa\" rel=\"noopener noreferrer\">Sebasti\u00e1n Sosa<\/a> y, para colmo, varios equipos tiene en la mira a Milton \u00c1lvarez.<\/strong><\/p>\n<h2><strong>Algunas de las atajadas de Sosa\u200b<\/strong><br \/><\/h2>\n<div class=\"sp__SM\">\n<div class=\"content-new \">\n<span class=\"tit-mobile\">Mir\u00e1 tambi\u00e9n<\/span><\/p>\n<div class=\"mg\">\n<div class=\"wrap-figure\">\n<picture>\n<a href=\"https:\/\/www.ole.com.ar\/independiente\/independiente-eduardo-dominguez_0_azRHzJyLR.html\" target=\"_self\" rel=\"noopener noreferrer\"><br \/>\n<img class=\"img-responsive\" alt=\"Expectativa en el Rojo por la reuni\u00f3n con Dom\u00ednguez\" src=\"http:\/\/hoycordobaweb.com\/wp-content\/uploads\/2022\/01\/problemas-en-el-arco-de-independiente-2.jpg\" loading=\"lazy\"><br \/>\n<\/a>\n<\/picture>\n<\/div>\n<\/div><\/div>\n<\/div>\n<h2><strong>La situaci\u00f3n de Sosa<\/strong><\/h2>\n<p><strong>El pr\u00e9stamo del uruguayo finaliz\u00f3 el 31 de diciembre<\/strong>. Y si bien dej\u00f3 en claro que su intenci\u00f3n es permanecer en el Rojo, su continuidad no est\u00e1 asegurada. \u00bfEl motivo? La CD tiene la opci\u00f3n de comprar su pase por un mill\u00f3n de d\u00f3lares, aunque el club no est\u00e1 dispuesto a desembolsar ese momento. La otra chance es que el arquero negocie la rescisi\u00f3n de su v\u00ednculo con el Mazatl\u00e1n de M\u00e9xico para acordar en condici\u00f3n de libre, algo que no ser\u00e1 sencillo.<\/p>\n<h2><strong>M\u00e1s im\u00e1genes del arquero<\/strong><\/h2>\n<div class=\"sp__SM\">\n<div class=\"content-new \">\n<span class=\"tit-mobile\">Mir\u00e1 tambi\u00e9n<\/span><\/p>\n<div class=\"mg\">\n<div class=\"wrap-figure\">\n<picture>\n<a href=\"https:\/\/www.ole.com.ar\/futbol-primera\/coronavirus-positivos-futbol-argentino_0_P6WQeIPg_.html\" target=\"_self\" rel=\"noopener noreferrer\"><br \/>\n<img class=\"img-responsive\" alt=\"Ola de contagios en el f\u00fatbol argentino: el repaso club por club\" src=\"http:\/\/hoycordobaweb.com\/wp-content\/uploads\/2022\/01\/problemas-en-el-arco-de-independiente-3.jpg\" loading=\"lazy\"><br \/>\n<\/a>\n<\/picture>\n<\/div>\n<\/div><\/div>\n<\/div>\n<h2><strong>Pe\u00f1arol quiere al charr\u00faa<\/strong><\/h2>\n<p>A su vez,<strong> <a alt=\"penarol\" class=\"slug\" href=\"https:\/\/www.ole.com.ar\/tema\/penarol.html\" target=\"_blank\" title=\"penarol\" rel=\"noopener noreferrer\">Pe\u00f1arol <\/a>apareci\u00f3 en el camino y puso sus ojos en Sosa, ya que Kevin Dawson est\u00e1 cerquita de pasar a <a alt=\"libertad-de-paraguay\" class=\"slug\" href=\"https:\/\/www.ole.com.ar\/tema\/libertad-de-paraguay.html\" target=\"_blank\" title=\"libertad-de-paraguay\" rel=\"noopener noreferrer\">Libertad de Paraguay<\/a>. <\/strong>El 1 lleg\u00f3 a Avellaneda a mediados de 2020 por pedido de <a alt=\"lucas-pusineri\" class=\"slug\" href=\"https:\/\/www.ole.com.ar\/tema\/lucas-pusineri.html\" target=\"_blank\" title=\"lucas-pusineri\" rel=\"noopener noreferrer\">Lucas Pusineri<\/a> y, luego de un a\u00f1o y medio, el futbolista de 35 a\u00f1os se convirti\u00f3 en un referente dentro y fuera de la cancha.<\/p>\n<h2><strong>\u00c1lvarez tambi\u00e9n supo responder<\/strong><\/h2>\n<div class=\"sp__SM\">\n<div class=\"content-new \">\n<span class=\"tit-mobile\">Mir\u00e1 tambi\u00e9n<\/span><\/p>\n<div class=\"mg\">\n<div class=\"wrap-figure\">\n<picture>\n<a href=\"https:\/\/www.ole.com.ar\/futbol-internacional\/america\/ismael-sosa-everton-chile_0_qi8Up98NQ.html\" target=\"_self\" rel=\"noopener noreferrer\"><br \/>\n<img class=\"img-responsive\" alt=\"Ismael Sosa jugar\u00e1 la Libertadores en Chile\" src=\"http:\/\/hoycordobaweb.com\/wp-content\/uploads\/2022\/01\/problemas-en-el-arco-de-independiente-4.jpg\" loading=\"lazy\"><br \/>\n<\/a>\n<\/picture>\n<\/div>\n<\/div><\/div>\n<\/div>\n<h2><strong>El panorama de Milton<\/strong><\/h2>\n<p>Pero eso no es todo. <strong>En los \u00faltimos d\u00edas, hubo sondeos desde <a alt=\"platense\" class=\"slug\" href=\"https:\/\/www.ole.com.ar\/tema\/platense.html\" target=\"_blank\" title=\"platense\" rel=\"noopener noreferrer\">Platense <\/a>y <a alt=\"belgrano-de-cordoba\" class=\"slug\" href=\"https:\/\/www.ole.com.ar\/tema\/belgrano-de-cordoba.html\" target=\"_blank\" title=\"belgrano-de-cordoba\" rel=\"noopener noreferrer\">Belgrano <\/a>por \u00c1lvarez, arquero suplente de Independiente. <\/strong>Con 32 a\u00f1os, el jugador desea tener la continuidad que no tiene en Avellaneda y ve con buenos ojos la idea de salir a pr\u00e9stamo, ya que tiene contrato vigente hasta junio de 2023. Pese a que disput\u00f3 pocos partidos desde su llegada (11 encuentros y recibi\u00f3 ocho goles), Milton siempre respondi\u00f3 cuando le toc\u00f3 ponerse los guantes. <strong>Su salida s\u00f3lo podr\u00eda efectuarse en caso de que se confirme la permanencia de <a alt=\"sebastian-sosa\" class=\"slug\" href=\"https:\/\/www.ole.com.ar\/tema\/sebastian-sosa.html\" target=\"_blank\" title=\"sebastian-sosa\" rel=\"noopener noreferrer\">Sosa<\/a>.<\/strong><\/p>\n<h2><strong>Las atajadas de Milton\u200b<\/strong><br \/><\/h2>\n<div class=\"sp__SM\">\n<div class=\"content-new \">\n<span class=\"tit-mobile\">Mir\u00e1 tambi\u00e9n<\/span><\/p>\n<div class=\"mg\">\n<div class=\"wrap-figure\">\n<picture>\n<a href=\"https:\/\/www.ole.com.ar\/futbol-primera\/18-equipos-comenzaron-pretemporada_0_dLGEJarN1.html\" target=\"_self\" rel=\"noopener noreferrer\"><br \/>\n<img class=\"img-responsive\" alt=\"Los 18 clubes que volvieron a entrenarse\" src=\"http:\/\/hoycordobaweb.com\/wp-content\/uploads\/2022\/01\/problemas-en-el-arco-de-independiente-5.jpg\" loading=\"lazy\"><br \/>\n<\/a>\n<\/picture>\n<\/div>\n<\/div><\/div>\n<\/div>\n<div class=\"entry-tags\">\n<h2>TEMAS QUE APARECEN EN ESTA NOTA<\/h2>\n<\/p><\/div>\n","protected":false},"excerpt":{"rendered":"<p>Es un puesto clave y se viven d\u00edas clave. Con el inicio de la pretemporada cada vez m\u00e1s cerca y el arranque del torneo de la Liga Profesional a un pasito, Independiente tiene muchos inconvenientes para saber qu\u00e9 equipo contar\u00e1: debe resolver qu\u00e9 suceder\u00e1 con varios jugadores, tiene que levantar una serie de inhibiciones que [&hellip;]<\/p>\n","protected":false},"author":1,"featured_media":35182,"comment_status":"open","ping_status":"closed","sticky":false,"template":"","format":"standard","meta":[],"categories":[16],"tags":[],"_links":{"self":[{"href":"http:\/\/hoycordobaweb.com\/index.php\/wp-json\/wp\/v2\/posts\/35181"}],"collection":[{"href":"http:\/\/hoycordobaweb.com\/index.php\/wp-json\/wp\/v2\/posts"}],"about":[{"href":"http:\/\/hoycordobaweb.com\/index.php\/wp-json\/wp\/v2\/types\/post"}],"author":[{"embeddable":true,"href":"http:\/\/hoycordobaweb.com\/index.php\/wp-json\/wp\/v2\/users\/1"}],"replies":[{"embeddable":true,"href":"http:\/\/hoycordobaweb.com\/index.php\/wp-json\/wp\/v2\/comments?post=35181"}],"version-history":[{"count":0,"href":"http:\/\/hoycordobaweb.com\/index.php\/wp-json\/wp\/v2\/posts\/35181\/revisions"}],"wp:featuredmedia":[{"embeddable":true,"href":"http:\/\/hoycordobaweb.com\/index.php\/wp-json\/wp\/v2\/media\/35182"}],"wp:attachment":[{"href":"http:\/\/hoycordobaweb.com\/index.php\/wp-json\/wp\/v2\/media?parent=35181"}],"wp:term":[{"taxonomy":"category","embeddable":true,"href":"http:\/\/hoycordobaweb.com\/index.php\/wp-json\/wp\/v2\/categories?post=35181"},{"taxonomy":"post_tag","embeddable":true,"href":"http:\/\/hoycordobaweb.com\/index.php\/wp-json\/wp\/v2\/tags?post=35181"}],"curies":[{"name":"wp","href":"https:\/\/api.w.org\/{rel}","templated":true}]}}