{"id":35179,"date":"2022-01-03T20:24:57","date_gmt":"2022-01-03T20:24:57","guid":{"rendered":"https:\/\/www.ole.com.ar\/boca-juniors\/boca-sebastian-battaglia-covid_0_rXcxyClMV.html"},"modified":"2022-01-03T20:24:57","modified_gmt":"2022-01-03T20:24:57","slug":"battaglia-tambien-con-sintomas-de-covid","status":"publish","type":"post","link":"http:\/\/hoycordobaweb.com\/index.php\/2022\/01\/03\/battaglia-tambien-con-sintomas-de-covid\/","title":{"rendered":"Battaglia, tambi\u00e9n con s\u00edntomas de Covid"},"content":{"rendered":"<p><img src=\"http:\/\/hoycordobaweb.com\/wp-content\/uploads\/2022\/01\/battaglia-tambien-con-sintomas-de-covid.jpg\"><\/p>\n<p>\u00abLos jugadores Rossi, Weigandt, Avila, Zambrano, Varela, Montes, Pav\u00f3n y Salvio son positivos de Covid y ya se encuentran haciendo el aislamiento correspondiente. <strong>Fabra y Battaglia presentaron s\u00edntomas compatibles tras el test de ant\u00edgeno negativo y esperan el resultado del PCR\u00bb.<\/strong> El comunicado que <strong><a alt=\"boca-juniors\" class=\"slug\" href=\"https:\/\/www.ole.com.ar\/tema\/boca-juniors.html\" target=\"_blank\" title=\"boca-juniors\" rel=\"noopener noreferrer\">Boca <\/a><\/strong>emiti\u00f3 a las 17.15 de este lunes 3 de enero no s\u00f3lo confirm\u00f3 los casos positivos de Covid del plantel, sino que adem\u00e1s<strong> revel\u00f3 el cuadro de situaci\u00f3n del entrenador, que tambi\u00e9n pareciera afectado por el virus.<\/strong><\/p>\n<div class=\"sp__SM\">\n<div class=\"content-new \">\n<span class=\"tit-mobile\">Mir\u00e1 tambi\u00e9n<\/span><\/p>\n<div class=\"mg\">\n<div class=\"wrap-figure\">\n<picture>\n<a href=\"https:\/\/www.ole.com.ar\/boca-juniors\/facundo-farias-boca-riquelme-colon_0_KnZygdTPg.html\" target=\"_self\" rel=\"noopener noreferrer\"><br \/>\n<img class=\"img-responsive\" alt=\"Anot\u00e1, Rom\u00e1n: Far\u00edas revel\u00f3 d\u00f3nde quiere jugar en 2022\" src=\"http:\/\/hoycordobaweb.com\/wp-content\/uploads\/2022\/01\/battaglia-tambien-con-sintomas-de-covid-2.jpg\" loading=\"lazy\"><br \/>\n<\/a>\n<\/picture>\n<\/div>\n<\/div><\/div>\n<\/div>\n<div class=\"sp__Normal\">\n<div class=\"image-embeb image-trigger\" readability=\"6.5\">\n<picture><source media=\"(min-width: 720px)\" srcset=\"http:\/\/hoycordobaweb.com\/wp-content\/uploads\/2022\/01\/battaglia-tambien-con-sintomas-de-covid-3.jpg\"><img itemprop=\"image\" src=\"http:\/\/hoycordobaweb.com\/wp-content\/uploads\/2022\/01\/battaglia-tambien-con-sintomas-de-covid-3.jpg\" loading=\"lazy\" alt=\"Battaglia recibi\u00f3 el 2022 con su familia. El DT de Boca pas\u00f3 parte de sus vacaciones en Miami y otra en Canc\u00fan.\">\n<\/picture><figcaption readability=\"3\">\n<p>Battaglia recibi\u00f3 el 2022 con su familia. El DT de Boca pas\u00f3 parte de sus vacaciones en Miami y otra en Canc\u00fan.\n<\/p>\n<\/figcaption><\/div>\n<\/div>\n<p>Fueron varios los nombres de futbolistas que empezaron a saltar durante la tarde y antes del inicio de la pr\u00e1ctica en Ezeiza, de quienes se hablaba de positivos de coronavirus. <strong>Se trataba de aquellos futbolistas que se tuvieron que hisopar por haber regresado desde el exterior, motivo por el que ni siquiera fueron al primer d\u00eda de pretemporada en el Complejo.<\/strong><\/p>\n<div class=\"sp__SM\">\n<div class=\"content-new \">\n<span class=\"tit-mobile\">Mir\u00e1 tambi\u00e9n<\/span><\/p>\n<div class=\"mg\">\n<div class=\"wrap-figure\">\n<picture>\n<a href=\"https:\/\/www.ole.com.ar\/futbol-primera\/coronavirus-positivos-futbol-argentino_0_P6WQeIPg_.html\" target=\"_self\" rel=\"noopener noreferrer\"><br \/>\n<img class=\"img-responsive\" alt=\"Ola de contagios en el f\u00fatbol argentino: el repaso club por club\" src=\"http:\/\/hoycordobaweb.com\/wp-content\/uploads\/2022\/01\/battaglia-tambien-con-sintomas-de-covid-4.jpg\" loading=\"lazy\"><br \/>\n<\/a>\n<\/picture>\n<\/div>\n<\/div><\/div>\n<\/div>\n<h2><strong>La confirmaci\u00f3n de Boca<\/strong><\/h2>\n<p>Sin embargo, las confirmaciones del lado de Boca comenzaron a llegar a medida que se fueron haciendo los hisopados a todos los jugadores, cada uno por separado y en su v\u00ednculo. <strong>All\u00ed no solamente se agreg\u00f3 Marcelo Weigandt a la lista de positivos, sino que hubieron dos que aparecieron con s\u00edntomas&#8230;<\/strong><\/p>\n<div class=\"sp__SM\">\n<div class=\"content-new \">\n<span class=\"tit-mobile\">Mir\u00e1 tambi\u00e9n<\/span><\/p>\n<div class=\"mg\">\n<div class=\"wrap-figure\">\n<picture>\n<a href=\"https:\/\/www.ole.com.ar\/boca-juniors\/boca-juniors-abila-regreso-argentina_0_ibJEch3N8.html\" target=\"_self\" rel=\"noopener noreferrer\"><br \/>\n<img class=\"img-responsive\" alt=\"El recuerdo picante de Wanchope \u00c1bila en su vuelta a Boca\" src=\"http:\/\/hoycordobaweb.com\/wp-content\/uploads\/2022\/01\/battaglia-tambien-con-sintomas-de-covid-5.jpg\" loading=\"lazy\"><br \/>\n<\/a>\n<\/picture>\n<\/div>\n<\/div><\/div>\n<\/div>\n<p>Por un lado Frank Fabra y por el otro el propio t\u00e9cnico, <strong><a alt=\"sebastian-battaglia\" class=\"slug\" href=\"https:\/\/www.ole.com.ar\/tema\/sebastian-battaglia.html\" target=\"_blank\" title=\"sebastian-battaglia\" rel=\"noopener noreferrer\">Sebasti\u00e1n Battaglia<\/a><\/strong>. <strong>\u00abEstaba con mucha congesti\u00f3n\u00bb,<\/strong> le contaron a <strong>Ol\u00e9 <\/strong>sobre el DT al que dio positivo en el testeo r\u00e1pido, aunque<strong> luego se someti\u00f3 al PCR m\u00e1s completo que arrojar\u00e1 los resultados este lunes por la noche<\/strong> (lo mismo ocurri\u00f3 con el lateral colombiano).<\/p>\n<div class=\"sp__SM\">\n<div class=\"content-new \">\n<span class=\"tit-mobile\">Mir\u00e1 tambi\u00e9n<\/span><\/p>\n<div class=\"mg\">\n<div class=\"wrap-figure\">\n<picture>\n<a href=\"https:\/\/www.ole.com.ar\/boca-juniors\/boca-pretemporada-jugadores-covid_0_Y9KqL5gUQ.html\" target=\"_self\" rel=\"noopener noreferrer\"><br \/>\n<img class=\"img-responsive\" alt=\"Alerta Boca: las bajas en el inicio de la pretemporada\" src=\"http:\/\/hoycordobaweb.com\/wp-content\/uploads\/2022\/01\/battaglia-tambien-con-sintomas-de-covid-6.jpg\" loading=\"lazy\"><br \/>\n<\/a>\n<\/picture>\n<\/div>\n<\/div><\/div>\n<\/div>\n<div class=\"sp__Normal\">\n<div class=\"image-embeb image-trigger\" readability=\"7\">\n<picture><source media=\"(min-width: 720px)\" srcset=\"http:\/\/hoycordobaweb.com\/wp-content\/uploads\/2022\/01\/battaglia-tambien-con-sintomas-de-covid-7.jpg\"><img itemprop=\"image\" src=\"http:\/\/hoycordobaweb.com\/wp-content\/uploads\/2022\/01\/battaglia-tambien-con-sintomas-de-covid-7.jpg\" loading=\"lazy\" alt=\"Battaglia renov\u00f3 su continuidad en Boca y en este 2022 ser\u00e1 entrenador y no interino. Este lunes lleg\u00f3 al predio, pero se tuvo que volver...\">\n<\/picture><figcaption readability=\"4\">\n<p>Battaglia renov\u00f3 su continuidad en Boca y en este 2022 ser\u00e1 entrenador y no interino. Este lunes lleg\u00f3 al predio, pero se tuvo que volver&#8230;\n<\/p>\n<\/figcaption><\/div>\n<\/div>\n<p>Lo curioso del caso es que Battaglia tambi\u00e9n fue uno de los que volvi\u00f3 del exterior (pas\u00f3 sus vacaciones entre Miami y Canc\u00fan), motivo por el que <strong>se entiende que para poder entrar a la Argentina el testeo le tuvo que haber dado negativo. <\/strong>Claro que esto no tiene nada que ver con que despu\u00e9s de eso el entrenador se haya empezado a sentir mal.<\/p>\n<div class=\"sp__SM\">\n<div class=\"content-new \">\n<span class=\"tit-mobile\">Mir\u00e1 tambi\u00e9n<\/span><\/p>\n<div class=\"mg\">\n<div class=\"wrap-figure\">\n<picture>\n<a href=\"https:\/\/www.ole.com.ar\/futbol-primera\/18-equipos-comenzaron-pretemporada_0_dLGEJarN1.html\" target=\"_self\" rel=\"noopener noreferrer\"><br \/>\n<img class=\"img-responsive\" alt=\"Los 18 clubes que volvieron a entrenarse\" src=\"http:\/\/hoycordobaweb.com\/wp-content\/uploads\/2022\/01\/battaglia-tambien-con-sintomas-de-covid-8.jpg\" loading=\"lazy\"><br \/>\n<\/a>\n<\/picture>\n<\/div>\n<\/div><\/div>\n<\/div>\n<p>As\u00ed las cosas, como Battaglia se volvi\u00f3 a su casa cuando se empez\u00f3 a sentir mal en el Complejo de Ezeiza, <strong>los que quedaron a cargo de la primera pr\u00e1ctica del a\u00f1o del plantel fueron dos de sus ayudantes como Juan Krupoviesa y Mariano Herr\u00f3n. \u00a1A recuperarse, Seba!<\/strong><\/p>\n<div class=\"sp__SM\">\n<div class=\"content-new \">\n<span class=\"tit-mobile\">Mir\u00e1 tambi\u00e9n<\/span><\/p>\n<div class=\"mg\">\n<div class=\"wrap-figure\">\n<picture>\n<a href=\"https:\/\/www.ole.com.ar\/boca-juniors\/frente-boca-juveniles-pretemporada_0_GKLYjzNnq.html\" target=\"_self\" rel=\"noopener noreferrer\"><br \/>\n<img class=\"img-responsive\" alt=\"Opini\u00f3n: es el momento ideal para los pibes de Boca\" src=\"http:\/\/hoycordobaweb.com\/wp-content\/uploads\/2022\/01\/battaglia-tambien-con-sintomas-de-covid-9.jpg\" loading=\"lazy\"><br \/>\n<\/a>\n<\/picture>\n<\/div>\n<\/div><\/div>\n<\/div>\n<div class=\"sp__Normal htmlLibre\">\n<div class=\"embed-responsive-c\" readability=\"9.2974860335196\">\n<blockquote class=\"twitter-tweet\" readability=\"12.396648044693\">\n<p lang=\"es\" dir=\"ltr\">Los jugadores Rossi, Weigandt, Avila, Zambrano, Varela, Montes, Pav\u00f3n y Salvio son positivos de Covid y ya se encuentran haciendo el aislamiento correspondiente. Fabra y Battaglia presentaron s\u00edntomas compatibles tras el test de ant\u00edgeno negativo y esperan el resultado del PCR. <a href=\"https:\/\/t.co\/R4Myb8HL9s\">pic.twitter.com\/R4Myb8HL9s<\/a><\/p>\n<p>\u2014 Boca Juniors (@BocaJrsOficial) <a href=\"https:\/\/twitter.com\/BocaJrsOficial\/status\/1478097610737000450?ref_src=twsrc%5Etfw\">January 3, 2022<\/a><\/p><\/blockquote><\/div>\n<\/div>\n<div class=\"entry-tags\">\n<h2>TEMAS QUE APARECEN EN ESTA NOTA<\/h2>\n<\/p><\/div>\n","protected":false},"excerpt":{"rendered":"<p>\u00abLos jugadores Rossi, Weigandt, Avila, Zambrano, Varela, Montes, Pav\u00f3n y Salvio son positivos de Covid y ya se encuentran haciendo el aislamiento correspondiente. Fabra y Battaglia presentaron s\u00edntomas compatibles tras el test de ant\u00edgeno negativo y esperan el resultado del PCR\u00bb. El comunicado que Boca emiti\u00f3 a las 17.15 de este lunes 3 de enero [&hellip;]<\/p>\n","protected":false},"author":1,"featured_media":35180,"comment_status":"open","ping_status":"closed","sticky":false,"template":"","format":"standard","meta":[],"categories":[16],"tags":[],"_links":{"self":[{"href":"http:\/\/hoycordobaweb.com\/index.php\/wp-json\/wp\/v2\/posts\/35179"}],"collection":[{"href":"http:\/\/hoycordobaweb.com\/index.php\/wp-json\/wp\/v2\/posts"}],"about":[{"href":"http:\/\/hoycordobaweb.com\/index.php\/wp-json\/wp\/v2\/types\/post"}],"author":[{"embeddable":true,"href":"http:\/\/hoycordobaweb.com\/index.php\/wp-json\/wp\/v2\/users\/1"}],"replies":[{"embeddable":true,"href":"http:\/\/hoycordobaweb.com\/index.php\/wp-json\/wp\/v2\/comments?post=35179"}],"version-history":[{"count":0,"href":"http:\/\/hoycordobaweb.com\/index.php\/wp-json\/wp\/v2\/posts\/35179\/revisions"}],"wp:featuredmedia":[{"embeddable":true,"href":"http:\/\/hoycordobaweb.com\/index.php\/wp-json\/wp\/v2\/media\/35180"}],"wp:attachment":[{"href":"http:\/\/hoycordobaweb.com\/index.php\/wp-json\/wp\/v2\/media?parent=35179"}],"wp:term":[{"taxonomy":"category","embeddable":true,"href":"http:\/\/hoycordobaweb.com\/index.php\/wp-json\/wp\/v2\/categories?post=35179"},{"taxonomy":"post_tag","embeddable":true,"href":"http:\/\/hoycordobaweb.com\/index.php\/wp-json\/wp\/v2\/tags?post=35179"}],"curies":[{"name":"wp","href":"https:\/\/api.w.org\/{rel}","templated":true}]}}