{"id":35115,"date":"2022-01-02T16:18:00","date_gmt":"2022-01-02T16:18:00","guid":{"rendered":"http:\/\/hoycordobaweb.com\/index.php\/2022\/01\/02\/boca-encabeza-el-nutrido-grupo-de-equipos-que-retornan-este-lunes-al-trabajo\/"},"modified":"2022-01-02T16:18:00","modified_gmt":"2022-01-02T16:18:00","slug":"boca-encabeza-el-nutrido-grupo-de-equipos-que-retornan-este-lunes-al-trabajo","status":"publish","type":"post","link":"http:\/\/hoycordobaweb.com\/index.php\/2022\/01\/02\/boca-encabeza-el-nutrido-grupo-de-equipos-que-retornan-este-lunes-al-trabajo\/","title":{"rendered":"Boca encabeza el nutrido grupo de equipos que retornan este lunes al trabajo"},"content":{"rendered":"<p><img src=\"http:\/\/hoycordobaweb.com\/wp-content\/uploads\/2022\/01\/boca-encabeza-el-nutrido-grupo-de-equipos-que-retornan-este-lunes-al-trabajo.jpg\"><\/p>\n<figure class=\"mb-3\"><img loading=\"lazy\" src=\"http:\/\/hoycordobaweb.com\/wp-content\/uploads\/2022\/01\/boca-encabeza-el-nutrido-grupo-de-equipos-que-retornan-este-lunes-al-trabajo-2.jpg\" width=\"100%\" height=\"100%\" alt=\"Boca arranca el lunes por la tarde con los trabajos en el Centro de Entrenamiento de Ezeiza \"><figcaption> Boca arranca el lunes por la tarde con los trabajos en el Centro de Entrenamiento de Ezeiza. <\/figcaption><\/figure>\n<p><strong>Boca Juniors y otros 16 equipos de la Liga Profesional de F\u00fatbol (LPF) comenzar\u00e1n este lunes,<\/strong> primer d\u00eda h\u00e1bil del a\u00f1o, la pretemporada con vistas a las diferentes competencias de 2022.<\/p>\n<p>Racing Club, Argentinos Juniors, Arsenal, Atl\u00e9tico Tucum\u00e1n, Banfield, Defensa y Justicia, Estudiantes de La Plata, Godoy Cruz de Mendoza, Hurac\u00e1n, Lan\u00fas, Newell&#8217;s Old Boys de Rosario, Patronato de Paran\u00e1, Rosario Central, Sarmiento de Jun\u00edn, Talleres de C\u00f3rdoba y V\u00e9lez Sarsfield completan el 60% de los planteles que terminar\u00e1n sus vacaciones.<\/p>\n<p>Despu\u00e9s de hacer oficial la continuidad del <strong>DT Sebasti\u00e1n Battaglia<\/strong> en el \u00faltimo d\u00eda de 2021, Boca pondr\u00e1 en marcha una nueva campa\u00f1a con una sesi\u00f3n de trabajo vespertina en el Centro de Entrenamiento de Ezeiza.<\/p>\n<p>El plantel se presentar\u00e1 sin caras nuevas, con la baja del colombiano Edwin Cardona -no se hizo uso de la opci\u00f3n de compra fijada por el Tijuana de M\u00e9xico- y el retorno de un grupo de jugadores que permanec\u00edan cedidos en otras instituciones.<\/p>\n<p>De todos ellos, qui\u00e9n m\u00e1s posibilidades tiene de quedar es el defensor Gast\u00f3n \u00c1vila, de \u00faltimo paso por Rosario Central, debido a que Boca no pondr\u00e1 contar con sus zagueros titulares (Carlos Izquierdoz y Marcos Rojo), en casi toda la fase de grupo de la Copa Libertadores por la sanci\u00f3n tras incidentes frente a Atl\u00e9tico Mineiro en Brasil.<\/p>\n<p>En el grupo de los que deben reincorporarse tambi\u00e9n figura los delanteros Ram\u00f3n \u00abWanchope\u00bb \u00c1bila, Walter Bou y Mateo Retegui, entre otros.<\/p>\n<p><strong>Boca<\/strong> espera cerrar en los primeros d\u00edas del a\u00f1o un refuerzo por l\u00ednea. Los nombres apuntados son Lautaro Giannetti, Nicol\u00e1s Figal y Sergio Barreto en la defensa; Andr\u00e9s Cubas y Guillermo \u00abPol\u00bb Fern\u00e1ndez en el mediocampo y Dar\u00edo Benedetto, Gabriel \u00c1valos, \u00c1ngel Romero, Facundo Far\u00edas y Roger Mart\u00ednez para el ataque.<\/p>\n<p>El equipo \u00abxeneize\u00bb realizar\u00e1 toda su preparaci\u00f3n en Ezeiza, estar\u00e1 concentrado en el hotel Intercontinental de esa localidad y jugar\u00e1 amistosos en La Plata ante Colo Colo de Chile (lunes 17) y Universidad de Chile (jueves 20), v\u00e1lido por un hexagonal del que tambi\u00e9n participar\u00e1n Independiente, San Lorenzo y Talleres.<\/p>\n<p><strong>Racing ser\u00e1 el otro grande <\/strong>en ponerse en marcha este lunes en el Cilindro de Avellaneda, con la vuelta de Gabriel Hauche y la incorporaci\u00f3n de Facundo Mura como novedad.<\/p>\n<p>Al mando de<strong> Fernando Gago<\/strong>, la \u00abAcademia\u00bb, que tiene previsto tres encuentros preparatorios, trabajar\u00e1 hasta el mi\u00e9rcoles en el estadio, pasar\u00e1 una semana en el predio de AFA (del 6 al 12 de enero) y del 13 al 21 se entrenar\u00e1 en el complejo Tita Mattiussi.<\/p>\n<p>Entre los 15 clubes restantes que volver\u00e1n ma\u00f1ana de las vacaciones, cinco de ellos dar\u00e1n comienzo a un nuevo ciclo de trabajo.<\/p>\n<figure class=\"mb-3\"><img loading=\"lazy\" src=\"http:\/\/hoycordobaweb.com\/wp-content\/uploads\/2022\/01\/boca-encabeza-el-nutrido-grupo-de-equipos-que-retornan-este-lunes-al-trabajo-3.jpg\" width=\"100%\" height=\"100%\" alt=\"Jorge Almirn vuelve a sentarse en el banco de Lans \"><figcaption> Jorge Almir\u00f3n vuelve a sentarse en el banco de Lan\u00fas. <\/figcaption><\/figure>\n<p><strong>Arsenal,<\/strong> con un plantel diezmado, presentar\u00e1 a Leonardo Carol Madel\u00f3n; <strong>Atl\u00e9tico Tucum\u00e1n<\/strong> tendr\u00e1 el retorno del \u00abVasco\u00bb Juan Manuel Azconz\u00e1bal; <strong>Lan\u00fas,<\/strong> el de Jorge Almir\u00f3n -t\u00e9cnico tres veces campe\u00f3n en el club-, <strong>Newell&#8217;s<\/strong> dar\u00e1 luz verde al ciclo de Javier Sanguinetti -ex Banfield- y <strong>Sarmiento<\/strong> iniciar\u00e1 la gesti\u00f3n de Israel Damonte.<\/p>\n<p><strong>Talleres<\/strong>, uno de los seis clasificados a la Libertadores 2022, trabajar\u00e1 sin t\u00e9cnico confirmado, a la espera del sucesor del uruguayo Alexander \u00abCacique\u00bb Medina, que se march\u00f3 al Inter de Porto Alegre.<\/p>\n<p>El plantel cordob\u00e9s volvi\u00f3 parcialmente al trabajo antes de fin de a\u00f1o pero desde ma\u00f1ana lo har\u00e1 de forma completa en el predio Amadeo Nuccetelli.<\/p>\n<p>Para el martes est\u00e1n agendados los retornos de <strong>Gimnasia y Esgrima La Plata, el ascendido Tigre, Uni\u00f3n de Santa Fe y San Lorenzo<\/strong>, que demor\u00f3 un d\u00eda su vuelta luego de arreglar la llegada por un a\u00f1o de Pedro Troglio, quien debe viajar a Honduras para resolver su desvinculaci\u00f3n del club Olimpia.<\/p>\n<p>El mi\u00e9rcoles ser\u00e1 el turno de los planteles de <strong>Aldosivi de Mar del Plata, Central C\u00f3rdoba de Santiago del Estero, Platense y Col\u00f3n de Santa Fe<\/strong>, que tambi\u00e9n lo har\u00e1 sin entrenador confirmado luego de la salida de Eduardo Dom\u00ednguez, campe\u00f3n de la Copa LPF 2021.<\/p>\n<p>El \u00abBarba\u00bb Dom\u00ednguez est\u00e1 en negociaciones para suceder a Julio C\u00e9sar Falcioni en<strong> Independiente<\/strong>, cuyo plantel se presentar\u00e1 el jueves pr\u00f3ximo a las 9.30 en el complejo de Villa Dom\u00ednico.<\/p>\n<p><strong>River Plate<\/strong>, que termin\u00f3 su competencia el 18 de diciembre con la conquista del Trofeo de Campeones en Santiago del Estero, regresar\u00e1 el 8 de enero y partir\u00e1 rumbo a Estados Unidos.<\/p>\n<p><strong>Barracas Central<\/strong>, el segundo y \u00faltimo ascendido a primera divisi\u00f3n, todav\u00eda no defini\u00f3 su regreso a los entrenamientos. <\/p>\n","protected":false},"excerpt":{"rendered":"<p>Boca arranca el lunes por la tarde con los trabajos en el Centro de Entrenamiento de Ezeiza. Boca Juniors y otros 16 equipos de la Liga Profesional de F\u00fatbol (LPF) comenzar\u00e1n este lunes, primer d\u00eda h\u00e1bil del a\u00f1o, la pretemporada con vistas a las diferentes competencias de 2022. Racing Club, Argentinos Juniors, Arsenal, Atl\u00e9tico Tucum\u00e1n, [&hellip;]<\/p>\n","protected":false},"author":1,"featured_media":35116,"comment_status":"open","ping_status":"closed","sticky":false,"template":"","format":"standard","meta":[],"categories":[16],"tags":[],"_links":{"self":[{"href":"http:\/\/hoycordobaweb.com\/index.php\/wp-json\/wp\/v2\/posts\/35115"}],"collection":[{"href":"http:\/\/hoycordobaweb.com\/index.php\/wp-json\/wp\/v2\/posts"}],"about":[{"href":"http:\/\/hoycordobaweb.com\/index.php\/wp-json\/wp\/v2\/types\/post"}],"author":[{"embeddable":true,"href":"http:\/\/hoycordobaweb.com\/index.php\/wp-json\/wp\/v2\/users\/1"}],"replies":[{"embeddable":true,"href":"http:\/\/hoycordobaweb.com\/index.php\/wp-json\/wp\/v2\/comments?post=35115"}],"version-history":[{"count":0,"href":"http:\/\/hoycordobaweb.com\/index.php\/wp-json\/wp\/v2\/posts\/35115\/revisions"}],"wp:featuredmedia":[{"embeddable":true,"href":"http:\/\/hoycordobaweb.com\/index.php\/wp-json\/wp\/v2\/media\/35116"}],"wp:attachment":[{"href":"http:\/\/hoycordobaweb.com\/index.php\/wp-json\/wp\/v2\/media?parent=35115"}],"wp:term":[{"taxonomy":"category","embeddable":true,"href":"http:\/\/hoycordobaweb.com\/index.php\/wp-json\/wp\/v2\/categories?post=35115"},{"taxonomy":"post_tag","embeddable":true,"href":"http:\/\/hoycordobaweb.com\/index.php\/wp-json\/wp\/v2\/tags?post=35115"}],"curies":[{"name":"wp","href":"https:\/\/api.w.org\/{rel}","templated":true}]}}