{"id":35051,"date":"2021-12-31T20:10:00","date_gmt":"2021-12-31T20:10:00","guid":{"rendered":"https:\/\/www.ole.com.ar\/fuera-de-juego\/tyc-sports-verano-2022-cambios-programacion_0_zTDAFbl9-.html"},"modified":"2021-12-31T20:10:00","modified_gmt":"2021-12-31T20:10:00","slug":"tyc-sports-verano-el-inicio-de-un-movido-2022","status":"publish","type":"post","link":"http:\/\/hoycordobaweb.com\/index.php\/2021\/12\/31\/tyc-sports-verano-el-inicio-de-un-movido-2022\/","title":{"rendered":"TyC Sports verano: el inicio de un movido 2022"},"content":{"rendered":"<p><img src=\"http:\/\/hoycordobaweb.com\/wp-content\/uploads\/2021\/12\/tyc-sports-verano-el-inicio-de-un-movido-2022.jpg\"><\/p>\n<p>Se cierra el 2021, se levantan las copas, se piden deseos, y arranca nom\u00e1s el 2022. Y <a alt=\"tyc-sports\" class=\"slug\" href=\"https:\/\/www.ole.com.ar\/tema\/tyc-sports.html\" target=\"_blank\" title=\"tyc-sports\" rel=\"noopener noreferrer\">TyC Sports<\/a> espera<a data-cke-saved-href=\"https:\/\/www.ole.com.ar\/fuera-de-juego\/tyc-sports-cambio-programacion-2022_0_dZGh6ged7.html\" target=\"_blank\" href=\"https:\/\/www.ole.com.ar\/fuera-de-juego\/tyc-sports-cambio-programacion-2022_0_dZGh6ged7.html\" rel=\"noopener noreferrer\"><strong> un a\u00f1o bastante movido, que tendr\u00e1 varios cambios importantes<\/strong><\/a>. Pero lo que sigue firme y en pie es el cl\u00e1sico de la se\u00f1al hace ya varias temporadas:<strong> TyC Sports Verano, desde el Balneario 12 de Punta Mogotes, en Mar del Plata, durante el primer mes del a\u00f1o.<\/strong><\/p>\n<div class=\"sp__SM\">\n<div class=\"content-new \">\n<span class=\"tit-mobile\">Mir\u00e1 tambi\u00e9n<\/span><\/p>\n<div class=\"mg\">\n<div class=\"wrap-figure\">\n<picture>\n<a href=\"https:\/\/www.ole.com.ar\/fuera-de-juego\/tyc-sports-cambio-programacion-2022_0_dZGh6ged7.html\" target=\"_self\" rel=\"noopener noreferrer\"><br \/>\n<img class=\"img-responsive\" alt=\"TyC Sports en 2022: giro en toda la programaci\u00f3n\" src=\"http:\/\/hoycordobaweb.com\/wp-content\/uploads\/2021\/12\/tyc-sports-verano-el-inicio-de-un-movido-2022-2.jpg\" loading=\"lazy\"><br \/>\n<\/a>\n<\/picture>\n<\/div>\n<\/div><\/div>\n<\/div>\n<div class=\"sp__SM\">\n<div class=\"content-new \">\n<span class=\"tit-mobile\">Mir\u00e1 tambi\u00e9n<\/span><\/p>\n<div class=\"mg\">\n<div class=\"wrap-figure\">\n<picture>\n<a href=\"https:\/\/www.ole.com.ar\/informacion-general\/bricco-barracas-periodismo-river_0_0dgZxdQSD.html\" target=\"_self\" rel=\"noopener noreferrer\"><br \/>\n<img class=\"img-responsive\" alt=\"Bricco: el relator que trabaj\u00f3 en una poller\u00eda, jug\u00f3 en Newell's y qued\u00f3 libre del cole por hepatitis\" src=\"http:\/\/hoycordobaweb.com\/wp-content\/uploads\/2021\/12\/tyc-sports-verano-el-inicio-de-un-movido-2022-3.jpg\" loading=\"lazy\"><br \/>\n<\/a>\n<\/picture>\n<\/div>\n<\/div><\/div>\n<\/div>\n<p> La programaci\u00f3n comenzar\u00e1 el lunes 3 de enero&nbsp;y constar\u00e1 de diez horas ininterrumpidas de informaci\u00f3n, actualidad deportiva y debate bajo el sol y el calor de la Costa argentina y con el mar de fondo.<strong> La entrega ser\u00e1 de lunes a viernes, de 11 a 21, dividida en cuatro bloques horarios.<\/strong><\/p>\n<div class=\"sp__Normal\">\n<div class=\"image-embeb image-trigger\" readability=\"6\">\n<picture><source media=\"(min-width: 720px)\" srcset=\"http:\/\/hoycordobaweb.com\/wp-content\/uploads\/2021\/12\/tyc-sports-verano-el-inicio-de-un-movido-2022-4.jpg\"><img itemprop=\"image\" src=\"http:\/\/hoycordobaweb.com\/wp-content\/uploads\/2021\/12\/tyc-sports-verano-el-inicio-de-un-movido-2022-4.jpg\" loading=\"lazy\" alt=\"Gast\u00f3n Recondo abrir\u00e1 la jornada con m\u00f3viles y toda la informaci\u00f3n de los clubes.\">\n<\/picture><figcaption readability=\"2\">\n<p>Gast\u00f3n Recondo abrir\u00e1 la jornada con m\u00f3viles y toda la informaci\u00f3n de los clubes.\n<\/p>\n<\/figcaption><\/div>\n<\/div>\n<p>El primero, conducido por <strong><a alt=\"gaston-recondo\" class=\"slug\" href=\"https:\/\/www.ole.com.ar\/tema\/gaston-recondo.html\" target=\"_blank\" title=\"gaston-recondo\" rel=\"noopener noreferrer\">Gast\u00f3n Recondo<\/a><\/strong>, y acompa\u00f1ado por Germ\u00e1n Giani y Joaqu\u00edn Bruno, tendr\u00e1 una hora y media de duraci\u00f3n, y contar\u00e1 con <strong>m\u00f3viles en cada club para la cobertura de las pretemporadas y todas las novedades del mercado de pases.<\/strong><\/p>\n<div class=\"sp__SM\">\n<div class=\"content-new \">\n<span class=\"tit-mobile\">Mir\u00e1 tambi\u00e9n<\/span><\/p>\n<div class=\"mg\">\n<div class=\"wrap-figure\">\n<picture>\n<a href=\"https:\/\/www.ole.com.ar\/tenis\/atp-cup-copa-davis-diferencias_0_Vg0-o29uh.html\" target=\"_self\" rel=\"noopener noreferrer\"><br \/>\n<img class=\"img-responsive\" alt=\"Las diferencias entre la ATP Cup y la Copa Davis\" src=\"http:\/\/hoycordobaweb.com\/wp-content\/uploads\/2021\/12\/tyc-sports-verano-el-inicio-de-un-movido-2022-5.jpg\" loading=\"lazy\"><br \/>\n<\/a>\n<\/picture>\n<\/div>\n<\/div><\/div>\n<\/div>\n<p>Al mediod\u00eda, a pleno rayo del sol, <strong>Hugo Balassone, <a alt=\"horacio-pagani\" class=\"slug\" href=\"https:\/\/www.ole.com.ar\/tema\/horacio-pagani.html\" target=\"_blank\" title=\"horacio-pagani\" rel=\"noopener noreferrer\">Horacio Pagani<\/a>, <a alt=\"diego-diaz\" class=\"slug\" href=\"https:\/\/www.ole.com.ar\/tema\/diego-diaz.html\" target=\"_blank\" title=\"diego-diaz\" rel=\"noopener noreferrer\">Diego D\u00edaz<\/a>, Gast\u00f3n Edul, Cristian Gar\u00f3falo, Eduardo Ramenzoni y Tony Serpa<\/strong> subir\u00e1n la temperatura del almuerzo con el <strong>debate de la actualidad del f\u00fatbol argentino, entrevistas con las figuras, invitados en el estudio y las principales novedades del mercado.<\/strong><\/p>\n<p> Luego, a las 15 horas, <strong>Juan Pablo Marr\u00f3n, Joaqu\u00edn Bruno y Pablo Gonz\u00e1lez<\/strong> ponen los pies en la arena para empezar a<strong> palpitar el Mundial de Qatar y analizar detalladamente todo lo que viene en el 2022 para la Selecci\u00f3n Nacional y el futbol argentino.<\/strong><\/p>\n<div class=\"sp__SM\">\n<div class=\"content-new \">\n<span class=\"tit-mobile\">Mir\u00e1 tambi\u00e9n<\/span><\/p>\n<div class=\"mg\">\n<div class=\"wrap-figure\">\n<picture>\n<a href=\"https:\/\/www.ole.com.ar\/fuera-de-juego\/carta-cristiano-ronaldo-madre-cumpleanos_0_UtDRTQBJ2.html\" target=\"_self\" rel=\"noopener noreferrer\"><br \/>\n<img class=\"img-responsive\" alt=\"La emotiva reacci\u00f3n de la madre de Cristiano Ronaldo tras recibir la carta\" src=\"http:\/\/hoycordobaweb.com\/wp-content\/uploads\/2021\/12\/tyc-sports-verano-el-inicio-de-un-movido-2022-6.jpg\" loading=\"lazy\"><br \/>\n<\/a>\n<\/picture>\n<\/div>\n<\/div><\/div>\n<\/div>\n<p> <strong>Desde las 17, Gast\u00f3n Recondo aparecer\u00e1 nuevamente en pantalla<\/strong> durante una hora y media para actualizar la informaci\u00f3n deportiva, <strong>con la cobertura de la jornada, los compactos de los partidos, todos los goles y la previa de la actividad nocturna de la pretemporada.<\/strong><\/p>\n<div class=\"sp__Normal\">\n<div class=\"image-embeb image-trigger\" readability=\"7\">\n<picture><source media=\"(min-width: 720px)\" srcset=\"http:\/\/hoycordobaweb.com\/wp-content\/uploads\/2021\/12\/tyc-sports-verano-el-inicio-de-un-movido-2022-7.jpg\"><img itemprop=\"image\" src=\"http:\/\/hoycordobaweb.com\/wp-content\/uploads\/2021\/12\/tyc-sports-verano-el-inicio-de-un-movido-2022-7.jpg\" loading=\"lazy\" alt=\"El elenco de Presi\u00f3n Alta, con Ariel Rodr\u00edguez a la cabeza, dir\u00e1 presente en TyC Verano.\">\n<\/picture><figcaption readability=\"4\">\n<p>El elenco de Presi\u00f3n Alta, con Ariel Rodr\u00edguez a la cabeza, dir\u00e1 presente en TyC Verano.\n<\/p>\n<\/figcaption><\/div>\n<\/div>\n<p> Y en el \u00faltimo bloque, cuando el sol comienza a apagarse sobre la playa, se enciende<strong> el debate m\u00e1s picante de la TV deportiva porque la pol\u00e9mica tambi\u00e9n es parte del juego. <\/strong>Por eso, <strong>a partir de las 18.30, Ariel Rodriguez comanda el equipo que siempre va al hueso y no le escapa a las gambetas<\/strong> integrado por Nicolas Cambiasso, Guido Glait, Julio Pavoni, Rodolfo Cingolani, Lucas Beltramo y Gustavo Grabia.<\/p>\n<p>Y como siempre, <strong>TyC Sports transmitir\u00e1 tambi\u00e9n las<a alt=\"eliminatorias-sudamericanas\" class=\"slug\" href=\"https:\/\/www.ole.com.ar\/tema\/eliminatorias-sudamericanas.html\" target=\"_blank\" title=\"eliminatorias-sudamericanas\" rel=\"noopener noreferrer\"> Eliminatorias Sudamericanas<\/a><\/strong>, con los duelos de Argentina ante Chile (27 de enero) y Colombia (1\u00b0 de febrero), los partidos m\u00e1s destacados de la Liga Nacional de B\u00e1squet y la Liga de Voleibol Argentina y las veladas de Boxeo de Primera, con los combates m\u00e1s destacados por t\u00edtulos mundiales, latinos y argentinos.<\/p>\n<div class=\"sp__Normal\">\n<div class=\"image-embeb image-trigger\" readability=\"7\">\n<picture><source media=\"(min-width: 720px)\" srcset=\"http:\/\/hoycordobaweb.com\/wp-content\/uploads\/2021\/12\/tyc-sports-verano-el-inicio-de-un-movido-2022-8.jpg\"><img itemprop=\"image\" src=\"http:\/\/hoycordobaweb.com\/wp-content\/uploads\/2021\/12\/tyc-sports-verano-el-inicio-de-un-movido-2022-8.jpg\" loading=\"lazy\" alt=\"La Scaloneta debutar\u00e1 en 2022 el 27 de enero, ante Chile, en la ciudad de Calama.\">\n<\/picture><figcaption readability=\"4\">\n<p>La Scaloneta debutar\u00e1 en 2022 el 27 de enero, ante Chile, en la ciudad de Calama.\n<\/p>\n<\/figcaption><\/div>\n<\/div>\n<div class=\"sp__SM\">\n<div class=\"content-new \">\n<span class=\"tit-mobile\">Mir\u00e1 tambi\u00e9n<\/span><\/p>\n<div class=\"mg\">\n<div class=\"wrap-figure\">\n<picture>\n<a href=\"https:\/\/www.ole.com.ar\/futbol-internacional\/italia\/hinchas-inter-milan-bandera-lukaku_0_-hzLdkuhc.html\" target=\"_self\" rel=\"noopener noreferrer\"><br \/>\n<img class=\"img-responsive\" alt=\"Los hinchas de Inter colgaron una bandera contra Lukaku\" src=\"http:\/\/hoycordobaweb.com\/wp-content\/uploads\/2021\/12\/tyc-sports-verano-el-inicio-de-un-movido-2022-9.jpg\" loading=\"lazy\"><br \/>\n<\/a>\n<\/picture>\n<\/div>\n<\/div><\/div>\n<\/div>\n<h2><strong>CAMBIOS EN LA PROGRAMACI\u00d3N<\/strong><\/h2>\n<p> <a data-cke-saved-href=\"https:\/\/www.ole.com.ar\/fuera-de-juego\/tyc-sports-cambio-programacion-2022_0_dZGh6ged7.html\" target=\"_blank\" href=\"https:\/\/www.ole.com.ar\/fuera-de-juego\/tyc-sports-cambio-programacion-2022_0_dZGh6ged7.html\" rel=\"noopener noreferrer\"><strong>TyC Sports decidi\u00f3 pegar un giro rotundo en cuanto a los programas que transmitir\u00e1 en 2022<\/strong><\/a>: desde el lunes 31 de enero, una vez finalizada la entrega desde Mar del Plata y con la Liga Profesional a punto de arrancar, <strong>cl\u00e1sicos como Planeta Gol y L\u00edbero dejar\u00e1n de estar al aire<\/strong>.<\/p>\n<div class=\"sp__Normal\">\n<div class=\"image-embeb image-trigger\" readability=\"6.5\">\n<picture><source media=\"(min-width: 720px)\" srcset=\"http:\/\/hoycordobaweb.com\/wp-content\/uploads\/2021\/12\/tyc-sports-verano-el-inicio-de-un-movido-2022-10.jpg\"><img itemprop=\"image\" src=\"http:\/\/hoycordobaweb.com\/wp-content\/uploads\/2021\/12\/tyc-sports-verano-el-inicio-de-un-movido-2022-10.jpg\" loading=\"lazy\" alt=\"Luego de 13 a\u00f1os, Planeta Gol dejar\u00e1 de transmitirse. Fin de una exitosa era.\">\n<\/picture><figcaption readability=\"3\">\n<p>Luego de 13 a\u00f1os, Planeta Gol dejar\u00e1 de transmitirse. Fin de una exitosa era.\n<\/p>\n<\/figcaption><\/div>\n<\/div>\n<p>La se\u00f1al se inclinar\u00e1 por darle prioridad a la informaci\u00f3n en vivo durante casi 24 horas (ir\u00e1 de 7 de la ma\u00f1ana hasta la 1 de la madrugada del d\u00eda siguiente). Si bien a\u00fan restan conocerse varios detalles sobre lo que deparar\u00e1n estas modificaciones y los nuevos programas que emitir\u00e1, s\u00ed es sabido ya que S\u00faper F\u00fatbol, Presi\u00f3n Alta y los noticieros de Sportia, adem\u00e1s de los previamente mencionados L\u00edbero y Planeta Gol, dejar\u00e1n de figurar en la grilla. <strong>Solo Paso a Paso, el cl\u00e1sico de la medianoche de los domingos, con los res\u00famenes de cada partido de la fecha de la Liga Profesional, seguir\u00e1 con vida durante 2022.<\/strong><\/p>\n<p> <strong>Esta decisi\u00f3n va de la mano con una reestructuraci\u00f3n integral del canal, que apostar\u00e1 por la actualidad de forma constante, con m\u00f3viles y haciendo foco en la informaci\u00f3n en vivo, con la misma escenograf\u00eda y rotando el staff period\u00edstico<\/strong> en bloques horarios, proponiendo una nueva experiencia para la audiencia. Algo similar a lo que se ve en las coberturas especiales en los d\u00edas en que hay fechas de Eliminatorias o finales como las de la Copa Argentina, Trofeo de Campeones y ascensos de la Primera Nacional.<\/p>\n<div class=\"sp__SM\">\n<div class=\"content-new \">\n<span class=\"tit-mobile\">Mir\u00e1 tambi\u00e9n<\/span><\/p>\n<div class=\"mg\">\n<div class=\"wrap-figure\">\n<picture>\n<a href=\"https:\/\/www.ole.com.ar\/futbol-internacional\/inglaterra\/manchester-city-arsenal-formaciones-hora_0_Pe51h4-ua.html\" target=\"_self\" rel=\"noopener noreferrer\"><br \/>\n<img class=\"img-responsive\" alt=\"Manchester City - Arsenal: el primer partido del a\u00f1o\" src=\"http:\/\/hoycordobaweb.com\/wp-content\/uploads\/2021\/12\/tyc-sports-verano-el-inicio-de-un-movido-2022-11.jpg\" loading=\"lazy\"><br \/>\n<\/a>\n<\/picture>\n<\/div>\n<\/div><\/div>\n<\/div>\n<p> Claro que los partidos de la Selecci\u00f3n Argentina, el f\u00fatbol del Ascenso, los torneos de tenis, b\u00e1squet y v\u00f3ley que se desarrollan en la Argentina, las peleas de boxeo, y las competiciones ol\u00edmpicas seguir\u00e1n siendo parte de la programaci\u00f3n de TyC Sports.<\/p>\n<div class=\"sp__Normal\">\n<div class=\"image-embeb image-trigger\" readability=\"6\">\n<picture><source media=\"(min-width: 720px)\" srcset=\"http:\/\/hoycordobaweb.com\/wp-content\/uploads\/2021\/12\/tyc-sports-verano-el-inicio-de-un-movido-2022-12.jpg\"><img itemprop=\"image\" src=\"http:\/\/hoycordobaweb.com\/wp-content\/uploads\/2021\/12\/tyc-sports-verano-el-inicio-de-un-movido-2022-12.jpg\" loading=\"lazy\" alt=\"Paso a Paso ser\u00e1 el \u00fanico sobreviviente del giro en la programaci\u00f3n de TyC.\">\n<\/picture><figcaption readability=\"2\">\n<p>Paso a Paso ser\u00e1 el \u00fanico sobreviviente del giro en la programaci\u00f3n de TyC.\n<\/p>\n<\/figcaption><\/div>\n<\/div>\n<div class=\"entry-tags\">\n<h2>TEMAS QUE APARECEN EN ESTA NOTA<\/h2>\n<\/p><\/div>\n","protected":false},"excerpt":{"rendered":"<p>Se cierra el 2021, se levantan las copas, se piden deseos, y arranca nom\u00e1s el 2022. Y TyC Sports espera un a\u00f1o bastante movido, que tendr\u00e1 varios cambios importantes. Pero lo que sigue firme y en pie es el cl\u00e1sico de la se\u00f1al hace ya varias temporadas: TyC Sports Verano, desde el Balneario 12 de [&hellip;]<\/p>\n","protected":false},"author":1,"featured_media":35052,"comment_status":"open","ping_status":"closed","sticky":false,"template":"","format":"standard","meta":[],"categories":[16],"tags":[],"_links":{"self":[{"href":"http:\/\/hoycordobaweb.com\/index.php\/wp-json\/wp\/v2\/posts\/35051"}],"collection":[{"href":"http:\/\/hoycordobaweb.com\/index.php\/wp-json\/wp\/v2\/posts"}],"about":[{"href":"http:\/\/hoycordobaweb.com\/index.php\/wp-json\/wp\/v2\/types\/post"}],"author":[{"embeddable":true,"href":"http:\/\/hoycordobaweb.com\/index.php\/wp-json\/wp\/v2\/users\/1"}],"replies":[{"embeddable":true,"href":"http:\/\/hoycordobaweb.com\/index.php\/wp-json\/wp\/v2\/comments?post=35051"}],"version-history":[{"count":0,"href":"http:\/\/hoycordobaweb.com\/index.php\/wp-json\/wp\/v2\/posts\/35051\/revisions"}],"wp:featuredmedia":[{"embeddable":true,"href":"http:\/\/hoycordobaweb.com\/index.php\/wp-json\/wp\/v2\/media\/35052"}],"wp:attachment":[{"href":"http:\/\/hoycordobaweb.com\/index.php\/wp-json\/wp\/v2\/media?parent=35051"}],"wp:term":[{"taxonomy":"category","embeddable":true,"href":"http:\/\/hoycordobaweb.com\/index.php\/wp-json\/wp\/v2\/categories?post=35051"},{"taxonomy":"post_tag","embeddable":true,"href":"http:\/\/hoycordobaweb.com\/index.php\/wp-json\/wp\/v2\/tags?post=35051"}],"curies":[{"name":"wp","href":"https:\/\/api.w.org\/{rel}","templated":true}]}}