{"id":35019,"date":"2021-12-30T13:36:15","date_gmt":"2021-12-30T13:36:15","guid":{"rendered":"https:\/\/www.mujerhoy.com\/moda\/no-te-pierdas\/falda-mini-blazer-cropped-zara-casi-agotado-look-sencillo-rejuvenecedor-arrasa-instagram-20211230093737-nt.html"},"modified":"2021-12-30T13:36:15","modified_gmt":"2021-12-30T13:36:15","slug":"falda-mini-y-blazer-cropped-el-look-sencillo-y-rejuvenecedor-que-arrasa-en-instagram-y-que-puedes-comprar-en-zara-si-no-se-agota","status":"publish","type":"post","link":"http:\/\/hoycordobaweb.com\/index.php\/2021\/12\/30\/falda-mini-y-blazer-cropped-el-look-sencillo-y-rejuvenecedor-que-arrasa-en-instagram-y-que-puedes-comprar-en-zara-si-no-se-agota\/","title":{"rendered":"Falda mini y blazer cropped: el look sencillo y rejuvenecedor que arrasa en Instagram y que puedes comprar en Zara (si no se agota)"},"content":{"rendered":"<p><!-- AUTHOR --><!-- COMPONENTS --><\/p>\n<p class=\"voc-paragraph\">Apostar por un conjunto de falda y chaqueta es una forma muy sencilla de conseguir un look estiloso. Y hemos encontrado uno que, adem\u00e1s, <a data-voc-vtm-id=\"in-text-traffic\" href=\"https:\/\/www.mujerhoy.com\/moda\/no-te-pierdas\/isabel-preysler-camisa-blanca-pantalones-zara-look-rejuvenece-elegante-facil-copia-barato-20211227124513-nt.html\">te quitar\u00e1 a\u00f1os de encima<\/a>. Lo encontrar\u00e1s <a data-voc-vtm-id=\"in-text-traffic\" href=\"https:\/\/www.mujerhoy.com\/moda\/no-te-pierdas\/botines-negros-tacon-alto-baratos-zara-casi-agotados-rebajas-invierno-20211227081016-nt.html\">en Zara<\/a> y est\u00e1 formado por dos prendas en las que el color tostado se combina con el negro. El resultado es tan favorecedor que ya se ha convertido en todo un \u00e9xito <a data-voc-vtm-id=\"in-text-traffic\" href=\"https:\/\/www.mujerhoy.com\/moda\/no-te-pierdas\/pantalon-lentejuelas-zara-barato-copia-look-nochevieja-influencer-20211229085626-nt.html\">en Instagram<\/a>. De hecho, cada vez que lo reponen se agota enseguida.\n<\/p>\n<p class=\"voc-paragraph\">La falda es <strong>de corte mini y tiro alto<\/strong>. Esto alarga las piernas y recoge la cintura, creando una silueta muy estilizada. El bajo tiene una abertura en la parte delantera. Cuenta con un forro interior, as\u00ed como con un cierre de cremallera oculto en la costura lateral. Est\u00e1 confeccionada con <strong>un tejido que contiene algod\u00f3n<\/strong>. <\/p>\n<p class=\"voc-paragraph\">Puede que tengas que apuntarte en la lista de espera, pero, si tienes suerte, la encontrar\u00e1s en varias tallas (entre la XS y la XL). Por tanto, pueden lucirla pr\u00e1cticamente todas las mujeres. Su precio es de 22,95 \u20ac.\n<\/p>\n<div class=\"voc-detail-photo-zoom\"><picture data-toggle=\"modal\" data-target=\"#photoZoomModal-526\" target=\"modal\">\n<div class=\"voc-img-icon-link\"><img loading=\"lazy\" data-original=\"\/\/static2.mujerhoy.com\/www\/multimedia\/202112\/30\/media\/cortadas\/falda-blazer-zara-kXNG--460x637@MujerHoy.jpg\" class=\"lazy\" alt=\"Puede que tengas que apuntarte en la lista de espera para hacerte con el conjunto\"><noscript><img src=\"http:\/\/hoycordobaweb.com\/wp-content\/uploads\/2021\/12\/falda-mini-y-blazer-cropped-el-look-sencillo-y-rejuvenecedor-que-arrasa-en-instagram-y-que-puedes-comprar-en-zara-si-no-se-agota.jpg\" alt=\"Puede que tengas que apuntarte en la lista de espera para hacerte con el conjunto\"><\/noscript><i class=\"voc-icons zoom voc-multimedia-box voc-ico-l\"><\/i><\/div><figcaption class=\"figure-caption\">Puede que tengas que apuntarte en la lista de espera para hacerte con el conjunto<\/figcaption><\/picture><\/div>\n<div id=\"photoZoomModal-526\" class=\"voc-lightbox modal fade voc-lightbox--photo-zoom\" role=\"dialog\" data-voc-photozoom-lightbox>\n<div class=\"voc-lightbox__dialog\" role=\"document\">\n<div class=\"voc-lightbox__content\"><!-- Modal header --><!-- Modal content --><\/p>\n<div class=\"voc-lightbox__photo-container\"><picture class><img loading=\"lazy\" data-original=\"\/\/static2.mujerhoy.com\/www\/multimedia\/202112\/30\/media\/cortadas\/falda-blazer-zara-kXNG--460x637@MujerHoy.jpg\" alt=\"Puede que tengas que apuntarte en la lista de espera para hacerte con el conjunto\" class=\"lazy\"><noscript><img src=\"http:\/\/hoycordobaweb.com\/wp-content\/uploads\/2021\/12\/falda-mini-y-blazer-cropped-el-look-sencillo-y-rejuvenecedor-que-arrasa-en-instagram-y-que-puedes-comprar-en-zara-si-no-se-agota.jpg\" alt=\"Puede que tengas que apuntarte en la lista de espera para hacerte con el conjunto\"><\/noscript><\/picture><\/div>\n<\/div>\n<\/div>\n<\/div>\n<p class=\"voc-paragraph\">La chaqueta es una blazer <strong>de manga larga y con hombreras<\/strong>. Su dise\u00f1o corto es lo que le da un toque juvenil al conjunto. Tiene el cuello de solapa y un escote de pico. El cierre frontal es mediante botones y tiene un dise\u00f1o cruzado. Ha sido elaborada con un tejido mezcla de algod\u00f3n y <strong>cuenta con un forro interior<\/strong>. <\/p>\n<p class=\"voc-paragraph\">Originalmente la sacaron a la venta en todas las tallas (de la XS a la XXL), pero es posible que algunas te cueste encontrarlas y, al igual que con la falda, tal vez tengas que apuntarte en la lista de espera. Cuesta 49,95 \u20ac.\n<\/p>\n<p class=\"voc-paragraph\">Para ir calentita sin perder el estilo, lo mejor es llevar bajo la chaqueta una camiseta negra de cuello alto. A\u00f1ade <strong>unos botines de plataforma<\/strong> y estar\u00e1s lista para arrasar vayas donde vayas.\n<\/p>\n<div class=\"voc-detail__cmp voc-detail__cmp--pad-lr voc-detail__cmp--pad-lr--bdr\">\n<div class=\"voc-ficha-detail__wrapper\">\n<section class=\"voc-ficha-detail\">\n<h4 class=\"voc-ficha-detail-title voc-title-section\">Te recomendamos<\/h4>\n<\/section>\n<\/div>\n<\/div>\n<p><!-- TOPICS --><\/p>\n","protected":false},"excerpt":{"rendered":"<p>Apostar por un conjunto de falda y chaqueta es una forma muy sencilla de conseguir un look estiloso. Y hemos encontrado uno que, adem\u00e1s, te quitar\u00e1 a\u00f1os de encima. Lo encontrar\u00e1s en Zara y est\u00e1 formado por dos prendas en las que el color tostado se combina con el negro. El resultado es tan favorecedor [&hellip;]<\/p>\n","protected":false},"author":1,"featured_media":35020,"comment_status":"closed","ping_status":"closed","sticky":false,"template":"","format":"standard","meta":[],"categories":[1],"tags":[],"_links":{"self":[{"href":"http:\/\/hoycordobaweb.com\/index.php\/wp-json\/wp\/v2\/posts\/35019"}],"collection":[{"href":"http:\/\/hoycordobaweb.com\/index.php\/wp-json\/wp\/v2\/posts"}],"about":[{"href":"http:\/\/hoycordobaweb.com\/index.php\/wp-json\/wp\/v2\/types\/post"}],"author":[{"embeddable":true,"href":"http:\/\/hoycordobaweb.com\/index.php\/wp-json\/wp\/v2\/users\/1"}],"replies":[{"embeddable":true,"href":"http:\/\/hoycordobaweb.com\/index.php\/wp-json\/wp\/v2\/comments?post=35019"}],"version-history":[{"count":0,"href":"http:\/\/hoycordobaweb.com\/index.php\/wp-json\/wp\/v2\/posts\/35019\/revisions"}],"wp:featuredmedia":[{"embeddable":true,"href":"http:\/\/hoycordobaweb.com\/index.php\/wp-json\/wp\/v2\/media\/35020"}],"wp:attachment":[{"href":"http:\/\/hoycordobaweb.com\/index.php\/wp-json\/wp\/v2\/media?parent=35019"}],"wp:term":[{"taxonomy":"category","embeddable":true,"href":"http:\/\/hoycordobaweb.com\/index.php\/wp-json\/wp\/v2\/categories?post=35019"},{"taxonomy":"post_tag","embeddable":true,"href":"http:\/\/hoycordobaweb.com\/index.php\/wp-json\/wp\/v2\/tags?post=35019"}],"curies":[{"name":"wp","href":"https:\/\/api.w.org\/{rel}","templated":true}]}}