{"id":35015,"date":"2021-12-30T16:06:48","date_gmt":"2021-12-30T16:06:48","guid":{"rendered":"https:\/\/www.ole.com.ar\/futbol-internacional\/alfredo-morelos-rangers-haaland_0_azfXdlxQe.html"},"modified":"2021-12-30T16:06:48","modified_gmt":"2021-12-30T16:06:48","slug":"el-delantero-colombiano-al-que-comparan-con-haaland","status":"publish","type":"post","link":"http:\/\/hoycordobaweb.com\/index.php\/2021\/12\/30\/el-delantero-colombiano-al-que-comparan-con-haaland\/","title":{"rendered":"El delantero colombiano al que comparan con Haaland"},"content":{"rendered":"<p><img src=\"http:\/\/hoycordobaweb.com\/wp-content\/uploads\/2021\/12\/el-delantero-colombiano-al-que-comparan-con-haaland.jpg\"><\/p>\n<p>La<strong><a alt=\"premier-league\" class=\"slug\" href=\"https:\/\/www.ole.com.ar\/tema\/premier-league.html\" target=\"_blank\" title=\"premier-league\" rel=\"noopener noreferrer\"> Premier League <\/a><\/strong>acapara (casi) todos los flashes del mundo de la N\u00ba5. Consolidada como la mejor liga por la riqueza t\u00e9cnica y t\u00e1ctica propuesta por los entrenadores (Pep Guardiola, J\u00fcrgen Klopp, Thomas Tuchel, Antonio Conte, entre otros), los futbolistas optan por dar un salto de calidad en sus carreras al marcharse all\u00ed. Ni hablar de los presupuestos que manejan. De hecho, el de un equipo que pelea el descenso en Inglaterra es superior a uno de la mitad alta de la tabla en Espa\u00f1a, Italia o Alemania. Sin embargo, sin tanta prensa ni recorrido medi\u00e1tico, a menos de cinco horas de Londres se encuentra Glasgow, donde<strong> hay un colombiano que brilla cada fin de semana: <a alt=\"alfredo-morelos\" class=\"slug\" href=\"https:\/\/www.ole.com.ar\/tema\/alfredo-morelos.html\" target=\"_blank\" title=\"alfredo-morelos\" rel=\"noopener noreferrer\">Alfredo Morelos<\/a><\/strong>.<\/p>\n<div class=\"sp__Normal\">\n<div class=\"image-embeb image-trigger\" readability=\"6\">\n<picture><source media=\"(min-width: 720px)\" srcset=\"http:\/\/hoycordobaweb.com\/wp-content\/uploads\/2021\/12\/el-delantero-colombiano-al-que-comparan-con-haaland-2.jpg\"><img itemprop=\"image\" src=\"http:\/\/hoycordobaweb.com\/wp-content\/uploads\/2021\/12\/el-delantero-colombiano-al-que-comparan-con-haaland-2.jpg\" loading=\"lazy\" alt=\"Jorg Albertz compar\u00f3 el da\u00f1o que puede causar Morelos con el que genera el propio Haaland. (EFE)\">\n<\/picture><figcaption readability=\"2\">\n<p>Jorg Albertz compar\u00f3 el da\u00f1o que puede causar Morelos con el que genera el propio Haaland. (EFE)\n<\/p>\n<\/figcaption><\/div>\n<\/div>\n<p>Sin dudas, <strong><a data-cke-saved-href=\"https:\/\/www.ole.com.ar\/informacion-general\/alfredo-morelos-rangers-escocia-colombia_0_YRaNuHlkj.html\" target=\"_blank\" href=\"https:\/\/www.ole.com.ar\/informacion-general\/alfredo-morelos-rangers-escocia-colombia_0_YRaNuHlkj.html\" rel=\"noopener noreferrer\">se trata de la figura del Rangers de Escocia<\/a>,<\/strong> donde demuestra su talento al planeta f\u00fatbol no s\u00f3lo en la Premiership, sino tambi\u00e9n en la <strong><a alt=\"uefa-europa-league\" class=\"slug\" href=\"https:\/\/www.ole.com.ar\/tema\/uefa-europa-league.html\" target=\"_blank\" title=\"uefa-europa-league\" rel=\"noopener noreferrer\">Europa League<\/a><\/strong>. Incluso, fue fundamental en la sobresaliente actuaci\u00f3n en la ante\u00faltima edici\u00f3n de la segunda competencia en importancia, que luego llev\u00f3 a <strong><a alt=\"steven-gerrard\" class=\"slug\" href=\"https:\/\/www.ole.com.ar\/tema\/steven-gerrard.html\" target=\"_blank\" title=\"steven-gerrard\" rel=\"noopener noreferrer\">Steven Gerrard<\/a><\/strong> a ser elegido para dirigir a Aston Villa. En ese sentido, el \u00eddolo de Liverpool siempre destac\u00f3 el rol de Morelos, una pieza clave en el funcionamiento de los escoceses.<strong> Y ahora hasta se animaron a compararlo con Erling Braut Haaland. S\u00ed, con el androide noruego.<\/strong><\/p>\n<div class=\"sp__SM\">\n<div class=\"content-new \">\n<span class=\"tit-mobile\">Mir\u00e1 tambi\u00e9n<\/span><\/p>\n<div class=\"mg\">\n<div class=\"wrap-figure\">\n<picture>\n<a href=\"https:\/\/www.ole.com.ar\/futbol-internacional\/ryutsu-penal-mass-largo-historia-japon_0_A_SgKGbwi.html\" target=\"_self\" rel=\"noopener noreferrer\"><br \/>\n<img class=\"img-responsive\" alt=\"As\u00ed se patea el penal m\u00e1s largo de la historia\" src=\"http:\/\/hoycordobaweb.com\/wp-content\/uploads\/2021\/12\/el-delantero-colombiano-al-que-comparan-con-haaland-3.jpg\" loading=\"lazy\"><br \/>\n<\/a>\n<\/picture>\n<\/div>\n<\/div><\/div>\n<\/div>\n<p> \u00ab<strong>Morelos, que vuelve a estar en un gran estado de forma, puede ser un &#8216;martillo&#8217; para el Borussia Dortmund como lo es Erling Haaland para los Rangers<\/strong>\u00ab, afirm\u00f3 Jorg Albertz, exfutbolista profesional alem\u00e1n que brill\u00f3 en el club escoc\u00e9s. Ambos equipos se medir\u00e1n en los 16avos de final del certamen. A su vez, coment\u00f3 en di\u00e1logo con el medio Daily Record: \u00abAlfredo ha sido un gran jugador para los Rangers en las \u00faltimas temporadas y especialmente en Europa. <strong>Es fuerte, poderoso y marca goles<\/strong>. Eso es exactamente lo que necesitas en una competici\u00f3n europea de eliminaci\u00f3n directa\u00bb.<\/p>\n<div class=\"sp__Normal\">\n<div class=\"image-embeb image-trigger\" readability=\"6\">\n<picture><source media=\"(min-width: 720px)\" srcset=\"http:\/\/hoycordobaweb.com\/wp-content\/uploads\/2021\/12\/el-delantero-colombiano-al-que-comparan-con-haaland-4.jpg\"><img itemprop=\"image\" src=\"http:\/\/hoycordobaweb.com\/wp-content\/uploads\/2021\/12\/el-delantero-colombiano-al-que-comparan-con-haaland-4.jpg\" loading=\"lazy\" alt=\"Morelos es el goleador de Rangers. (AFP)\">\n<\/picture><figcaption readability=\"2\">\n<p>Morelos es el goleador de Rangers. (AFP)\n<\/p>\n<\/figcaption><\/div>\n<\/div>\n<p> Morelos naci\u00f3 el 21 de junio de 1996 en una familia humilde de la localidad de Caret\u00e9, en C\u00f3rdoba, Colombia. Siendo un purrete, se destac\u00f3 por sobre sus compa\u00f1eritos como un h\u00e1bil goleador, con muchas capacidades. Su padre, un vendedor de frutas, consigui\u00f3 que se vaya a probar a un equipo local llamado Fumigadores de Caret\u00e9, donde comenz\u00f3 a dar sus primeros pasos. Su familia lo apoy\u00f3 y, con cinco a\u00f1os, ya demostraba que ten\u00eda pasta para ser futbolista. Con mucho talento y llegada, arranc\u00f3 jugando de volante ofensivo, pero poco a poco se fue acercando al \u00e1rea hasta definirse como un delantero.<\/p>\n<div class=\"sp__SM\">\n<div class=\"content-new \">\n<span class=\"tit-mobile\">Mir\u00e1 tambi\u00e9n<\/span><\/p>\n<div class=\"mg\">\n<div class=\"wrap-figure\">\n<picture>\n<a href=\"https:\/\/www.ole.com.ar\/futbol-internacional\/argentino-sel-mexico-martino-funes-mori-_0_6NYIK2N0p.html\" target=\"_self\" rel=\"noopener noreferrer\"><br \/>\n<img class=\"img-responsive\" alt=\"Otro argentino que quiere jugar en la selecci\u00f3n de M\u00e9xico\" src=\"http:\/\/hoycordobaweb.com\/wp-content\/uploads\/2021\/12\/el-delantero-colombiano-al-que-comparan-con-haaland-5.jpg\" loading=\"lazy\"><br \/>\n<\/a>\n<\/picture>\n<\/div>\n<\/div><\/div>\n<\/div>\n<div class=\"sp__SM\">\n<div class=\"content-new \">\n<span class=\"tit-mobile\">Mir\u00e1 tambi\u00e9n<\/span><\/p>\n<div class=\"mg\">\n<div class=\"wrap-figure\">\n<picture>\n<a href=\"https:\/\/www.ole.com.ar\/futbol-internacional\/america\/martino-autocritica-seleccion-mexico_0_x23cALoma.html\" target=\"_self\" rel=\"noopener noreferrer\"><br \/>\n<img class=\"img-responsive\" alt=\"La autocr\u00edtica del Tata Martino: &quot;No fue un buen a\u00f1o de M\u00e9xico&quot;\" src=\"http:\/\/hoycordobaweb.com\/wp-content\/uploads\/2021\/12\/el-delantero-colombiano-al-que-comparan-con-haaland-6.jpg\" loading=\"lazy\"><br \/>\n<\/a>\n<\/picture>\n<\/div>\n<\/div><\/div>\n<\/div>\n<h2><strong>LOS BUENOS N\u00daMEROS DE MORELOS<\/strong><\/h2>\n<p>El delantero de 25 a\u00f1os pas\u00f3 por Independiente Medell\u00edn y por el HJK Helsinki antes de arribar a Rangers. <strong>A lo largo de su carrera, disput\u00f3 321 encuentros y marc\u00f3 un total de 162 goles<\/strong>. A excepci\u00f3n del rendimiento en la <strong><a alt=\"seleccion-de-colombia\" class=\"slug\" href=\"https:\/\/www.ole.com.ar\/tema\/seleccion-de-colombia.html\" target=\"_blank\" title=\"seleccion-de-colombia\" rel=\"noopener noreferrer\">Selecci\u00f3n Colombia<\/a><\/strong>, donde no logr\u00f3 consolidarse, su estad\u00edstica es de casi un tanto por partido. Claro, no es sencillo pelear por la titularidad en un equipo, cuyos atacantes principales son Duvan Zapata, Luis Muriel, Rafael Santos Borr\u00e9, Miguel Borja y Radamel Falcao Garc\u00eda. De todos modos, fue convocado para la \u00faltima Copa Am\u00e9rica, aunque apenas vio&nbsp;acci\u00f3n durante 100 minutos (siempre ingres\u00f3 desde el banco de suplentes).<\/p>\n<div class=\"sp__Normal\">\n<div class=\"image-embeb image-trigger\" readability=\"6\">\n<picture><source media=\"(min-width: 720px)\" srcset=\"http:\/\/hoycordobaweb.com\/wp-content\/uploads\/2021\/12\/el-delantero-colombiano-al-que-comparan-con-haaland-7.jpg\"><img itemprop=\"image\" src=\"http:\/\/hoycordobaweb.com\/wp-content\/uploads\/2021\/12\/el-delantero-colombiano-al-que-comparan-con-haaland-7.jpg\" loading=\"lazy\" alt=\"Gerrard elogi\u00f3 mucho al delantero colombiano. (Reuters)\">\n<\/picture><figcaption readability=\"2\">\n<p>Gerrard elogi\u00f3 mucho al delantero colombiano. (Reuters)\n<\/p>\n<\/figcaption><\/div>\n<\/div>\n<h2><strong>DESPIERTA EL INTER\u00c9S DE GRANDES EQUIPOS<\/strong><\/h2>\n<p><strong><a alt=\"fc-porto\" class=\"slug\" href=\"https:\/\/www.ole.com.ar\/tema\/fc-porto.html\" target=\"_blank\" title=\"fc-porto\" rel=\"noopener noreferrer\">Porto <\/a><\/strong>est\u00e1 realizando una buena campa\u00f1a en el plano local. A cuatro puntos del l\u00edder Sporting de Lisboa, se encuentran luchando por el t\u00edtulo de la Primeira Liga. Asimismo, <a data-cke-saved-href=\"https:\/\/www.ole.com.ar\/futbol-internacional\/porto-benfica-copa-portugal_0_CKS6Elzao.html\" target=\"_blank\" href=\"https:\/\/www.ole.com.ar\/futbol-internacional\/porto-benfica-copa-portugal_0_CKS6Elzao.html\" rel=\"noopener noreferrer\"><strong>vienen de eliminar a Benfica con una goleada 3-0 en la copa nacional<\/strong><\/a>. A pesar de eso, quieren seguir incrementando el nivel de su plantel y <strong>uno de los apuntados es justamente Morelos<\/strong> (podr\u00eda salir por unos 15-20 millones de libras esterlinas). La idea es que forme un t\u00e1ndem ofensivo con su compatriota Luis D\u00edaz, aunque el extremo seguramente se marche en el mercado de pases estival dado que varios clubes est\u00e1n dispuestos a pagar una millonada por sus servicios.<\/p>\n<div class=\"sp__SM\">\n<div class=\"content-new \">\n<span class=\"tit-mobile\">Mir\u00e1 tambi\u00e9n<\/span><\/p>\n<div class=\"mg\">\n<div class=\"wrap-figure\">\n<picture>\n<a href=\"https:\/\/www.ole.com.ar\/boca-juniors\/boca-juniors-paredes-acosta-erbes_0_hQQj7j7OE.html\" target=\"_self\" rel=\"noopener noreferrer\"><br \/>\n<img class=\"img-responsive\" alt=\"El picadito de Paredes con varios ex Boca\" src=\"http:\/\/hoycordobaweb.com\/wp-content\/uploads\/2021\/12\/el-delantero-colombiano-al-que-comparan-con-haaland-8.jpg\" loading=\"lazy\"><br \/>\n<\/a>\n<\/picture>\n<\/div>\n<\/div><\/div>\n<\/div>\n<div class=\"entry-tags\">\n<h2>TEMAS QUE APARECEN EN ESTA NOTA<\/h2>\n<\/p><\/div>\n","protected":false},"excerpt":{"rendered":"<p>La Premier League acapara (casi) todos los flashes del mundo de la N\u00ba5. Consolidada como la mejor liga por la riqueza t\u00e9cnica y t\u00e1ctica propuesta por los entrenadores (Pep Guardiola, J\u00fcrgen Klopp, Thomas Tuchel, Antonio Conte, entre otros), los futbolistas optan por dar un salto de calidad en sus carreras al marcharse all\u00ed. Ni hablar [&hellip;]<\/p>\n","protected":false},"author":1,"featured_media":35016,"comment_status":"open","ping_status":"closed","sticky":false,"template":"","format":"standard","meta":[],"categories":[16],"tags":[],"_links":{"self":[{"href":"http:\/\/hoycordobaweb.com\/index.php\/wp-json\/wp\/v2\/posts\/35015"}],"collection":[{"href":"http:\/\/hoycordobaweb.com\/index.php\/wp-json\/wp\/v2\/posts"}],"about":[{"href":"http:\/\/hoycordobaweb.com\/index.php\/wp-json\/wp\/v2\/types\/post"}],"author":[{"embeddable":true,"href":"http:\/\/hoycordobaweb.com\/index.php\/wp-json\/wp\/v2\/users\/1"}],"replies":[{"embeddable":true,"href":"http:\/\/hoycordobaweb.com\/index.php\/wp-json\/wp\/v2\/comments?post=35015"}],"version-history":[{"count":0,"href":"http:\/\/hoycordobaweb.com\/index.php\/wp-json\/wp\/v2\/posts\/35015\/revisions"}],"wp:featuredmedia":[{"embeddable":true,"href":"http:\/\/hoycordobaweb.com\/index.php\/wp-json\/wp\/v2\/media\/35016"}],"wp:attachment":[{"href":"http:\/\/hoycordobaweb.com\/index.php\/wp-json\/wp\/v2\/media?parent=35015"}],"wp:term":[{"taxonomy":"category","embeddable":true,"href":"http:\/\/hoycordobaweb.com\/index.php\/wp-json\/wp\/v2\/categories?post=35015"},{"taxonomy":"post_tag","embeddable":true,"href":"http:\/\/hoycordobaweb.com\/index.php\/wp-json\/wp\/v2\/tags?post=35015"}],"curies":[{"name":"wp","href":"https:\/\/api.w.org\/{rel}","templated":true}]}}