{"id":3500,"date":"2020-10-16T21:52:00","date_gmt":"2020-10-16T21:52:00","guid":{"rendered":"https:\/\/fm-comunicar.com.ar\/contenido\/16296\/dia-record-de-nuevos-casos-y-de-altas-medicas"},"modified":"2020-10-16T21:52:00","modified_gmt":"2020-10-16T21:52:00","slug":"dia-record-de-nuevos-casos-y-de-altas-medicas","status":"publish","type":"post","link":"http:\/\/hoycordobaweb.com\/index.php\/2020\/10\/16\/dia-record-de-nuevos-casos-y-de-altas-medicas\/","title":{"rendered":"D\u00eda r\u00e9cord de nuevos casos y de altas m\u00e9dicas"},"content":{"rendered":"<p>En la suma de nueve localidades de la regi\u00f3n hubo 56 nuevos \u00abpositivos\u00bb, de los cuales 27 corresponden a Jes\u00fas Mar\u00eda, ciudad en la que hoy tambi\u00e9n se recuperaron 31 personas.<img src=\"http:\/\/hoycordobaweb.com\/wp-content\/uploads\/2020\/10\/dia-record-de-nuevos-casos-y-de-altas-medicas.jpg\"><\/p>\n","protected":false},"excerpt":{"rendered":"<p>En la suma de nueve localidades de la regi\u00f3n hubo 56 nuevos \u00abpositivos\u00bb, de los cuales 27 corresponden a Jes\u00fas Mar\u00eda, ciudad en la que hoy tambi\u00e9n se recuperaron 31 personas.<\/p>\n","protected":false},"author":1,"featured_media":3501,"comment_status":"closed","ping_status":"closed","sticky":false,"template":"","format":"standard","meta":[],"categories":[18],"tags":[],"_links":{"self":[{"href":"http:\/\/hoycordobaweb.com\/index.php\/wp-json\/wp\/v2\/posts\/3500"}],"collection":[{"href":"http:\/\/hoycordobaweb.com\/index.php\/wp-json\/wp\/v2\/posts"}],"about":[{"href":"http:\/\/hoycordobaweb.com\/index.php\/wp-json\/wp\/v2\/types\/post"}],"author":[{"embeddable":true,"href":"http:\/\/hoycordobaweb.com\/index.php\/wp-json\/wp\/v2\/users\/1"}],"replies":[{"embeddable":true,"href":"http:\/\/hoycordobaweb.com\/index.php\/wp-json\/wp\/v2\/comments?post=3500"}],"version-history":[{"count":0,"href":"http:\/\/hoycordobaweb.com\/index.php\/wp-json\/wp\/v2\/posts\/3500\/revisions"}],"wp:featuredmedia":[{"embeddable":true,"href":"http:\/\/hoycordobaweb.com\/index.php\/wp-json\/wp\/v2\/media\/3501"}],"wp:attachment":[{"href":"http:\/\/hoycordobaweb.com\/index.php\/wp-json\/wp\/v2\/media?parent=3500"}],"wp:term":[{"taxonomy":"category","embeddable":true,"href":"http:\/\/hoycordobaweb.com\/index.php\/wp-json\/wp\/v2\/categories?post=3500"},{"taxonomy":"post_tag","embeddable":true,"href":"http:\/\/hoycordobaweb.com\/index.php\/wp-json\/wp\/v2\/tags?post=3500"}],"curies":[{"name":"wp","href":"https:\/\/api.w.org\/{rel}","templated":true}]}}