{"id":34981,"date":"2021-12-30T16:19:00","date_gmt":"2021-12-30T16:19:00","guid":{"rendered":"http:\/\/hoycordobaweb.com\/index.php\/2021\/12\/30\/simeone-y-cuatro-jugadores-del-atleti-tienen-coronavirus-y-el-barcelona-acumula-10-casos\/"},"modified":"2021-12-30T16:19:00","modified_gmt":"2021-12-30T16:19:00","slug":"simeone-y-cuatro-jugadores-del-atleti-tienen-coronavirus-y-el-barcelona-acumula-10-casos","status":"publish","type":"post","link":"http:\/\/hoycordobaweb.com\/index.php\/2021\/12\/30\/simeone-y-cuatro-jugadores-del-atleti-tienen-coronavirus-y-el-barcelona-acumula-10-casos\/","title":{"rendered":"Simeone y cuatro jugadores del \u00abAtleti\u00bb tienen coronavirus y el Barcelona acumula 10 casos"},"content":{"rendered":"<p><img src=\"http:\/\/hoycordobaweb.com\/wp-content\/uploads\/2021\/12\/simeone-y-cuatro-jugadores-del-atleti-tienen-coronavirus-y-el-barcelona-acumula-10-casos.jpg\"><\/p>\n<figure class=\"mb-3\"><img loading=\"lazy\" src=\"http:\/\/hoycordobaweb.com\/wp-content\/uploads\/2021\/12\/simeone-y-cuatro-jugadores-del-atleti-tienen-coronavirus-y-el-barcelona-acumula-10-casos-2.jpg\" width=\"100%\" height=\"100%\" alt=\"El Cholo ya se haba contagiado en septiembre del ao pasado\"><figcaption> El \u00abCholo\u00bb ya se hab\u00eda contagiado en septiembre del a\u00f1o pasado. <\/figcaption><\/figure>\n<p><strong>El entrenador argentino Diego \u00abCholo\u00bb Simeone y los jugadores Koke, Antoine Griezmann, H\u00e9ctor Herrera y Joao Felix dieron positivo<\/strong> este jueves en los testeos de Covid-19.<\/p>\n<p>Luego del receso por Navidad, el plantel \u00abcolchonero\u00bb volvi\u00f3 a los entrenamientos con cinco bajas por coronavirus, que se confirmaron con las pruebas PCR realizadas previamente.<\/p>\n<p>El \u00abCholo\u00bb, que se hab\u00eda contagiado en septiembre del a\u00f1o pasado, y los futbolistas Koke, Griezmann, Herrera y Joao F\u00e9lix ya est\u00e1n aislados y asintom\u00e1ticos.<\/p>\n<p>El campe\u00f3n de Espa\u00f1a retorn\u00f3 a las pr\u00e1cticas de cara al partido del pr\u00f3ximo domingo a las 12.15 ante Rayo Vallecano en el estadio Wanda Metropolitano por la fecha 19 de LaLiga.<\/p>\n<h2 class>M\u00e1s casos en Barcelona<\/h2>\n<p>Barcelona confirm\u00f3 este jueves que los futbolistas Sergi\u00f1o Dest, el brasile\u00f1o Coutinho y el juvenil Ez Abde dieron positivo de Covid-19 y ya son diez los casos en el plantel.<\/p>\n<p>El club catal\u00e1n inform\u00f3 en un comunicado que los tres miembros del plantel de Xavi Hern\u00e1ndez se encuentran bien de salud y aislados en sus domicilios.<\/p>\n<p>Con vistas al partido del domingo ante Mallorca, como visitante, en el reinicio de LaLiga, el \u00abcul\u00e9\u00bb tendr\u00e1 diez bajas por el nuevo brote de Covid-19 que afect\u00f3 a la mayor\u00eda de los equipos.<\/p>\n<figure class=\"mb-3\"><img loading=\"lazy\" src=\"http:\/\/hoycordobaweb.com\/wp-content\/uploads\/2021\/12\/simeone-y-cuatro-jugadores-del-atleti-tienen-coronavirus-y-el-barcelona-acumula-10-casos-3.jpg\" width=\"100%\" height=\"100%\" alt=\"El brasileo Coutinho es uno de los contagiados del Barcelona FC\"><figcaption> El brasile\u00f1o Coutinho es uno de los contagiados del Barcelona FC <\/figcaption><\/figure>\n<p>Anteriormente se hab\u00edan contagiado Dani Alves, Clement Lenglet, Jordi Alba, Alejandro Balde, Ousmane Demb\u00e9l\u00e9, Samuel Umtiti y Gavi.<\/p>\n<p>Seg\u00fan estiman los medios espa\u00f1oles, el campeonato espa\u00f1ol se reanudar\u00e1 con casi un total de 80 positivos entre los 20 clubes.<\/p>\n<p>En este contexto, las autoridades de salud redujeron a un 75% el aforo de los estadios. <\/p>\n","protected":false},"excerpt":{"rendered":"<p>El \u00abCholo\u00bb ya se hab\u00eda contagiado en septiembre del a\u00f1o pasado. El entrenador argentino Diego \u00abCholo\u00bb Simeone y los jugadores Koke, Antoine Griezmann, H\u00e9ctor Herrera y Joao Felix dieron positivo este jueves en los testeos de Covid-19. Luego del receso por Navidad, el plantel \u00abcolchonero\u00bb volvi\u00f3 a los entrenamientos con cinco bajas por coronavirus, que [&hellip;]<\/p>\n","protected":false},"author":1,"featured_media":34982,"comment_status":"open","ping_status":"closed","sticky":false,"template":"","format":"standard","meta":[],"categories":[16],"tags":[],"_links":{"self":[{"href":"http:\/\/hoycordobaweb.com\/index.php\/wp-json\/wp\/v2\/posts\/34981"}],"collection":[{"href":"http:\/\/hoycordobaweb.com\/index.php\/wp-json\/wp\/v2\/posts"}],"about":[{"href":"http:\/\/hoycordobaweb.com\/index.php\/wp-json\/wp\/v2\/types\/post"}],"author":[{"embeddable":true,"href":"http:\/\/hoycordobaweb.com\/index.php\/wp-json\/wp\/v2\/users\/1"}],"replies":[{"embeddable":true,"href":"http:\/\/hoycordobaweb.com\/index.php\/wp-json\/wp\/v2\/comments?post=34981"}],"version-history":[{"count":0,"href":"http:\/\/hoycordobaweb.com\/index.php\/wp-json\/wp\/v2\/posts\/34981\/revisions"}],"wp:featuredmedia":[{"embeddable":true,"href":"http:\/\/hoycordobaweb.com\/index.php\/wp-json\/wp\/v2\/media\/34982"}],"wp:attachment":[{"href":"http:\/\/hoycordobaweb.com\/index.php\/wp-json\/wp\/v2\/media?parent=34981"}],"wp:term":[{"taxonomy":"category","embeddable":true,"href":"http:\/\/hoycordobaweb.com\/index.php\/wp-json\/wp\/v2\/categories?post=34981"},{"taxonomy":"post_tag","embeddable":true,"href":"http:\/\/hoycordobaweb.com\/index.php\/wp-json\/wp\/v2\/tags?post=34981"}],"curies":[{"name":"wp","href":"https:\/\/api.w.org\/{rel}","templated":true}]}}