{"id":34922,"date":"2021-12-28T19:37:01","date_gmt":"2021-12-28T19:37:01","guid":{"rendered":"https:\/\/www.ole.com.ar\/newells-old-boys\/arboleda-parque-independencia_0_hbLp0XCIc.html"},"modified":"2021-12-28T19:37:01","modified_gmt":"2021-12-28T19:37:01","slug":"se-acerca-arboleda-y-vangioni-out","status":"publish","type":"post","link":"http:\/\/hoycordobaweb.com\/index.php\/2021\/12\/28\/se-acerca-arboleda-y-vangioni-out\/","title":{"rendered":"Se acerca Arboleda y Vangioni out"},"content":{"rendered":"<p><img src=\"http:\/\/hoycordobaweb.com\/wp-content\/uploads\/2021\/12\/se-acerca-arboleda-y-vangioni-out.jpg\"><\/p>\n<p><strong>Por el Coloso del Parque ya planifican lo que ser\u00e1 el 2022<\/strong>. Por eso <a alt=\"javier-sanguinetti\" class=\"slug\" href=\"https:\/\/www.ole.com.ar\/tema\/javier-sanguinetti.html\" target=\"_blank\" title=\"javier-sanguinetti\" rel=\"noopener noreferrer\">Javier Sanguinetti<\/a>, flamante entrenador de <a alt=\"newells-old-boys\" class=\"slug\" href=\"https:\/\/www.ole.com.ar\/tema\/newells-old-boys.html\" target=\"_blank\" title=\"newells-old-boys\" rel=\"noopener noreferrer\">Newell&#8217;s<\/a>, se encuentra con el tel\u00e9fono prendido fuego. Disfrutando sus \u00faltimos d\u00edas de vacaciones en Buenos Aires, <mark><strong>Archu define lo que ser\u00e1n las altas y bajas de la Lepra para la pr\u00f3xima temporada y se comunic\u00f3 con Iv\u00e1n Arboleda.<\/strong><\/mark>&nbsp;El ex arquero del Taladro se encuentra sin lugar en <a alt=\"rayo-vallecano\" class=\"slug\" href=\"https:\/\/www.ole.com.ar\/tema\/rayo-vallecano.html\" target=\"_blank\" title=\"rayo-vallecano\" rel=\"noopener noreferrer\">Rayo Vallecano<\/a> y tiene ganas de pegar la vuelta.<\/p>\n<div class=\"sp__SM\">\n<div class=\"content-new \">\n<span class=\"tit-mobile\">Mir\u00e1 tambi\u00e9n<\/span><\/p>\n<div class=\"mg\">\n<div class=\"wrap-figure\">\n<picture>\n<a href=\"https:\/\/www.ole.com.ar\/futbol-primera\/riquelme-reunion-liga-clubes_0_YlE1YL0ML.html\" target=\"_self\" rel=\"noopener noreferrer\"><br \/>\n<img class=\"img-responsive\" alt=\"Riquelme en la reuni\u00f3n de la Liga Profesional\" src=\"http:\/\/hoycordobaweb.com\/wp-content\/uploads\/2021\/12\/se-acerca-arboleda-y-vangioni-out-2.jpg\" loading=\"lazy\"><br \/>\n<\/a>\n<\/picture>\n<\/div>\n<\/div><\/div>\n<\/div>\n<p>El colombiano todav\u00eda no pudo debutar en el equipo espa\u00f1ol y mostr\u00f3 buena predisposici\u00f3n para volver al futbol argentino. La operaci\u00f3n podr\u00eda concretar a trav\u00e9s de un<strong>&nbsp;pr\u00e9stamo por seis meses<\/strong>.<\/p>\n<div class=\"sp__Normal\">\n<div class=\"image-embeb image-trigger\" readability=\"6\">\n<picture><source media=\"(min-width: 720px)\" srcset=\"http:\/\/hoycordobaweb.com\/wp-content\/uploads\/2021\/12\/se-acerca-arboleda-y-vangioni-out-3.jpg\"><img itemprop=\"image\" src=\"http:\/\/hoycordobaweb.com\/wp-content\/uploads\/2021\/12\/se-acerca-arboleda-y-vangioni-out-3.jpg\" loading=\"lazy\" alt=\"El 1 quiere volver a la selecci\u00f3n cafetera.\">\n<\/picture><figcaption readability=\"2\">\n<p>El 1 quiere volver a la selecci\u00f3n cafetera.\n<\/p>\n<\/figcaption><\/div>\n<\/div>\n<p><strong><a alt=\"mauricio-arboleda\" class=\"slug\" href=\"https:\/\/www.ole.com.ar\/tema\/mauricio-arboleda.html\" target=\"_blank\" title=\"mauricio-arboleda\" rel=\"noopener noreferrer\">Arboleda<\/a> se march\u00f3 libre de Banfield en junio de este a\u00f1o y lleg\u00f3 a un arreglo con el conjunto que milita en la Primera Divisi\u00f3n espa\u00f1ola<\/strong>. Lo curioso es que todav\u00eda no debut\u00f3 -y muchas veces ni integr\u00f3 el banco de suplentes- y la idea del guardameta es recuperar ruedo y estar a la expectativa de lo que suceda con <a alt=\"seleccion-de-colombia\" class=\"slug\" href=\"https:\/\/www.ole.com.ar\/tema\/seleccion-de-colombia.html\" target=\"_blank\" title=\"seleccion-de-colombia\" rel=\"noopener noreferrer\">Colombia<\/a> en las <a alt=\"eliminatorias-sudamericanas\" class=\"slug\" href=\"https:\/\/www.ole.com.ar\/tema\/eliminatorias-sudamericanas.html\" target=\"_blank\" title=\"eliminatorias-sudamericanas\" rel=\"noopener noreferrer\">Eliminatorias<\/a> rumbo a <a alt=\"qatar\" class=\"slug\" href=\"https:\/\/www.ole.com.ar\/tema\/qatar.html\" target=\"_blank\" title=\"qatar\" rel=\"noopener noreferrer\">Qatar<\/a>.<\/p>\n<div class=\"sp__SM\">\n<div class=\"content-new \">\n<span class=\"tit-mobile\">Mir\u00e1 tambi\u00e9n<\/span><\/p>\n<div class=\"mg\">\n<div class=\"wrap-figure\">\n<picture>\n<a href=\"https:\/\/www.ole.com.ar\/river-plate\/clausula-rescision-robert-rojas-river_0_TT-SJ6kF-.html\" target=\"_self\" rel=\"noopener noreferrer\"><br \/>\n<img class=\"img-responsive\" alt=\"\u00bfQui\u00e9n es el jugador de River que tiene una cl\u00e1usula m\u00e1s alta que \u00c1lvarez?\" src=\"http:\/\/hoycordobaweb.com\/wp-content\/uploads\/2021\/12\/se-acerca-arboleda-y-vangioni-out-4.jpg\" loading=\"lazy\"><br \/>\n<\/a>\n<\/picture>\n<\/div>\n<\/div><\/div>\n<\/div>\n<p><strong>\u00abEs de mi gusto por lo profesional que es, porque lo conozco y porque nos puede dar la posibilidad de pelear con Ramiro (Macagno) para tener el arco bien cubierto&nbsp;si es que Alan (Aguerre) no se queda\u00bb<\/strong>, solt\u00f3 Archu en di\u00e1logo con Zapping Sports.<\/p>\n<div class=\"sp__Normal\">\n<div class=\"image-embeb image-trigger\" readability=\"6\">\n<picture><source media=\"(min-width: 720px)\" srcset=\"http:\/\/hoycordobaweb.com\/wp-content\/uploads\/2021\/12\/se-acerca-arboleda-y-vangioni-out-5.jpg\"><img itemprop=\"image\" src=\"http:\/\/hoycordobaweb.com\/wp-content\/uploads\/2021\/12\/se-acerca-arboleda-y-vangioni-out-5.jpg\" loading=\"lazy\" alt=\"Piri no volver\u00e1 a Newell's en este mercado. (Prensa NOB)\">\n<\/picture><figcaption readability=\"2\">\n<p>Piri no volver\u00e1 a Newell&#8217;s en este mercado. (Prensa NOB)\n<\/p>\n<\/figcaption><\/div>\n<\/div>\n<p>Adem\u00e1s, <mark><strong>descart\u00f3 la llegada de Leonel Vangioni al elenco rosarino<\/strong><\/mark>: <strong>\u00abNo se ha llegado a la posibilidad de que venga\u00bb<\/strong>. El ex lateral de <a alt=\"river-plate\" class=\"slug\" href=\"https:\/\/www.ole.com.ar\/tema\/river-plate.html\" target=\"_blank\" title=\"river-plate\" rel=\"noopener noreferrer\">River<\/a> tiene el pase en su poder pero finalmente no volver\u00e1 a <a alt=\"newells-old-boys\" class=\"slug\" href=\"https:\/\/www.ole.com.ar\/tema\/newells-old-boys.html\" target=\"_blank\" title=\"newells-old-boys\" rel=\"noopener noreferrer\">Newell&#8217;s<\/a>.<\/p>\n<h2><strong>EL CHAVO, M\u00c1S AFUERA QUE ADENTRO<\/strong><\/h2>\n<div class=\"sp__Normal\">\n<div class=\"image-embeb image-trigger\" readability=\"6.5\">\n<picture><source media=\"(min-width: 720px)\" srcset=\"http:\/\/hoycordobaweb.com\/wp-content\/uploads\/2021\/12\/se-acerca-arboleda-y-vangioni-out-6.jpg\"><img itemprop=\"image\" src=\"http:\/\/hoycordobaweb.com\/wp-content\/uploads\/2021\/12\/se-acerca-arboleda-y-vangioni-out-6.jpg\" loading=\"lazy\" alt=\"Lema, con un pie afuera de NOB. (Prensa Newell's).\">\n<\/picture><figcaption readability=\"3\">\n<p>Lema, con un pie afuera de NOB. (Prensa Newell&#8217;s).\n<\/p>\n<\/figcaption><\/div>\n<\/div>\n<p><strong>\u200b<\/strong>En las pr\u00f3ximas horas se definir\u00e1 el futuro de <a alt=\"cristian-lema\" class=\"slug\" href=\"https:\/\/www.ole.com.ar\/tema\/cristian-lema.html\" target=\"_blank\" title=\"cristian-lema\" rel=\"noopener noreferrer\">Cristian Lema<\/a>. El defensor no descarta seguir Newell&#8217;s, a pesar de que se le debe mucho dinero. Adem\u00e1s, tiene arriba de la mesa una oferta m\u00e1s que importante para volver a <a alt=\"penarol\" class=\"slug\" href=\"https:\/\/www.ole.com.ar\/tema\/penarol.html\" target=\"_blank\" title=\"penarol\" rel=\"noopener noreferrer\">Pe\u00f1arol<\/a>. <strong>Desde su entorno creen que el jugador de 31 a\u00f1os tiene grandes posibilidades de cruzar el charco y regresar al Carbonero<\/strong>.<\/p>\n<div class=\"entry-tags\">\n<h2>TEMAS QUE APARECEN EN ESTA NOTA<\/h2>\n<\/p><\/div>\n","protected":false},"excerpt":{"rendered":"<p>Por el Coloso del Parque ya planifican lo que ser\u00e1 el 2022. Por eso Javier Sanguinetti, flamante entrenador de Newell&#8217;s, se encuentra con el tel\u00e9fono prendido fuego. Disfrutando sus \u00faltimos d\u00edas de vacaciones en Buenos Aires, Archu define lo que ser\u00e1n las altas y bajas de la Lepra para la pr\u00f3xima temporada y se comunic\u00f3 [&hellip;]<\/p>\n","protected":false},"author":1,"featured_media":34923,"comment_status":"open","ping_status":"closed","sticky":false,"template":"","format":"standard","meta":[],"categories":[16],"tags":[],"_links":{"self":[{"href":"http:\/\/hoycordobaweb.com\/index.php\/wp-json\/wp\/v2\/posts\/34922"}],"collection":[{"href":"http:\/\/hoycordobaweb.com\/index.php\/wp-json\/wp\/v2\/posts"}],"about":[{"href":"http:\/\/hoycordobaweb.com\/index.php\/wp-json\/wp\/v2\/types\/post"}],"author":[{"embeddable":true,"href":"http:\/\/hoycordobaweb.com\/index.php\/wp-json\/wp\/v2\/users\/1"}],"replies":[{"embeddable":true,"href":"http:\/\/hoycordobaweb.com\/index.php\/wp-json\/wp\/v2\/comments?post=34922"}],"version-history":[{"count":0,"href":"http:\/\/hoycordobaweb.com\/index.php\/wp-json\/wp\/v2\/posts\/34922\/revisions"}],"wp:featuredmedia":[{"embeddable":true,"href":"http:\/\/hoycordobaweb.com\/index.php\/wp-json\/wp\/v2\/media\/34923"}],"wp:attachment":[{"href":"http:\/\/hoycordobaweb.com\/index.php\/wp-json\/wp\/v2\/media?parent=34922"}],"wp:term":[{"taxonomy":"category","embeddable":true,"href":"http:\/\/hoycordobaweb.com\/index.php\/wp-json\/wp\/v2\/categories?post=34922"},{"taxonomy":"post_tag","embeddable":true,"href":"http:\/\/hoycordobaweb.com\/index.php\/wp-json\/wp\/v2\/tags?post=34922"}],"curies":[{"name":"wp","href":"https:\/\/api.w.org\/{rel}","templated":true}]}}