{"id":34920,"date":"2021-12-28T19:48:00","date_gmt":"2021-12-28T19:48:00","guid":{"rendered":"https:\/\/www.ole.com.ar\/informacion-general\/hugo-maradona-jugaba-hermano-diego_0__uvJO9MTk.html"},"modified":"2021-12-28T19:48:00","modified_gmt":"2021-12-28T19:48:00","slug":"asi-jugaba-hugo-maradona","status":"publish","type":"post","link":"http:\/\/hoycordobaweb.com\/index.php\/2021\/12\/28\/asi-jugaba-hugo-maradona\/","title":{"rendered":"As\u00ed jugaba Hugo Maradona"},"content":{"rendered":"<p><img src=\"http:\/\/hoycordobaweb.com\/wp-content\/uploads\/2021\/12\/asi-jugaba-hugo-maradona.jpg\"><\/p>\n<p>Las calles de N\u00e1poles volvieron a inundarse de l\u00e1grimas: este martes por la ma\u00f1ana, <strong><a alt=\"hugo-maradona\" class=\"slug\" href=\"https:\/\/www.ole.com.ar\/tema\/hugo-maradona.html\" target=\"_blank\" title=\"hugo-maradona\" rel=\"noopener noreferrer\">Hugo Maradona<\/a><\/strong>, uno de los hermanos menores de <a href=\"https:\/\/www.ole.com.ar\/maradona\/quedo-vender-maradona_0_JHNICj7dm.html\" target=\"_blank\" rel=\"noopener noreferrer\"><strong>Diego<\/strong><\/a>, falleci\u00f3 de un infarto. Conocido como el Turco, el ex futbolista de 52 a\u00f1os viv\u00eda desde hace un tiempo en la ciudad donde el Diez fue \u00eddolo total. <a data-cke-saved-href=\"https:\/\/www.ole.com.ar\/informacion-general\/hugo-maradona-diego-murio_0_hHPSF6Oi-.html\" target=\"_blank\" href=\"https:\/\/www.ole.com.ar\/informacion-general\/hugo-maradona-diego-murio_0_hHPSF6Oi-.html\" rel=\"noopener noreferrer\"><strong>La triste noticia fue confirmada por los medios italianos<\/strong><\/a> luego de que Hugo fuera encontrado sin vida en su casa en la zona del monte de Procida.<\/p>\n<div class=\"sp__SM\">\n<div class=\"content-new \">\n<span class=\"tit-mobile\">Mir\u00e1 tambi\u00e9n<\/span><\/p>\n<div class=\"mg\">\n<div class=\"wrap-figure\">\n<picture>\n<a href=\"https:\/\/www.ole.com.ar\/maradona\/publicaciones-dalma-gianinna-hugo_0_ZMOdLzQCV.html\" target=\"_self\" rel=\"noopener noreferrer\"><br \/>\n<img class=\"img-responsive\" alt=\"Dalma y Gianinna despidieron a su t\u00edo Hugo: puchos, birras y m\u00e1s\" src=\"http:\/\/hoycordobaweb.com\/wp-content\/uploads\/2021\/12\/asi-jugaba-hugo-maradona-2.jpg\" loading=\"lazy\"><br \/>\n<\/a>\n<\/picture>\n<\/div>\n<\/div><\/div>\n<\/div>\n<p>Nacido el 9 de mayo de 1969, <strong>era el m\u00e1s chico de todos los hijos de&nbsp;don Diego y do\u00f1a Tota.<\/strong> Al igual que sus hermanos Diego y Ra\u00fal (Lalo), se dedic\u00f3 al f\u00fatbol. Y su presentaci\u00f3n en sociedad fue m\u00e1s que promisoria: siendo jugador de las Inferiores de <strong>Argentinos Juniors fue citado para la Selecci\u00f3n Argentina que disput\u00f3 el Sudamericano Sub 16 de 1985 en Buenos Aires.<\/strong><\/p>\n<div class=\"sp__Normal\">\n<div class=\"image-embeb image-trigger\" readability=\"6\">\n<picture><source media=\"(min-width: 720px)\" srcset=\"http:\/\/hoycordobaweb.com\/wp-content\/uploads\/2021\/12\/asi-jugaba-hugo-maradona-3.jpg\"><img itemprop=\"image\" src=\"http:\/\/hoycordobaweb.com\/wp-content\/uploads\/2021\/12\/asi-jugaba-hugo-maradona-3.jpg\" loading=\"lazy\" alt=\"Hugo y Diego juntos (Instagram Diego Maradona).\">\n<\/picture><figcaption readability=\"2\">\n<p>Hugo y Diego juntos (Instagram Diego Maradona).\n<\/p>\n<\/figcaption><\/div>\n<\/div>\n<div class=\"sp__SM\">\n<div class=\"content-new \">\n<span class=\"tit-mobile\">Mir\u00e1 tambi\u00e9n<\/span><\/p>\n<div class=\"mg\">\n<div class=\"wrap-figure\">\n<picture>\n<a href=\"https:\/\/www.ole.com.ar\/informacion-general\/consejo-hugo-maradona-gol-siglo_0_GycLKkELa.html\" target=\"_self\" rel=\"noopener noreferrer\"><br \/>\n<img class=\"img-responsive\" alt=\"El consejo de Hugo a Diego que termin\u00f3 en el Gol del Siglo\" src=\"http:\/\/hoycordobaweb.com\/wp-content\/uploads\/2021\/12\/asi-jugaba-hugo-maradona-4.jpg\" loading=\"lazy\"><br \/>\n<\/a>\n<\/picture>\n<\/div>\n<\/div><\/div>\n<\/div>\n<p>Petisito, derecho, encarador y habilidoso. Una descripci\u00f3n muy parecida a la que cualquiera har\u00eda de Pelusa (claro, era zurdo), pero as\u00ed era Hugo, que se diferenciaba del resto por una gambeta corta, veloz y casi siempre exitosa. Su buena pegada tambi\u00e9n lo llev\u00f3 a anotar varios goles de pelota detenida y desde afuera del area.<\/p>\n<p>El Turco lo ten\u00eda en la sangre. Le gustaba tirar paredes, picar en velocidad y amagar a quien se le pusiera en frente. Si bien s\u00f3lo pudo <mark>disputar 121 partidos oficiales entre los once equipos que jug\u00f3 y la selecci\u00f3n, hizo un total de 39 goles<\/mark>, lo que representa un 0,32 tantos por encuentro.<\/p>\n<div class=\"sp__SM\">\n<div class=\"content-new \">\n<span class=\"tit-mobile\">Mir\u00e1 tambi\u00e9n<\/span><\/p>\n<div class=\"mg\">\n<div class=\"wrap-figure\">\n<picture>\n<a href=\"https:\/\/www.ole.com.ar\/informacion-general\/hugo-maradona-diego-murio_0_hHPSF6Oi-.html\" target=\"_self\" rel=\"noopener noreferrer\"><br \/>\n<img class=\"img-responsive\" alt=\"Muri\u00f3 Hugo Maradona, uno de los hermanos de Diego\" src=\"http:\/\/hoycordobaweb.com\/wp-content\/uploads\/2021\/12\/asi-jugaba-hugo-maradona-5.jpg\" loading=\"lazy\"><br \/>\n<\/a>\n<\/picture>\n<\/div>\n<\/div><\/div>\n<\/div>\n<p>Representando a la Celeste y Blanca, fue&nbsp;dirigido por Carlos Pacham\u00e9 y comparti\u00f3&nbsp;equipo junto a grandes figuras como&nbsp;<strong>Fernando Redondo, Lorenzo Frutos, Fernando Kuyumchoglu y Pedro Salaberry<\/strong>. Adem\u00e1s,&nbsp;se consagr\u00f3 campe\u00f3n en el citado Sudamericano de 1985&nbsp;al vencer en el partido decisivo a Brasil por 3-2, en el estadio Amalfitani. \u00bfLa frutilla del postre? Hizo el gol que le dio la victoria a la Albiceleste.<\/p>\n<h2><strong>Aquel partido hist\u00f3rico:<\/strong><\/h2>\n<p>Luego de disputar el Mundial de la categor\u00eda Sub 16, en la que Argentina qued\u00f3 eliminada en primera ronda, <strong>lleg\u00f3 su debut en Primera con la camiseta de Argentinos: el 16&nbsp;de marzo de 1986 justo en una derrota 3-2 contra Boca.<\/strong> Ese a\u00f1o form\u00f3 parte del plantel del Bicho que obtuvo la Copa Interamericana al tiempo que su hermano Diego hac\u00eda historia y levantaba la Copa del Mundo en M\u00e9xico. <\/p>\n<div class=\"sp__Normal\">\n<div class=\"image-embeb image-trigger\">\n<picture><source media=\"(min-width: 720px)\" srcset=\"http:\/\/hoycordobaweb.com\/wp-content\/uploads\/2021\/12\/asi-jugaba-hugo-maradona-6.jpg\"><img itemprop=\"image\" src=\"http:\/\/hoycordobaweb.com\/wp-content\/uploads\/2021\/12\/asi-jugaba-hugo-maradona-6.jpg\" loading=\"lazy\" alt=\"Hugo Maradona.\">\n<\/picture><figcaption>\n<p>Hugo Maradona.\n<\/p>\n<\/figcaption><\/div>\n<\/div>\n<p>Tras 19 partidos oficiales en el club de La Paternal, <strong>en&nbsp;1987 cumpli\u00f3 un sue\u00f1o: ser transferido al Napoli para compartir equipo con su hermano.<\/strong> Sin embargo, Hugo no tuvo muchas posibilidades de jugar y, en busca de continuidad, se fue al Ascoli, que estaba en la Serie A de Italia. En esa temporada enfrent\u00f3 al Diez en un partido oficial.<\/p>\n<div class=\"sp__Normal\">\n<div class=\"image-embeb image-trigger\">\n<picture><source media=\"(min-width: 720px)\" srcset=\"http:\/\/hoycordobaweb.com\/wp-content\/uploads\/2021\/12\/asi-jugaba-hugo-maradona-7.jpg\"><img itemprop=\"image\" src=\"http:\/\/hoycordobaweb.com\/wp-content\/uploads\/2021\/12\/asi-jugaba-hugo-maradona-7.jpg\" loading=\"lazy\" alt=\"Hugo Maradona.\">\n<\/picture><figcaption>\n<p>Hugo Maradona.\n<\/p>\n<\/figcaption><\/div>\n<\/div>\n<p>Luego su carrera lo llev\u00f3 por distintas partes del mundo: e<strong>l Rayo Vallecano de Espa\u00f1a, el Rapid Viena de Austria, Deportivo Petare de Venezuela, Progreso de Uruguay, el Futures, el Fukuoka y el Sapporo, todos de Jap\u00f3n para finalizar su trayectoria en el f\u00fatbol en Argentina, a los 30 a\u00f1os, en Brown de Arrecifes<\/strong>, donde jug\u00f3 22 partidos en 1999.<\/p>\n<div class=\"sp__SM\">\n<div class=\"content-new \">\n<span class=\"tit-mobile\">Mir\u00e1 tambi\u00e9n<\/span><\/p>\n<div class=\"mg\">\n<div class=\"wrap-figure\">\n<picture>\n<a href=\"https:\/\/www.ole.com.ar\/futbol-internacional\/inglaterra\/hugo-maradona-derecha-napoles_0_AD1cicBzb.html\" target=\"_self\" rel=\"noopener noreferrer\"><br \/>\n<img class=\"img-responsive\" alt=\"Hugo Maradona con la centro derecha\" src=\"http:\/\/hoycordobaweb.com\/wp-content\/uploads\/2021\/12\/asi-jugaba-hugo-maradona-8.jpg\" loading=\"lazy\"><br \/>\n<\/a>\n<\/picture>\n<\/div>\n<\/div><\/div>\n<\/div>\n<p>Fue el turno, despu\u00e9s, de la direcci\u00f3n t\u00e9cnica. Hugo quer\u00eda seguir ligado al f\u00fatbol y se hizo entrenador. Tras unos a\u00f1os en Puerto Rico, <strong>recal\u00f3 de nuevo en Italia, donde en el 2006&nbsp;conoci\u00f3 a una italiana, se cas\u00f3, tuvo dos hijas&nbsp;y se qued\u00f3 a vivir en N\u00e1poles, esa ciudad donde decir Maradona equivale a palabra santa.<\/strong>&nbsp;Y en donde <a data-cke-saved-href=\"https:\/\/www.ole.com.ar\/futbol-internacional\/inglaterra\/hugo-maradona-derecha-napoles_0_AD1cicBzb.html\" target=\"_blank\" href=\"https:\/\/www.ole.com.ar\/futbol-internacional\/inglaterra\/hugo-maradona-derecha-napoles_0_AD1cicBzb.html\" rel=\"noopener noreferrer\"><strong>en octubre pasado se present\u00f3 en las elecciones de la ciudad en una lista de centroderecha.<\/strong><\/a> Siempre admirador de su hermano mayor, como cuando era chico. Un viejo reportaje para la TV de Argentina, con su hermano Lalo, es la prueba.<\/p>\n<div class=\"sp__SM\">\n<div class=\"content-new \">\n<span class=\"tit-mobile\">Mir\u00e1 tambi\u00e9n<\/span><\/p>\n<div class=\"mg\">\n<div class=\"wrap-figure\">\n<picture>\n<a href=\"https:\/\/www.ole.com.ar\/maradona\/hablando-napoles_0_V12prD1RV.html\" target=\"_self\" rel=\"noopener noreferrer\"><br \/>\n<img class=\"img-responsive\" alt=\"Hugo Maradona: &quot;Hay noches que me despierto y Diego me est\u00e1 hablando&quot;\" src=\"http:\/\/hoycordobaweb.com\/wp-content\/uploads\/2021\/12\/asi-jugaba-hugo-maradona-9.jpg\" loading=\"lazy\"><br \/>\n<\/a>\n<\/picture>\n<\/div>\n<\/div><\/div>\n<\/div>\n<h2><strong>Mir\u00e1 aquel video:<\/strong><\/h2>\n<p><strong>En 1987, Diego, el Turco y Lalo se dieron el gusto de jugar un partido juntos para el mismo equipo.<\/strong> Lalo hab\u00eda sido transferido al Granada, de la Segunda de Espa\u00f1a, y se acord\u00f3 la organizaci\u00f3n de un partido de presentaci\u00f3n con la presencia de sus hermanos. El rival fue el Malmoe de Suecia y los hermanos jugaron juntos ese d\u00eda.<\/p>\n<h2><strong>Mir\u00e1 el video:<\/strong><\/h2>\n<p>El Turco sufri\u00f3 mucho la muerte de su hermano Diego, el pasado 25 de noviembre del 2020. Al poco tiempo dio una entrevista y cont\u00f3: <strong>\u00abCada d\u00eda que pasa va creciendo el dolor porque estando lejos no lo puedo creer. Me levanto a la ma\u00f1ana y digo esta noche lo llamo, como hac\u00edamos cada viernes. El sab\u00eda que lo llamaba. Cada d\u00eda el dolor es m\u00e1s grande.<\/strong> La \u00faltima vez que hablamos eran como las dos o tres de la ma\u00f1ana. Me llam\u00f3, me dijo: &#8216;\u00bfEst\u00e1s durmiendo?&#8217;. &#8216;No, bailando&#8217;. Lo hab\u00eda escuchado bien, sereno\u00bb.<\/p>\n<div class=\"sp__SM\">\n<div class=\"content-new no-img\">\n<span class=\"tit-mobile\">Mir\u00e1 tambi\u00e9n<\/span> <\/div>\n<\/div>\n<p>Cuando se cumpli\u00f3 el primer aniversario del fallecimiento del Diez, Hugo estuvo invitado en un m\u00f3vil desde N\u00e1poles para el programa F90 de Espn. <strong>No pod\u00eda hablar. Cada dos o tres palabras se pon\u00eda a llorar.<\/strong> Unos d\u00edas despu\u00e9s, <a data-cke-saved-href=\"https:\/\/www.ole.com.ar\/maradona\/napoli-maradona-estatua-homenaje_0_oYowt4X4h.html\" target=\"_blank\" href=\"https:\/\/www.ole.com.ar\/maradona\/napoli-maradona-estatua-homenaje_0_oYowt4X4h.html\" rel=\"noopener noreferrer\"><strong>estuvo presente en el ex San Paolo, hoy bautizado como Diego Armando Maradona, donde el Napoli le hizo un sentido homenaje, estatua incluida.<\/strong><\/a> Hugo, el Turquito como le dec\u00eda el Diez, era el m\u00e1s parecido f\u00edsicamente por lo que era reconocido en todo N\u00e1poles. All\u00ed, donde un paro card\u00edaco le puso punto final a su vida, este martes 28 de diciembre. Que en paz descanse.<\/p>\n<div class=\"entry-tags\">\n<h2>TEMAS QUE APARECEN EN ESTA NOTA<\/h2>\n<\/p><\/div>\n","protected":false},"excerpt":{"rendered":"<p>Las calles de N\u00e1poles volvieron a inundarse de l\u00e1grimas: este martes por la ma\u00f1ana, Hugo Maradona, uno de los hermanos menores de Diego, falleci\u00f3 de un infarto. Conocido como el Turco, el ex futbolista de 52 a\u00f1os viv\u00eda desde hace un tiempo en la ciudad donde el Diez fue \u00eddolo total. La triste noticia fue [&hellip;]<\/p>\n","protected":false},"author":1,"featured_media":34921,"comment_status":"open","ping_status":"closed","sticky":false,"template":"","format":"standard","meta":[],"categories":[16],"tags":[],"_links":{"self":[{"href":"http:\/\/hoycordobaweb.com\/index.php\/wp-json\/wp\/v2\/posts\/34920"}],"collection":[{"href":"http:\/\/hoycordobaweb.com\/index.php\/wp-json\/wp\/v2\/posts"}],"about":[{"href":"http:\/\/hoycordobaweb.com\/index.php\/wp-json\/wp\/v2\/types\/post"}],"author":[{"embeddable":true,"href":"http:\/\/hoycordobaweb.com\/index.php\/wp-json\/wp\/v2\/users\/1"}],"replies":[{"embeddable":true,"href":"http:\/\/hoycordobaweb.com\/index.php\/wp-json\/wp\/v2\/comments?post=34920"}],"version-history":[{"count":0,"href":"http:\/\/hoycordobaweb.com\/index.php\/wp-json\/wp\/v2\/posts\/34920\/revisions"}],"wp:featuredmedia":[{"embeddable":true,"href":"http:\/\/hoycordobaweb.com\/index.php\/wp-json\/wp\/v2\/media\/34921"}],"wp:attachment":[{"href":"http:\/\/hoycordobaweb.com\/index.php\/wp-json\/wp\/v2\/media?parent=34920"}],"wp:term":[{"taxonomy":"category","embeddable":true,"href":"http:\/\/hoycordobaweb.com\/index.php\/wp-json\/wp\/v2\/categories?post=34920"},{"taxonomy":"post_tag","embeddable":true,"href":"http:\/\/hoycordobaweb.com\/index.php\/wp-json\/wp\/v2\/tags?post=34920"}],"curies":[{"name":"wp","href":"https:\/\/api.w.org\/{rel}","templated":true}]}}