{"id":34916,"date":"2021-12-28T19:57:12","date_gmt":"2021-12-28T19:57:12","guid":{"rendered":"https:\/\/www.ole.com.ar\/futbol-internacional\/america\/giovanni-moreno-atletico-nacional_0_ahv819i0Y.html"},"modified":"2021-12-28T19:57:12","modified_gmt":"2021-12-28T19:57:12","slug":"se-cae-el-pase-de-giovanni-moreno-a-atletico-nacional","status":"publish","type":"post","link":"http:\/\/hoycordobaweb.com\/index.php\/2021\/12\/28\/se-cae-el-pase-de-giovanni-moreno-a-atletico-nacional\/","title":{"rendered":"\u00bfSe cae el pase de Giovanni Moreno a Atl\u00e9tico Nacional?"},"content":{"rendered":"<p><img src=\"http:\/\/hoycordobaweb.com\/wp-content\/uploads\/2021\/12\/se-cae-el-pase-de-giovanni-moreno-a-atletico-nacional.jpg\"><\/p>\n<p><strong>Giovanni Moreno decidi\u00f3 finalizar su periplo en China<\/strong>. Tras casi una d\u00e9cada en el Shanghai Shenhua, se gan\u00f3 el coraz\u00f3n de los hinchas asi\u00e1ticos y se convirti\u00f3 en una de las grandes figuras de la Superliga. Sin embargo, en unos d\u00edas se le finalizar\u00e1 el contrato y, en consecuencia, se quedar\u00e1 con el pase en su poder. En ese sentido, l<a data-cke-saved-href=\"https:\/\/www.ole.com.ar\/futbol-internacional\/gio-moreno-atletico-nacional-interes_0_K2Cw-rQL4.html\" target=\"_blank\" href=\"https:\/\/www.ole.com.ar\/futbol-internacional\/gio-moreno-atletico-nacional-interes_0_K2Cw-rQL4.html\" rel=\"noopener noreferrer\"><strong>a idea era regresar a donde dio sus primeros pasos en el m\u00e1s alto nivel: Atl\u00e9tico Nacional<\/strong><\/a>&nbsp;(\u00e9l debut\u00f3 profesionalmente en Envigado). Y todo parec\u00eda estar dispuesto para que el fichaje se oficializara lo antes posible. No obstante, surgieron algunas diferencias en las \u00faltimas horas y el pase podr\u00eda llegar a caerse.<\/p>\n<div class=\"sp__Normal\">\n<div class=\"image-embeb image-trigger\" readability=\"6\">\n<picture><source media=\"(min-width: 720px)\" srcset=\"http:\/\/hoycordobaweb.com\/wp-content\/uploads\/2021\/12\/se-cae-el-pase-de-giovanni-moreno-a-atletico-nacional-2.jpg\"><img itemprop=\"image\" src=\"http:\/\/hoycordobaweb.com\/wp-content\/uploads\/2021\/12\/se-cae-el-pase-de-giovanni-moreno-a-atletico-nacional-2.jpg\" loading=\"lazy\" alt=\"Gio Moreno estuvo casi una d\u00e9cada en China.\">\n<\/picture><figcaption readability=\"2\">\n<p>Gio Moreno estuvo casi una d\u00e9cada en China.\n<\/p>\n<\/figcaption><\/div>\n<\/div>\n<div class=\"sp__SM\">\n<div class=\"content-new \">\n<span class=\"tit-mobile\">Mir\u00e1 tambi\u00e9n<\/span><\/p>\n<div class=\"mg\">\n<div class=\"wrap-figure\">\n<picture>\n<a href=\"https:\/\/www.ole.com.ar\/futbol-internacional\/miguel-borja-boca-motivos_0_y0z_36CL5.html\" target=\"_self\" rel=\"noopener noreferrer\"><br \/>\n<img class=\"img-responsive\" alt=\"Borja revel\u00f3 los verdaderos motivos por los que eligi\u00f3 no ir a Boca\" src=\"http:\/\/hoycordobaweb.com\/wp-content\/uploads\/2021\/12\/se-cae-el-pase-de-giovanni-moreno-a-atletico-nacional-3.jpg\" loading=\"lazy\"><br \/>\n<\/a>\n<\/picture>\n<\/div>\n<\/div><\/div>\n<\/div>\n<p>Seg\u00fan inform\u00f3 el periodista Pipe Sierra de la cadena Win Sports, <strong>un importante miembro de la junta directiva no est\u00e1 a favor del arribo del enganche<\/strong> y, en definitiva, agreg\u00f3 que de no solucionar las diferencias entre los pares de la comisi\u00f3n, el nombre apuntado es el de <strong><a alt=\"edwin-cardona\" class=\"slug\" href=\"https:\/\/www.ole.com.ar\/tema\/edwin-cardona.html\" target=\"_blank\" title=\"edwin-cardona\" rel=\"noopener noreferrer\">Edwin Cardona<\/a><\/strong>, quien no seguir\u00e1 en los Xolos de Tijuana y que <a data-cke-saved-href=\"https:\/\/www.ole.com.ar\/boca-juniors\/boca-juniors-cardona-america-osorio_0_yCQVc3Lxl.html\" target=\"_blank\" href=\"https:\/\/www.ole.com.ar\/boca-juniors\/boca-juniors-cardona-america-osorio_0_yCQVc3Lxl.html\" rel=\"noopener noreferrer\"><strong>es pretendido por Racing y Am\u00e9rica de Cali<\/strong><\/a>.<\/p>\n<div class=\"sp__SM\">\n<div class=\"content-new \">\n<span class=\"tit-mobile\">Mir\u00e1 tambi\u00e9n<\/span><\/p>\n<div class=\"mg\">\n<div class=\"wrap-figure\"> <picture>\n<a href=\"https:\/\/www.ole.com.ar\/newells-old-boys\/arboleda-parque-independencia_0_hbLp0XCIc.html\" target=\"_self\" rel=\"noopener noreferrer\"><br \/>\n<img class=\"img-responsive\" alt=\"Se acerca Arboleda y Vangioni out\" src=\"http:\/\/hoycordobaweb.com\/wp-content\/uploads\/2021\/12\/se-cae-el-pase-de-giovanni-moreno-a-atletico-nacional-4.jpg\" loading=\"lazy\"><br \/>\n<\/a>\n<\/picture>\n<\/div>\n<\/div><\/div>\n<\/div>\n<h2><strong>OBJETIVO: COPA LIBERTADORES<\/strong><\/h2>\n<p><strong><a alt=\"atletico-nacional\" class=\"slug\" href=\"https:\/\/www.ole.com.ar\/tema\/atletico-nacional.html\" target=\"_blank\" title=\"atletico-nacional\" rel=\"noopener noreferrer\">Atl\u00e9tico Nacional <\/a><\/strong>est\u00e1 armando un equipo de lujo para poder acceder a la fase de grupos de la <strong><a alt=\"copa-libertadores\" class=\"slug\" href=\"https:\/\/www.ole.com.ar\/tema\/copa-libertadores.html\" target=\"_blank\" title=\"copa-libertadores\" rel=\"noopener noreferrer\">Copa Libertadores<\/a><\/strong>. De hecho, se oficializ\u00f3 el regreso de Alexander Mej\u00eda, campe\u00f3n continental en 2016. Su debut ser\u00e1 en la segunda ronda de la fase previa y a\u00fan no conoce a su rival dado que enfrentar\u00e1 al ganador de la serie entre Universidad C\u00e9sar Vallejo de Per\u00fa y Olimpia de Paraguay. Y en caso de pasar a la \u00faltima instancia, se medir\u00eda ante Millonarios o Fluminense.<\/p>\n<div class=\"sp__Normal\">\n<div class=\"image-embeb image-trigger\" readability=\"6\">\n<picture><source media=\"(min-width: 720px)\" srcset=\"http:\/\/hoycordobaweb.com\/wp-content\/uploads\/2021\/12\/se-cae-el-pase-de-giovanni-moreno-a-atletico-nacional-5.jpg\"><img itemprop=\"image\" src=\"http:\/\/hoycordobaweb.com\/wp-content\/uploads\/2021\/12\/se-cae-el-pase-de-giovanni-moreno-a-atletico-nacional-5.jpg\" loading=\"lazy\" alt=\"Giovanni Moreno quiere tener su segundo ciclo en Atl\u00e9tico Nacional.\">\n<\/picture><figcaption readability=\"2\">\n<p>Giovanni Moreno quiere tener su segundo ciclo en Atl\u00e9tico Nacional.\n<\/p>\n<\/figcaption><\/div>\n<\/div>\n<h2><strong>EL REGRESO TRUNCO<\/strong><\/h2>\n<p> As\u00ed como en algunas temporadas pasadas su nombre apareci\u00f3 en el radar de Boca y de Racing, hace varios a\u00f1os estuvo cerca de volver a ponerse la camiseta de Atl\u00e9tico Nacional. De hecho, estaba todo tan avanzado que la cuenta oficial de Twitter del club colombiano alcanz\u00f3 a anunciarlo, en un posteo que luego terminar\u00eda siendo utilizado como meme por los fan\u00e1ticos rivales.<\/p>\n<div class=\"sp__Normal htmlLibre\">\n<div class=\"embed-responsive-c\" readability=\"5.3206751054852\">\n<blockquote class=\"twitter-tweet\" readability=\"4.9113924050633\">\n<p lang=\"es\" dir=\"ltr\">\u00a1Atenci\u00f3n! Vuelve a casa Gio. Termin\u00f3 larga y productiva reuni\u00f3n con el DT Almir\u00f3n y Andr\u00e9s Botero. Est\u00e1 todo listo para que est\u00e9 con el Verde. <a href=\"https:\/\/t.co\/oh7zK65Wue\">pic.twitter.com\/oh7zK65Wue<\/a><\/p>\n<p>\u2014 Atl\u00e9tico Nacional (@nacionaloficial) <a href=\"https:\/\/twitter.com\/nacionaloficial\/status\/946779051590643713?ref_src=twsrc%5Etfw\">December 29, 2017<\/a><\/p><\/blockquote><\/div>\n<\/div>\n<p> \u00ab\u00a1Atenci\u00f3n! Vuelve a casa Gio. Termin\u00f3 larga y productiva reuni\u00f3n con el DT Almir\u00f3n y Andr\u00e9s Botero. Est\u00e1 todo listo para que est\u00e9 con el Verde\u00bb, dice el tuit que nunca fue eliminado de la cuenta del Verdolaga y que, cada tanto, es utilizado para cargar a Nacional.<\/p>\n<div class=\"sp__SM\">\n<div class=\"content-new \">\n<span class=\"tit-mobile\">Mir\u00e1 tambi\u00e9n<\/span><\/p>\n<div class=\"mg\">\n<div class=\"wrap-figure\">\n<picture>\n<a href=\"https:\/\/www.ole.com.ar\/futbol-internacional\/francia\/mbappe-messi-psg_0_ausE4VLhm.html\" target=\"_self\" rel=\"noopener noreferrer\"><br \/>\n<img class=\"img-responsive\" alt=\"Mbapp\u00e9: de &quot;voy a terminar la temporada en PSG&quot; a &quot;es un placer jugar con Messi&quot;\" src=\"http:\/\/hoycordobaweb.com\/wp-content\/uploads\/2021\/12\/se-cae-el-pase-de-giovanni-moreno-a-atletico-nacional-6.jpg\" loading=\"lazy\"><br \/>\n<\/a>\n<\/picture>\n<\/div>\n<\/div><\/div>\n<\/div>\n<p> <strong>Gio visti\u00f3 la camiseta verdolaga durante 39 partidos entre 2008 y 2010<\/strong>. Adem\u00e1s, marc\u00f3 25 goles y entreg\u00f3 seis asistencias. Actualmente, m\u00e1s alejado del \u00e1rea, podr\u00eda encargarse de ser el generador de juego del equipo de Medell\u00edn. \u00bfSe caer\u00e1 definitivamente el pase o encontrar\u00e1n la manera para que las negociaciones lleguen a buen puerto?<\/p>\n<div class=\"sp__SM\">\n<div class=\"content-new \">\n<span class=\"tit-mobile\">Mir\u00e1 tambi\u00e9n<\/span><\/p>\n<div class=\"mg\">\n<div class=\"wrap-figure\">\n<picture>\n<a href=\"https:\/\/www.ole.com.ar\/futbol-internacional\/america\/ramon-ramos-lima-flamengo-homicidio_0_CaHwJzNxO.html\" target=\"_self\" rel=\"noopener noreferrer\"><br \/>\n<img class=\"img-responsive\" alt=\"Un jugador de Flamengo fue acusado formalmente de homicidio culposo\" src=\"http:\/\/hoycordobaweb.com\/wp-content\/uploads\/2021\/12\/se-cae-el-pase-de-giovanni-moreno-a-atletico-nacional-7.jpg\" loading=\"lazy\"><br \/>\n<\/a>\n<\/picture>\n<\/div>\n<\/div><\/div>\n<\/div>\n<div class=\"entry-tags\">\n<h2>TEMAS QUE APARECEN EN ESTA NOTA<\/h2>\n<\/p><\/div>\n","protected":false},"excerpt":{"rendered":"<p>Giovanni Moreno decidi\u00f3 finalizar su periplo en China. Tras casi una d\u00e9cada en el Shanghai Shenhua, se gan\u00f3 el coraz\u00f3n de los hinchas asi\u00e1ticos y se convirti\u00f3 en una de las grandes figuras de la Superliga. Sin embargo, en unos d\u00edas se le finalizar\u00e1 el contrato y, en consecuencia, se quedar\u00e1 con el pase en [&hellip;]<\/p>\n","protected":false},"author":1,"featured_media":34917,"comment_status":"open","ping_status":"closed","sticky":false,"template":"","format":"standard","meta":[],"categories":[16],"tags":[],"_links":{"self":[{"href":"http:\/\/hoycordobaweb.com\/index.php\/wp-json\/wp\/v2\/posts\/34916"}],"collection":[{"href":"http:\/\/hoycordobaweb.com\/index.php\/wp-json\/wp\/v2\/posts"}],"about":[{"href":"http:\/\/hoycordobaweb.com\/index.php\/wp-json\/wp\/v2\/types\/post"}],"author":[{"embeddable":true,"href":"http:\/\/hoycordobaweb.com\/index.php\/wp-json\/wp\/v2\/users\/1"}],"replies":[{"embeddable":true,"href":"http:\/\/hoycordobaweb.com\/index.php\/wp-json\/wp\/v2\/comments?post=34916"}],"version-history":[{"count":0,"href":"http:\/\/hoycordobaweb.com\/index.php\/wp-json\/wp\/v2\/posts\/34916\/revisions"}],"wp:featuredmedia":[{"embeddable":true,"href":"http:\/\/hoycordobaweb.com\/index.php\/wp-json\/wp\/v2\/media\/34917"}],"wp:attachment":[{"href":"http:\/\/hoycordobaweb.com\/index.php\/wp-json\/wp\/v2\/media?parent=34916"}],"wp:term":[{"taxonomy":"category","embeddable":true,"href":"http:\/\/hoycordobaweb.com\/index.php\/wp-json\/wp\/v2\/categories?post=34916"},{"taxonomy":"post_tag","embeddable":true,"href":"http:\/\/hoycordobaweb.com\/index.php\/wp-json\/wp\/v2\/tags?post=34916"}],"curies":[{"name":"wp","href":"https:\/\/api.w.org\/{rel}","templated":true}]}}