{"id":34906,"date":"2021-12-28T17:35:17","date_gmt":"2021-12-28T17:35:17","guid":{"rendered":"http:\/\/hoycordobaweb.com\/index.php\/2021\/12\/28\/fallece-hermano-menor-de-maradona-hugo-chicago-tribune\/"},"modified":"2021-12-28T17:35:17","modified_gmt":"2021-12-28T17:35:17","slug":"fallece-hermano-menor-de-maradona-hugo-chicago-tribune","status":"publish","type":"post","link":"http:\/\/hoycordobaweb.com\/index.php\/2021\/12\/28\/fallece-hermano-menor-de-maradona-hugo-chicago-tribune\/","title":{"rendered":"Fallece hermano menor de Maradona, Hugo &#8211; Chicago Tribune"},"content":{"rendered":"<p>La Asociaci\u00f3n del <b>F\u00fatbol Argentina<\/b> lament\u00f3 el fallecimiento del \u201cex futbolista y miembro de la eterna familia Maradona\u201d, y lo lo mismo hizo&nbsp;&#8230; <\/p>\n","protected":false},"excerpt":{"rendered":"<p>La Asociaci\u00f3n del F\u00fatbol Argentina lament\u00f3 el fallecimiento del \u201cex futbolista y miembro de la eterna familia Maradona\u201d, y lo lo mismo hizo&nbsp;&#8230;<\/p>\n","protected":false},"author":1,"featured_media":0,"comment_status":"closed","ping_status":"closed","sticky":false,"template":"","format":"standard","meta":[],"categories":[22],"tags":[],"_links":{"self":[{"href":"http:\/\/hoycordobaweb.com\/index.php\/wp-json\/wp\/v2\/posts\/34906"}],"collection":[{"href":"http:\/\/hoycordobaweb.com\/index.php\/wp-json\/wp\/v2\/posts"}],"about":[{"href":"http:\/\/hoycordobaweb.com\/index.php\/wp-json\/wp\/v2\/types\/post"}],"author":[{"embeddable":true,"href":"http:\/\/hoycordobaweb.com\/index.php\/wp-json\/wp\/v2\/users\/1"}],"replies":[{"embeddable":true,"href":"http:\/\/hoycordobaweb.com\/index.php\/wp-json\/wp\/v2\/comments?post=34906"}],"version-history":[{"count":0,"href":"http:\/\/hoycordobaweb.com\/index.php\/wp-json\/wp\/v2\/posts\/34906\/revisions"}],"wp:attachment":[{"href":"http:\/\/hoycordobaweb.com\/index.php\/wp-json\/wp\/v2\/media?parent=34906"}],"wp:term":[{"taxonomy":"category","embeddable":true,"href":"http:\/\/hoycordobaweb.com\/index.php\/wp-json\/wp\/v2\/categories?post=34906"},{"taxonomy":"post_tag","embeddable":true,"href":"http:\/\/hoycordobaweb.com\/index.php\/wp-json\/wp\/v2\/tags?post=34906"}],"curies":[{"name":"wp","href":"https:\/\/api.w.org\/{rel}","templated":true}]}}