{"id":34871,"date":"2021-12-27T19:50:15","date_gmt":"2021-12-27T19:50:15","guid":{"rendered":"https:\/\/www.ole.com.ar\/fuera-de-juego\/arquero-chileno-incendios-forestales_0_YhG9qrN0o.html"},"modified":"2021-12-27T19:50:15","modified_gmt":"2021-12-27T19:50:15","slug":"quien-es-el-arquero-chileno-ayudo-a-combatir-los-incendios-forestales","status":"publish","type":"post","link":"http:\/\/hoycordobaweb.com\/index.php\/2021\/12\/27\/quien-es-el-arquero-chileno-ayudo-a-combatir-los-incendios-forestales\/","title":{"rendered":"Qui\u00e9n es el arquero chileno ayud\u00f3 a combatir los incendios forestales"},"content":{"rendered":"<p><img src=\"http:\/\/hoycordobaweb.com\/wp-content\/uploads\/2021\/12\/quien-es-el-arquero-chileno-ayudo-a-combatir-los-incendios-forestales.jpg\"><\/p>\n<p>En distintas regiones de Chile se est\u00e1n dando en simult\u00e1neo incendios forestales que se han intensificado por las altas temperaturas y fuertes vientos lo que complejiza aun m\u00e1s la funci\u00f3n de los bomberos. A pesar de que en redes sociales circulan diversas campa\u00f1as para apoyar, hay un arquero de 34 a\u00f1os que sorprendi\u00f3 yendo a actuar directamente en el lugar de los hechos. <\/p>\n<div class=\"sp__SM\">\n<div class=\"content-new \">\n<span class=\"tit-mobile\">Mir\u00e1 tambi\u00e9n<\/span><\/p>\n<div class=\"mg\">\n<div class=\"wrap-figure\">\n<picture>\n<a href=\"https:\/\/www.ole.com.ar\/futbol-internacional\/america\/desafilaron-chile-deportes-melipilla-_0_vzoIO_2pQ.html\" target=\"_self\" rel=\"noopener noreferrer\"><br \/>\n<img class=\"img-responsive\" alt=\"Esc\u00e1ndalo en Chile: desafiliaron a un club por contratos en negro\" src=\"http:\/\/hoycordobaweb.com\/wp-content\/uploads\/2021\/12\/quien-es-el-arquero-chileno-ayudo-a-combatir-los-incendios-forestales-2.jpg\" loading=\"lazy\"><br \/>\n<\/a>\n<\/picture>\n<\/div>\n<\/div><\/div>\n<\/div>\n<p>Nery Veloso, que cuida los tres palos de Palestino, se sum\u00f3 a trabajar en uno de los focos de incendio en la regi\u00f3n de \u00d1uble que ha sido declarado en alerta roja por la Oficina Nacional de Emergencia. <strong>Desde el 24 de diciembre, en la comuna de Quill\u00f3n, los incendios est\u00e1n fuera de control y se han solicitado colaboraciones de distinto tipo.<\/strong><\/p>\n<div class=\"sp__Normal\">\n<div class=\"image-embeb image-trigger\" readability=\"6\">\n<picture><source media=\"(min-width: 720px)\" srcset=\"http:\/\/hoycordobaweb.com\/wp-content\/uploads\/2021\/12\/quien-es-el-arquero-chileno-ayudo-a-combatir-los-incendios-forestales-3.jpg\"><img itemprop=\"image\" src=\"http:\/\/hoycordobaweb.com\/wp-content\/uploads\/2021\/12\/quien-es-el-arquero-chileno-ayudo-a-combatir-los-incendios-forestales-3.jpg\" loading=\"lazy\" alt=\"Nery Veloso combatiendo los incendios\">\n<\/picture><figcaption readability=\"2\">\n<p>Nery Veloso combatiendo los incendios\n<\/p>\n<\/figcaption><\/div>\n<\/div>\n<p>Junto a un grupo de amigos con los que suele hacer diversos aportes a la comunidad, decidi\u00f3 dejar sus vacaciones a un lado y manejar hasta la localidad ubicada en la provincia de Diguill\u00edn. Fue all\u00ed donde en vez de ponerse los guantes para atajar, se calz\u00f3 los de protecci\u00f3n y trabaj\u00f3 combatiendo el fuego.<\/p>\n<div class=\"sp__SM\">\n<div class=\"content-new \">\n<span class=\"tit-mobile\">Mir\u00e1 tambi\u00e9n<\/span><\/p>\n<div class=\"mg\">\n<div class=\"wrap-figure\">\n<picture>\n<a href=\"https:\/\/www.ole.com.ar\/futbol-internacional\/inglaterra\/tom-holland-fan-tottenham-cuti-romero_0_U6LXNc3lM.html\" target=\"_self\" rel=\"noopener noreferrer\"><br \/>\n<img class=\"img-responsive\" alt=\"\u00bfSpiderman es fana del Cuti Romero?\" src=\"http:\/\/hoycordobaweb.com\/wp-content\/uploads\/2021\/12\/quien-es-el-arquero-chileno-ayudo-a-combatir-los-incendios-forestales-4.jpg\" loading=\"lazy\"><br \/>\n<\/a>\n<\/picture>\n<\/div>\n<\/div><\/div>\n<\/div>\n<p> <strong>\u00abEs fat\u00eddico y terrible lo que est\u00e1 pasando y uno apenas con media hora en medio del humo valora mucho el trabajo de bomberos, por eso seguiremos ayudando y batallando hasta que esto pare\u00bb, <\/strong>dijo en una entrevista con Cooperativa. Y agreg\u00f3: \u00ab<strong>Tengo mi casa ac\u00e1 y ver lo que est\u00e1 pasando da mucha tristeza, pero tengo fe que esto se va a calmar. Hoy nos dimos cuenta cuando compr\u00e1bamos elementos y vi que estaba todo lleno. La gente siempre colabora\u00bb.<\/strong><\/p>\n<p>Adem\u00e1s, el ganador de bronce con la selecci\u00f3n chilena Sub 20 en Canad\u00e1 2007,&nbsp;&nbsp;realiz\u00f3 una publicaci\u00f3n&nbsp;en Instagram en la que mostr\u00f3 c\u00f3mo distintos pastizales segu\u00edan ardiendo y se fotografi\u00f3 con amigos colaborando en el lugar. Un gesto que caus\u00f3 furor en redes sociales y m\u00e1s de uno le mostr\u00f3 su admiraci\u00f3n por la actitud.&nbsp;<\/p>\n<div class=\"entry-tags\">\n<h2>TEMAS QUE APARECEN EN ESTA NOTA<\/h2>\n<\/p><\/div>\n","protected":false},"excerpt":{"rendered":"<p>En distintas regiones de Chile se est\u00e1n dando en simult\u00e1neo incendios forestales que se han intensificado por las altas temperaturas y fuertes vientos lo que complejiza aun m\u00e1s la funci\u00f3n de los bomberos. A pesar de que en redes sociales circulan diversas campa\u00f1as para apoyar, hay un arquero de 34 a\u00f1os que sorprendi\u00f3 yendo a [&hellip;]<\/p>\n","protected":false},"author":1,"featured_media":34872,"comment_status":"open","ping_status":"closed","sticky":false,"template":"","format":"standard","meta":[],"categories":[16],"tags":[],"_links":{"self":[{"href":"http:\/\/hoycordobaweb.com\/index.php\/wp-json\/wp\/v2\/posts\/34871"}],"collection":[{"href":"http:\/\/hoycordobaweb.com\/index.php\/wp-json\/wp\/v2\/posts"}],"about":[{"href":"http:\/\/hoycordobaweb.com\/index.php\/wp-json\/wp\/v2\/types\/post"}],"author":[{"embeddable":true,"href":"http:\/\/hoycordobaweb.com\/index.php\/wp-json\/wp\/v2\/users\/1"}],"replies":[{"embeddable":true,"href":"http:\/\/hoycordobaweb.com\/index.php\/wp-json\/wp\/v2\/comments?post=34871"}],"version-history":[{"count":0,"href":"http:\/\/hoycordobaweb.com\/index.php\/wp-json\/wp\/v2\/posts\/34871\/revisions"}],"wp:featuredmedia":[{"embeddable":true,"href":"http:\/\/hoycordobaweb.com\/index.php\/wp-json\/wp\/v2\/media\/34872"}],"wp:attachment":[{"href":"http:\/\/hoycordobaweb.com\/index.php\/wp-json\/wp\/v2\/media?parent=34871"}],"wp:term":[{"taxonomy":"category","embeddable":true,"href":"http:\/\/hoycordobaweb.com\/index.php\/wp-json\/wp\/v2\/categories?post=34871"},{"taxonomy":"post_tag","embeddable":true,"href":"http:\/\/hoycordobaweb.com\/index.php\/wp-json\/wp\/v2\/tags?post=34871"}],"curies":[{"name":"wp","href":"https:\/\/api.w.org\/{rel}","templated":true}]}}