{"id":34848,"date":"2021-12-27T11:34:00","date_gmt":"2021-12-27T11:34:00","guid":{"rendered":"http:\/\/hoycordobaweb.com\/index.php\/2021\/12\/27\/ferran-torres-tiene-todo-listo-para-incorporarse-al-barcelona\/"},"modified":"2021-12-27T11:34:00","modified_gmt":"2021-12-27T11:34:00","slug":"ferran-torres-tiene-todo-listo-para-incorporarse-al-barcelona","status":"publish","type":"post","link":"http:\/\/hoycordobaweb.com\/index.php\/2021\/12\/27\/ferran-torres-tiene-todo-listo-para-incorporarse-al-barcelona\/","title":{"rendered":"Ferr\u00e1n Torres tiene todo listo para incorporarse al Barcelona"},"content":{"rendered":"<p><img src=\"http:\/\/hoycordobaweb.com\/wp-content\/uploads\/2021\/12\/ferran-torres-tiene-todo-listo-para-incorporarse-al-barcelona.jpg\"><\/p>\n<figure class=\"mb-3\"><img loading=\"lazy\" src=\"http:\/\/hoycordobaweb.com\/wp-content\/uploads\/2021\/12\/ferran-torres-tiene-todo-listo-para-incorporarse-al-barcelona-2.jpg\" width=\"100%\" height=\"100%\" alt=\"Su pase le costar a la entidad cul unos 55 millones de euros\"><figcaption> Su pase le costar\u00e1 a la entidad \u00abcul\u00e9\u00bb unos 55 millones de euros <\/figcaption><\/figure>\n<p>El delantero Ferr\u00e1n Torres se realiz\u00f3 este lunes la revisi\u00f3n m\u00e9dica en el Barcelona de Espa\u00f1a para cumplir con todos los requisitos previos para incorporase al club catal\u00e1n, y convertirse en el segundo refuerzo en este mercado de pases tras la llegada del brasile\u00f1o Dani Alves.<\/p>\n<p><strong>El atacante valenciano, de 21 a\u00f1os, llega al \u00abBar\u00e7a\u00bb desde el Manchester City, el club ingl\u00e9s al que pas\u00f3 desde el Valencia en 2020. Su pase le costar\u00e1 a la entidad \u00abcul\u00e9\u00bb unos 55 millones de euros,<\/strong> indic\u00f3 el diario catal\u00e1n Mundo Deportivo.<\/p>\n<p>Ferr\u00e1n Torres se hizo la revisi\u00f3n en el Hospital de Barcelona, y ahora se espera un anuncio del club blaugrana para confirmar el fichaje del atacante internacional, jugador del seleccionado espa\u00f1ol de f\u00fatbol. \u00abEstoy muy contento\u00bb, se\u00f1al\u00f3 el futbolista al retirarse del lugar.<\/p>\n<p>El joven delantero est\u00e1 en la parte final de su recuperaci\u00f3n tras una lesi\u00f3n que sufri\u00f3 a mediados de octubre pasado, jugando para la selecci\u00f3n de Espa\u00f1a.<\/p>\n<p>Para ponerse a punto, el futbolista se entren\u00f3 en soledad en las \u00faltimas semanas y en sus redes sociales se puede ver un video en el cual realiza una intensa actividad f\u00edsica. Sus allegados estiman que podr\u00eda reaparecer a mediados de enero.<\/p>\n<p>Una vez que los m\u00e9dicos del Barcelona den el visto bueno, el club anunciar\u00e1 su presentaci\u00f3n oficial, que se realizar\u00eda ma\u00f1ana en el Camp Nou despu\u00e9s de que Ferr\u00e1n Torres firme su nuevo contrato, que en principio ser\u00eda hasta junio de 2027. <\/p>\n","protected":false},"excerpt":{"rendered":"<p>Su pase le costar\u00e1 a la entidad \u00abcul\u00e9\u00bb unos 55 millones de euros El delantero Ferr\u00e1n Torres se realiz\u00f3 este lunes la revisi\u00f3n m\u00e9dica en el Barcelona de Espa\u00f1a para cumplir con todos los requisitos previos para incorporase al club catal\u00e1n, y convertirse en el segundo refuerzo en este mercado de pases tras la llegada [&hellip;]<\/p>\n","protected":false},"author":1,"featured_media":34849,"comment_status":"open","ping_status":"closed","sticky":false,"template":"","format":"standard","meta":[],"categories":[16],"tags":[],"_links":{"self":[{"href":"http:\/\/hoycordobaweb.com\/index.php\/wp-json\/wp\/v2\/posts\/34848"}],"collection":[{"href":"http:\/\/hoycordobaweb.com\/index.php\/wp-json\/wp\/v2\/posts"}],"about":[{"href":"http:\/\/hoycordobaweb.com\/index.php\/wp-json\/wp\/v2\/types\/post"}],"author":[{"embeddable":true,"href":"http:\/\/hoycordobaweb.com\/index.php\/wp-json\/wp\/v2\/users\/1"}],"replies":[{"embeddable":true,"href":"http:\/\/hoycordobaweb.com\/index.php\/wp-json\/wp\/v2\/comments?post=34848"}],"version-history":[{"count":0,"href":"http:\/\/hoycordobaweb.com\/index.php\/wp-json\/wp\/v2\/posts\/34848\/revisions"}],"wp:featuredmedia":[{"embeddable":true,"href":"http:\/\/hoycordobaweb.com\/index.php\/wp-json\/wp\/v2\/media\/34849"}],"wp:attachment":[{"href":"http:\/\/hoycordobaweb.com\/index.php\/wp-json\/wp\/v2\/media?parent=34848"}],"wp:term":[{"taxonomy":"category","embeddable":true,"href":"http:\/\/hoycordobaweb.com\/index.php\/wp-json\/wp\/v2\/categories?post=34848"},{"taxonomy":"post_tag","embeddable":true,"href":"http:\/\/hoycordobaweb.com\/index.php\/wp-json\/wp\/v2\/tags?post=34848"}],"curies":[{"name":"wp","href":"https:\/\/api.w.org\/{rel}","templated":true}]}}