{"id":34834,"date":"2021-12-26T17:58:50","date_gmt":"2021-12-26T17:58:50","guid":{"rendered":"https:\/\/www.ole.com.ar\/futbol-internacional\/america\/qatar-2022-mundial-seleccion-mexico_0_hXAF1zBLm.html"},"modified":"2021-12-26T17:58:50","modified_gmt":"2021-12-26T17:58:50","slug":"qatar-2022-sera-la-mejor-participacion-de-mexico-en-los-mundiales","status":"publish","type":"post","link":"http:\/\/hoycordobaweb.com\/index.php\/2021\/12\/26\/qatar-2022-sera-la-mejor-participacion-de-mexico-en-los-mundiales\/","title":{"rendered":"\u00abQatar 2022 ser\u00e1 la mejor participaci\u00f3n de M\u00e9xico en los Mundiales\u00bb"},"content":{"rendered":"<p><img src=\"http:\/\/hoycordobaweb.com\/wp-content\/uploads\/2021\/12\/qatar-2022-sera-la-mejor-participacion-de-mexico-en-los-mundiales.jpg\"><\/p>\n<p>Cada vez falta menos para el <strong><a alt=\"mundial-de-qatar-2022\" class=\"slug\" href=\"https:\/\/www.ole.com.ar\/tema\/mundial-de-qatar-2022.html\" target=\"_blank\" title=\"mundial-de-qatar-2022\" rel=\"noopener noreferrer\">Mundial de Qatar 2022<\/a><\/strong>. Si bien las elevadas temperaturas en verano en Medio Oriente obligaron a la FIFA a modificar los calendarios y adaptar el torneo al invierno del hemisferio norte, <a href=\"https:\/\/www.ole.com.ar\/mundial\/mundial-qatar-202\/mundial-qatar-2022-ole-vivo-twitch_0_Lsw9ojuAu.html\" target=\"_blank\" rel=\"noopener noreferrer\"><strong>el clima mundialista<\/strong><\/a> se empieza a sentir en varias partes del mundo. Algunos pa\u00edses ya viven el tramo final con la tranquilidad de saberse clasificados, mientras que otros sacan cuentas constantemente para asegurar su billete. Tal es el caso de la <strong><a alt=\"seleccion-de-mexico\" class=\"slug\" href=\"https:\/\/www.ole.com.ar\/tema\/seleccion-de-mexico.html\" target=\"_blank\" title=\"seleccion-de-mexico\" rel=\"noopener noreferrer\">Selecci\u00f3n de M\u00e9xico<\/a><\/strong>, <strong>cuya presencia en la cita mundialista no se encuentra asegurada dado que no est\u00e1n realizando la mejor etapa clasificatoria.<\/strong><\/p>\n<div class=\"sp__Normal\">\n<div class=\"image-embeb image-trigger\" readability=\"6\">\n<picture><source media=\"(min-width: 720px)\" srcset=\"http:\/\/hoycordobaweb.com\/wp-content\/uploads\/2021\/12\/qatar-2022-sera-la-mejor-participacion-de-mexico-en-los-mundiales-2.jpg\"><img itemprop=\"image\" src=\"http:\/\/hoycordobaweb.com\/wp-content\/uploads\/2021\/12\/qatar-2022-sera-la-mejor-participacion-de-mexico-en-los-mundiales-2.jpg\" loading=\"lazy\" alt=\"M\u00e9xico gan\u00f3 la medalla de bronce en Qatar. (EFE)\">\n<\/picture><figcaption readability=\"2\">\n<p>M\u00e9xico gan\u00f3 la medalla de bronce en Qatar. (EFE)\n<\/p>\n<\/figcaption><\/div>\n<\/div>\n<p>Superada el 60% de las Eliminatorias de la Concacaf (se disputaron ocho fechas de las 14 correspondientes al torneo), <strong>los dirigidos por <a alt=\"gerardo-martino\" class=\"slug\" href=\"https:\/\/www.ole.com.ar\/tema\/gerardo-martino.html\" target=\"_blank\" title=\"gerardo-martino\" rel=\"noopener noreferrer\">Gerardo Martino <\/a>se ubican terceros con 14 puntos<\/strong>, las mismas unidades que Panam\u00e1, que est\u00e1 cuarto en puestos de repechaje. Canad\u00e1 (16) y Estados Unidos (15) son los dos primeros conjuntos de la tabla de posiciones. Adem\u00e1s, el Tri viene de caer en sus \u00faltimas dos presentaciones frente a los l\u00edderes y dej\u00f3 una p\u00e1lida imagen sobre el terreno de juego, situaci\u00f3n que puso en jaque la continuidad del Tata.<\/p>\n<div class=\"sp__SM\">\n<div class=\"content-new \">\n<span class=\"tit-mobile\">Mir\u00e1 tambi\u00e9n<\/span><\/p>\n<div class=\"mg\">\n<div class=\"wrap-figure\">\n<picture>\n<a href=\"https:\/\/www.ole.com.ar\/fuera-de-juego\/vinicius-llanto-fanatico-paseo_0_qWJNJJ6nt.html\" target=\"_self\" rel=\"noopener noreferrer\"><br \/>\n<img class=\"img-responsive\" alt=\"Un argentino se encontr\u00f3 con Vinicius, llor\u00f3 de emoci\u00f3n y el jugador del Madrid lo invit\u00f3 a pasear\" src=\"http:\/\/hoycordobaweb.com\/wp-content\/uploads\/2021\/12\/qatar-2022-sera-la-mejor-participacion-de-mexico-en-los-mundiales-3.jpg\" loading=\"lazy\"><br \/>\n<\/a>\n<\/picture>\n<\/div>\n<\/div><\/div>\n<\/div>\n<div class=\"sp__SM\">\n<div class=\"content-new \">\n<span class=\"tit-mobile\">Mir\u00e1 tambi\u00e9n<\/span><\/p>\n<div class=\"mg\">\n<div class=\"wrap-figure\">\n<picture>\n<a href=\"https:\/\/www.ole.com.ar\/futbol-internacional\/francia\/medina-denunciado-violencia-genero_0_vbzAyna5u.html\" target=\"_self\" rel=\"noopener noreferrer\"><br \/>\n<img class=\"img-responsive\" alt=\"Francia: Facundo Medina fue denunciado por violencia de g\u00e9nero\" src=\"http:\/\/hoycordobaweb.com\/wp-content\/uploads\/2021\/12\/qatar-2022-sera-la-mejor-participacion-de-mexico-en-los-mundiales-4.jpg\" loading=\"lazy\"><br \/>\n<\/a>\n<\/picture>\n<\/div>\n<\/div><\/div>\n<\/div>\n<p> A pesar de eso, todos creen que terminar\u00e1n clasificando y que disputar\u00e1n su octava Copa del Mundo de forma consecutiva. De hecho, Jaime Lozano, director t\u00e9cnico del equipo que consigui\u00f3 la medalla de bronce en los Juegos Ol\u00edmpicos de Tokio 2021, afirm\u00f3: \u00ab<strong>Qatar 2022 ser\u00e1 la mejor participaci\u00f3n de M\u00e9xico en los Mundiales fuera de casa<\/strong>\u00ab.<\/p>\n<div class=\"sp__Normal\">\n<div class=\"image-embeb image-trigger\" readability=\"6\">\n<picture><source media=\"(min-width: 720px)\" srcset=\"http:\/\/hoycordobaweb.com\/wp-content\/uploads\/2021\/12\/qatar-2022-sera-la-mejor-participacion-de-mexico-en-los-mundiales-5.jpg\"><img itemprop=\"image\" src=\"http:\/\/hoycordobaweb.com\/wp-content\/uploads\/2021\/12\/qatar-2022-sera-la-mejor-participacion-de-mexico-en-los-mundiales-5.jpg\" loading=\"lazy\" alt=\"Funes Mori es el centro delantero suplente del equipo. (EFE)\">\n<\/picture><figcaption readability=\"2\">\n<p>Funes Mori es el centro delantero suplente del equipo. (EFE)\n<\/p>\n<\/figcaption><\/div>\n<\/div>\n<h2><strong>LA FAMOSA BARRERA DEL CUARTO PARTIDO<\/strong><\/h2>\n<p> Una de las grandes constantes de los Mundiales parece ser la eliminaci\u00f3n de M\u00e9xico en los octavos de final. Salvo las participaciones como local en 1970 y en 1986 nunca pudo alcanzar los cuartos de final y, de ese modo, meterse entre los ocho mejores del certamen. De todos modos, conf\u00edan en hacerlo en Qatar. \u00abS\u00e9 c\u00f3mo est\u00e1 la estructura y conozco lo que est\u00e1n haciendo que es fabuloso. Martino es un gran entrenador y ha hecho las cosas bastante bien. Viendo los partidos y, a veces, los entrenamientos, noto que tienen todo: es la combinaci\u00f3n perfecta de una generaci\u00f3n muy buena, que viene de un proceso importante, y de muchos jugadores que se encuentran en Europa\u00bb, expres\u00f3 Lozano en una charla con el sitio R\u00e9cord.<\/p>\n<div class=\"sp__SM\">\n<div class=\"content-new \">\n<span class=\"tit-mobile\">Mir\u00e1 tambi\u00e9n<\/span><\/p>\n<div class=\"mg\">\n<div class=\"wrap-figure\">\n<picture>\n<a href=\"https:\/\/www.ole.com.ar\/fuera-de-juego\/real-madrid-jugador-padre_0_1iIvuzBQJ.html\" target=\"_self\" rel=\"noopener noreferrer\"><br \/>\n<img class=\"img-responsive\" alt=\"La curiosa reacci\u00f3n de un jugador del Real Madrid cuando se enter\u00f3 que iba a ser padre\" src=\"http:\/\/hoycordobaweb.com\/wp-content\/uploads\/2021\/12\/qatar-2022-sera-la-mejor-participacion-de-mexico-en-los-mundiales-6.jpg\" loading=\"lazy\"><br \/>\n<\/a>\n<\/picture>\n<\/div>\n<\/div><\/div>\n<\/div>\n<p> Adem\u00e1s, agreg\u00f3: \u00ab<strong>Creo que es el momento<\/strong> [de dar el golpe para avanzar a cuartos] por la experiencia de los que estuvieron en otros Mundiales y por el hambre y la ilusi\u00f3n que traen los otros. Esos grupos son los mejores dado que se combina el manejo de los arriba y el querer comerse todo de los j\u00f3venes. Encima, tienen un gran entrenador. <strong>Todo saldr\u00e1 muy bien<\/strong>\u00ab.<\/p>\n<div class=\"sp__Normal\">\n<div class=\"image-embeb image-trigger\" readability=\"6\">\n<picture><source media=\"(min-width: 720px)\" srcset=\"http:\/\/hoycordobaweb.com\/wp-content\/uploads\/2021\/12\/qatar-2022-sera-la-mejor-participacion-de-mexico-en-los-mundiales-7.jpg\"><img itemprop=\"image\" src=\"http:\/\/hoycordobaweb.com\/wp-content\/uploads\/2021\/12\/qatar-2022-sera-la-mejor-participacion-de-mexico-en-los-mundiales-7.jpg\" loading=\"lazy\" alt=\"El Tata no puede terminar de hacer arrancar a su equipo en el aspecto futbol\u00edstico. (EFE)\">\n<\/picture><figcaption readability=\"2\">\n<p>El Tata no puede terminar de hacer arrancar a su equipo en el aspecto futbol\u00edstico. (EFE)\n<\/p>\n<\/figcaption><\/div>\n<\/div>\n<h2><strong>BUENOS N\u00daMEROS PARA EL TATA<\/strong><\/h2>\n<p> Desde la llegada de Martino al banco de suplentes, M\u00e9xico sum\u00f3 33 victorias, seis empates y siete derrotas con 104 goles a favor y 48 en contra. Los n\u00fameros parecen casi inmejorables. No obstante, recibi\u00f3 algunas cr\u00edticas por haber perdido en 2021 tanto la final de la Copa Oro y de la Concacaf Nations League contra Estados Unidos.<\/p>\n<div class=\"sp__SM\">\n<div class=\"content-new \">\n<span class=\"tit-mobile\">Mir\u00e1 tambi\u00e9n<\/span><\/p>\n<div class=\"mg\">\n<div class=\"wrap-figure\">\n<picture>\n<a href=\"https:\/\/www.ole.com.ar\/fuera-de-juego\/neymar-fiesta-fin-ano_0_PcD1WU5rk.html\" target=\"_self\" rel=\"noopener noreferrer\"><br \/>\n<img class=\"img-responsive\" alt=\"Neymar causa furor con sus lujosas fiestas de fin de a\u00f1o\" src=\"http:\/\/hoycordobaweb.com\/wp-content\/uploads\/2021\/12\/qatar-2022-sera-la-mejor-participacion-de-mexico-en-los-mundiales-8.jpg\" loading=\"lazy\"><br \/>\n<\/a>\n<\/picture>\n<\/div>\n<\/div><\/div>\n<\/div>\n<div class=\"sp__SM\">\n<div class=\"content-new \">\n<span class=\"tit-mobile\">Mir\u00e1 tambi\u00e9n<\/span><\/p>\n<div class=\"mg\">\n<div class=\"wrap-figure\">\n<picture>\n<a href=\"https:\/\/www.ole.com.ar\/futbol-internacional\/preocupacion-hazard-seleccion-belgica_0_pkoyL_Btj.html\" target=\"_self\" rel=\"noopener noreferrer\"><br \/>\n<img class=\"img-responsive\" alt=\"La gran preocupaci\u00f3n del entrenador de B\u00e9lgica sobre el presente de Hazard\" src=\"http:\/\/hoycordobaweb.com\/wp-content\/uploads\/2021\/12\/qatar-2022-sera-la-mejor-participacion-de-mexico-en-los-mundiales-9.jpg\" loading=\"lazy\"><br \/>\n<\/a>\n<\/picture>\n<\/div>\n<\/div><\/div>\n<\/div>\n<div class=\"entry-tags\">\n<h2>TEMAS QUE APARECEN EN ESTA NOTA<\/h2>\n<\/p><\/div>\n","protected":false},"excerpt":{"rendered":"<p>Cada vez falta menos para el Mundial de Qatar 2022. Si bien las elevadas temperaturas en verano en Medio Oriente obligaron a la FIFA a modificar los calendarios y adaptar el torneo al invierno del hemisferio norte, el clima mundialista se empieza a sentir en varias partes del mundo. Algunos pa\u00edses ya viven el tramo [&hellip;]<\/p>\n","protected":false},"author":1,"featured_media":34835,"comment_status":"open","ping_status":"closed","sticky":false,"template":"","format":"standard","meta":[],"categories":[16],"tags":[],"_links":{"self":[{"href":"http:\/\/hoycordobaweb.com\/index.php\/wp-json\/wp\/v2\/posts\/34834"}],"collection":[{"href":"http:\/\/hoycordobaweb.com\/index.php\/wp-json\/wp\/v2\/posts"}],"about":[{"href":"http:\/\/hoycordobaweb.com\/index.php\/wp-json\/wp\/v2\/types\/post"}],"author":[{"embeddable":true,"href":"http:\/\/hoycordobaweb.com\/index.php\/wp-json\/wp\/v2\/users\/1"}],"replies":[{"embeddable":true,"href":"http:\/\/hoycordobaweb.com\/index.php\/wp-json\/wp\/v2\/comments?post=34834"}],"version-history":[{"count":0,"href":"http:\/\/hoycordobaweb.com\/index.php\/wp-json\/wp\/v2\/posts\/34834\/revisions"}],"wp:featuredmedia":[{"embeddable":true,"href":"http:\/\/hoycordobaweb.com\/index.php\/wp-json\/wp\/v2\/media\/34835"}],"wp:attachment":[{"href":"http:\/\/hoycordobaweb.com\/index.php\/wp-json\/wp\/v2\/media?parent=34834"}],"wp:term":[{"taxonomy":"category","embeddable":true,"href":"http:\/\/hoycordobaweb.com\/index.php\/wp-json\/wp\/v2\/categories?post=34834"},{"taxonomy":"post_tag","embeddable":true,"href":"http:\/\/hoycordobaweb.com\/index.php\/wp-json\/wp\/v2\/tags?post=34834"}],"curies":[{"name":"wp","href":"https:\/\/api.w.org\/{rel}","templated":true}]}}