{"id":34820,"date":"2021-12-21T22:40:32","date_gmt":"2021-12-21T22:40:32","guid":{"rendered":"http:\/\/ladecimaweb.com\/?p=12227"},"modified":"2021-12-21T22:40:32","modified_gmt":"2021-12-21T22:40:32","slug":"este-miercoles-se-acredita-el-bono-de-8-000-a-beneficiarios-de-la-tarjeta-social","status":"publish","type":"post","link":"http:\/\/hoycordobaweb.com\/index.php\/2021\/12\/21\/este-miercoles-se-acredita-el-bono-de-8-000-a-beneficiarios-de-la-tarjeta-social\/","title":{"rendered":"Este mi\u00e9rcoles se acredita el bono de $ 8.000 a beneficiarios de la Tarjeta Social"},"content":{"rendered":"<p><em>(Prensa de gobierno)<\/em> Este mi\u00e9rcoles 22 de diciembre<strong>\u00a0se acreditar\u00e1 el Bono Navide\u00f1o a los beneficiarios de la Tarjeta Social.<br \/>\n<\/strong><br \/>\nSe trata del\u00a0<strong>pago por \u00fanica vez y de car\u00e1cter excepcional de 8.000 pesos<\/strong>, que se sumar\u00e1 a los 2.000 que perciben los beneficiarios de manera mensual.<\/p>\n<p>El martes pasado el\u00a0<strong>gobernador Juan Schiaretti, junto a los ministros de Desarrollo Social, Carlos Massei, y de Coordinaci\u00f3n, Silvina Rivero<\/strong>, anunciaron este aporte destinado a<strong>\u00a045.316 familias cordobesas, unas 200 mil personas<\/strong>\u00a0que actualmente est\u00e1n bajo el programa que depende de la Provincia.<\/p>\n<p><strong>Los destinatarios tienen un lapso de 30 d\u00edas desde la fecha de acreditaci\u00f3n para agotar el saldo.\u00a0<\/strong><\/p>\n<p>Vale recordar que el monto habitual ya se deposit\u00f3 la semana pasada bajo el siguiente cronograma: el\u00a0<strong>mi\u00e9rcoles 15 de diciembre cobraron\u00a0<\/strong>las personas mayores, mientras que\u00a0<strong>el jueves 16 fue el turno de los beneficiarios de la Capital, y el viernes 17 los del interior provincial.<\/strong><\/p>\n<p><strong>Tarjeta Social<\/strong><\/p>\n<p>Tarjeta Social es un programa del Gobierno de C\u00f3rdoba que permite comprar alimentos para cubrir necesidades b\u00e1sicas a las familias cordobesas que se encuentran por debajo de la l\u00ednea de indigencia.<\/p>\n<p>Con esta asistencia econ\u00f3mica, los beneficiarios pueden adquirir los alimentos en comercios adheridos que dispongan de sistema de posnet o pago electr\u00f3nico ligado a Bancor.<\/p>\n<div class=\"ubm_banner\"><a href=\"https:\/\/www.cordobaturismo.gov.ar\/\" target=\"_blank\" rel=\"dofollow noopener noreferrer\"><img src=\"http:\/\/hoycordobaweb.com\/wp-content\/uploads\/2021\/12\/este-miercoles-se-acredita-el-bono-de-8-000-a-beneficiarios-de-la-tarjeta-social.gif\" alt=\"\"><\/a><\/div>\n<p>La entrada <a rel=\"nofollow\" href=\"https:\/\/ladecimaweb.com\/este-miercoles-se-acredita-el-bono-de-8-000-a-beneficiarios-de-la-tarjeta-social\/\">Este mi\u00e9rcoles se acredita el bono de $ 8.000 a beneficiarios de la Tarjeta Social<\/a> se public\u00f3 primero en <a rel=\"nofollow\" href=\"https:\/\/ladecimaweb.com\">LaDecima<\/a>.<\/p>\n","protected":false},"excerpt":{"rendered":"<p>(Prensa de gobierno) Este mi\u00e9rcoles 22 de diciembre\u00a0se acreditar\u00e1 el Bono Navide\u00f1o a los beneficiarios de la Tarjeta Social. Se trata del\u00a0pago por \u00fanica vez y de car\u00e1cter excepcional de 8.000 pesos, que se sumar\u00e1 a los 2.000 que perciben los beneficiarios de manera mensual. El martes pasado el\u00a0gobernador Juan Schiaretti, junto a los ministros [&hellip;]<\/p>\n","protected":false},"author":1,"featured_media":34821,"comment_status":"closed","ping_status":"closed","sticky":false,"template":"","format":"standard","meta":[],"categories":[19],"tags":[],"_links":{"self":[{"href":"http:\/\/hoycordobaweb.com\/index.php\/wp-json\/wp\/v2\/posts\/34820"}],"collection":[{"href":"http:\/\/hoycordobaweb.com\/index.php\/wp-json\/wp\/v2\/posts"}],"about":[{"href":"http:\/\/hoycordobaweb.com\/index.php\/wp-json\/wp\/v2\/types\/post"}],"author":[{"embeddable":true,"href":"http:\/\/hoycordobaweb.com\/index.php\/wp-json\/wp\/v2\/users\/1"}],"replies":[{"embeddable":true,"href":"http:\/\/hoycordobaweb.com\/index.php\/wp-json\/wp\/v2\/comments?post=34820"}],"version-history":[{"count":0,"href":"http:\/\/hoycordobaweb.com\/index.php\/wp-json\/wp\/v2\/posts\/34820\/revisions"}],"wp:featuredmedia":[{"embeddable":true,"href":"http:\/\/hoycordobaweb.com\/index.php\/wp-json\/wp\/v2\/media\/34821"}],"wp:attachment":[{"href":"http:\/\/hoycordobaweb.com\/index.php\/wp-json\/wp\/v2\/media?parent=34820"}],"wp:term":[{"taxonomy":"category","embeddable":true,"href":"http:\/\/hoycordobaweb.com\/index.php\/wp-json\/wp\/v2\/categories?post=34820"},{"taxonomy":"post_tag","embeddable":true,"href":"http:\/\/hoycordobaweb.com\/index.php\/wp-json\/wp\/v2\/tags?post=34820"}],"curies":[{"name":"wp","href":"https:\/\/api.w.org\/{rel}","templated":true}]}}