{"id":34818,"date":"2021-12-26T16:59:00","date_gmt":"2021-12-26T16:59:00","guid":{"rendered":"http:\/\/hoycordobaweb.com\/index.php\/2021\/12\/26\/israel-aprobo-un-plan-para-duplicar-el-numero-de-colonos-en-los-altos-del-golan-sirios\/"},"modified":"2021-12-26T16:59:00","modified_gmt":"2021-12-26T16:59:00","slug":"israel-aprobo-un-plan-para-duplicar-el-numero-de-colonos-en-los-altos-del-golan-sirios","status":"publish","type":"post","link":"http:\/\/hoycordobaweb.com\/index.php\/2021\/12\/26\/israel-aprobo-un-plan-para-duplicar-el-numero-de-colonos-en-los-altos-del-golan-sirios\/","title":{"rendered":"Israel aprob\u00f3 un plan para duplicar el n\u00famero de colonos en los Altos del Gol\u00e1n sirios"},"content":{"rendered":"<p><img src=\"http:\/\/hoycordobaweb.com\/wp-content\/uploads\/2021\/12\/israel-aprobo-un-plan-para-duplicar-el-numero-de-colonos-en-los-altos-del-golan-sirios.jpg\"><\/p>\n<figure class=\"mb-3\"><img loading=\"lazy\" src=\"http:\/\/hoycordobaweb.com\/wp-content\/uploads\/2021\/12\/israel-aprobo-un-plan-para-duplicar-el-numero-de-colonos-en-los-altos-del-golan-sirios-2.jpg\" width=\"100%\" height=\"100%\" alt=\"Nuestro objetivo es doblar la poblacin del Goln dijo el primer ministro israel Naftali Bennett Foto AFP\"><figcaption> \u00abNuestro objetivo es doblar la poblaci\u00f3n del Gol\u00e1n\u00bb, dijo el primer ministro israel\u00ed, Naftali Bennett. (Foto AFP) <\/figcaption><\/figure>\n<p>Israel aprob\u00f3 un plan para duplicar la cantidad de habitantes en los asentamientos jud\u00edos en los Altos del Gol\u00e1n, como parte de un proyecto de m\u00e1s de 300 millones de d\u00f3lares, 40 a\u00f1os despu\u00e9s de la anexi\u00f3n de este territorio sirio.<\/p>\n<p>El primer ministro israel\u00ed, <strong>Naftali Bennett<\/strong>, que celebr\u00f3 este domingo, al inicio de la semana laboral en el pa\u00eds, la reuni\u00f3n de su gabinete en la comunidad de Mevo Hama, en el Gol\u00e1n, dijo que era \u00abmomento\u00bb para reforzar la presencia de jud\u00edos israel\u00edes en este territorio.<\/p>\n<p>\u00abNuestro objetivo es doblar la poblaci\u00f3n del Gol\u00e1n\u00bb, afirm\u00f3 el dirigente de derecha al presentar un <strong>programa de viviendas, transportes, turismo y asistencia m\u00e9dica<\/strong> de la zona, por un valor de 317 millones de d\u00f3lares, inform\u00f3 la agencia de noticias AFP.<\/p>\n<p>Bennett tuvo que dejar la reuni\u00f3n despu\u00e9s de que su hija diera positivo por coronavirus, por lo que se aisl\u00f3, pero tras una pausa, su gabinete vot\u00f3 el plan que prev\u00e9 la construcci\u00f3n de <strong>7.300 nuevas casas para los colonos en la zona en un plazo de cinco a\u00f1os<\/strong>.<\/p>\n<p>Unos 25.000 colonos israel\u00edes viven en los Altos del Gol\u00e1n, junto a unos 23.000 drusos &#8211; un grupo etnorreligioso monote\u00edsta de lengua \u00e1rabe- que se mantuvieron en sus tierras despu\u00e9s de la toma del Gol\u00e1n por Israel durante la Guerra de los Seis D\u00edas, en 1967.<\/p>\n<p>Israel <strong>anexion\u00f3 el territorio finalmente el 14 de diciembre de 1981, pero la mayor parte de la comunidad internacional rechaza<\/strong> este hecho.<\/p>\n<p>El Gobierno del expresidente de Estados Unidos <a href=\"https:\/\/www.telam.com.ar\/notas\/201903\/343860-trump-reconocio-la-soberania-israeli-en-altos-del-golan.html\" target=\"_blank\" rel=\"noopener noreferrer\">Donald Trump reconoci\u00f3 en 2019 la anexi\u00f3n israel\u00ed de los Altos del Gol\u00e1n<\/a>, en otra de las <a href=\"https:\/\/www.telam.com.ar\/notas\/202102\/544491-altos-del-golan-poncio-pilatos-estados-unidos.html\" target=\"_blank\" rel=\"noopener noreferrer\">pol\u00e9micas decisiones de su gesti\u00f3n en materia de pol\u00edtica exterior<\/a>.<\/p>\n<p>El s\u00e1bado, al anunciar su viaje a la zona y aferrado al reconocimiento de Trump, el premier Bennett dijo: \u00abSobra decir que los <a href=\"https:\/\/www.telam.com.ar\/notas\/201903\/344247-estados-unidos-defiende-israel-altos-golan.html\" target=\"_blank\" rel=\"noopener noreferrer\">Altos del Gol\u00e1n son israel\u00edes<\/a>\u00ab.<\/p>\n<p>Al mismo tiempo, se\u00f1al\u00f3 como \u00abimportante\u00bb el hecho de que la gesti\u00f3n de Joe Biden haya \u00abdejado claro que no hay cambio de pol\u00edtica\u00bb.<\/p>\n<p>Poco despu\u00e9s de la llegada de Biden a la Casa Blanca, el actual secretario de Estado estadounidense, <a href=\"https:\/\/www.telam.com.ar\/notas\/202102\/544035-eeuu-apoya-la-ocupacion-israeli-en-el-territorio-sirio-pero-no-su-legalidad.html\" target=\"_blank\" rel=\"noopener noreferrer\">Antony Blinken, habl\u00f3 de los problemas legales que podr\u00eda tener la afirmaci\u00f3n de Trump<\/a>, en lo que Siria ve una \u00abflagrante violaci\u00f3n de su soberan\u00eda\u00bb.<\/p>\n<p>Sin embargo, Blinken asegur\u00f3 que no hab\u00eda planes para volver atr\u00e1s, sobre todo con la guerra civil siria en curso.<\/p>\n<p>Israel y Siria, que siguen t\u00e9cnicamente en guerra, est\u00e1n separados por una frontera de facto en los Altos del Gol\u00e1n. <\/p>\n","protected":false},"excerpt":{"rendered":"<p>\u00abNuestro objetivo es doblar la poblaci\u00f3n del Gol\u00e1n\u00bb, dijo el primer ministro israel\u00ed, Naftali Bennett. (Foto AFP) Israel aprob\u00f3 un plan para duplicar la cantidad de habitantes en los asentamientos jud\u00edos en los Altos del Gol\u00e1n, como parte de un proyecto de m\u00e1s de 300 millones de d\u00f3lares, 40 a\u00f1os despu\u00e9s de la anexi\u00f3n de [&hellip;]<\/p>\n","protected":false},"author":1,"featured_media":34819,"comment_status":"open","ping_status":"closed","sticky":false,"template":"","format":"standard","meta":[],"categories":[24],"tags":[],"_links":{"self":[{"href":"http:\/\/hoycordobaweb.com\/index.php\/wp-json\/wp\/v2\/posts\/34818"}],"collection":[{"href":"http:\/\/hoycordobaweb.com\/index.php\/wp-json\/wp\/v2\/posts"}],"about":[{"href":"http:\/\/hoycordobaweb.com\/index.php\/wp-json\/wp\/v2\/types\/post"}],"author":[{"embeddable":true,"href":"http:\/\/hoycordobaweb.com\/index.php\/wp-json\/wp\/v2\/users\/1"}],"replies":[{"embeddable":true,"href":"http:\/\/hoycordobaweb.com\/index.php\/wp-json\/wp\/v2\/comments?post=34818"}],"version-history":[{"count":0,"href":"http:\/\/hoycordobaweb.com\/index.php\/wp-json\/wp\/v2\/posts\/34818\/revisions"}],"wp:featuredmedia":[{"embeddable":true,"href":"http:\/\/hoycordobaweb.com\/index.php\/wp-json\/wp\/v2\/media\/34819"}],"wp:attachment":[{"href":"http:\/\/hoycordobaweb.com\/index.php\/wp-json\/wp\/v2\/media?parent=34818"}],"wp:term":[{"taxonomy":"category","embeddable":true,"href":"http:\/\/hoycordobaweb.com\/index.php\/wp-json\/wp\/v2\/categories?post=34818"},{"taxonomy":"post_tag","embeddable":true,"href":"http:\/\/hoycordobaweb.com\/index.php\/wp-json\/wp\/v2\/tags?post=34818"}],"curies":[{"name":"wp","href":"https:\/\/api.w.org\/{rel}","templated":true}]}}