{"id":34802,"date":"2021-12-25T19:50:00","date_gmt":"2021-12-25T19:50:00","guid":{"rendered":"http:\/\/hoycordobaweb.com\/index.php\/2021\/12\/25\/para-defender-el-interes-de-los-argentinos-debemos-profundizar-la-vision-comun\/"},"modified":"2021-12-25T19:50:00","modified_gmt":"2021-12-25T19:50:00","slug":"para-defender-el-interes-de-los-argentinos-debemos-profundizar-la-vision-comun","status":"publish","type":"post","link":"http:\/\/hoycordobaweb.com\/index.php\/2021\/12\/25\/para-defender-el-interes-de-los-argentinos-debemos-profundizar-la-vision-comun\/","title":{"rendered":"\u00abPara defender el inter\u00e9s de los argentinos, debemos profundizar la visi\u00f3n com\u00fan\u00bb"},"content":{"rendered":"<p><img src=\"http:\/\/hoycordobaweb.com\/wp-content\/uploads\/2021\/12\/para-defender-el-interes-de-los-argentinos-debemos-profundizar-la-vision-comun.jpg\"><\/p>\n<div><img src=\"http:\/\/hoycordobaweb.com\/wp-content\/uploads\/2021\/12\/para-defender-el-interes-de-los-argentinos-debemos-profundizar-la-vision-comun-2.jpg\" class=\"ff-og-image-inserted\"><\/div>\n<p>El ministro de Agricultura, Ganader\u00eda y Pesca de la Naci\u00f3n, Juli\u00e1n Dom\u00ednguez, asegur\u00f3 en la localidad bonaerense de 9 de Julio que \u00abpara defender el inter\u00e9s de los argentinos, debemos profundizar la visi\u00f3n com\u00fan sobre el futuro\u00bb.<\/p>\n<p>As\u00ed lo expres\u00f3 el titular de la cartera agropecuaria durante una reuni\u00f3n con los directivos de la empresa familiar L\u00e1cteos Aurora que sufri\u00f3 un incendio en dos naves de la planta en noviembre pasado.<\/p>\n<p>Adem\u00e1s, formaliz\u00f3 la entrega de asistencia financiera por $30 millones a la compa\u00f1\u00eda -que ya retom\u00f3 parte de sus operaciones-, que permitir\u00e1 resguardar los empleos y continuar el proceso de reconstrucci\u00f3n.<\/p>\n<p>Tras recorrer las instalaciones, Dom\u00ednguez destac\u00f3 que el presidente Alberto Fern\u00e1ndez le encomend\u00f3 \u00abestar cerca de nuestros productores, de todos aquellos que invierten y agregan valor y en especial de nuestros trabajadores\u00bb.<\/p>\n<p>\u00abEstamos trabajando para que tengamos m\u00e1s empleo, m\u00e1s producci\u00f3n, con interacci\u00f3n p\u00fablico privada\u00bb, manifest\u00f3 el titular de la cartera agropecuaria, quien remarc\u00f3 que \u00abpara defender el inter\u00e9s de los argentinos, debemos profundizar la visi\u00f3n com\u00fan sobre el futuro; rescatar lo mejor de nosotros; construir un proyecto com\u00fan\u00bb.<\/p>\n<p>En ese sentido, remarc\u00f3 que \u00abL\u00e1cteos Aurora, sus directivos y sus trabajadores (..) son un testimonio de esperanza porque cuando entramos ac\u00e1 no ve\u00edamos s\u00f3lo lo que hab\u00eda pasado que fue una cat\u00e1strofe, sino que ya estaban todos tirando juntos para lo que ven\u00eda\u00bb.<\/p>\n<p>\u00abAs\u00ed tenemos que encarar los desaf\u00edos que tenemos como pa\u00eds; esta es la Argentina que todos queremos, que tiremos todos para adelante\u00bb, a\u00f1adi\u00f3, y afirm\u00f3 que \u00abeste testimonio de vida habla tambi\u00e9n de la capacidad que tienen los productores, empresarios y trabajadores argentinos\u00bb<\/p>\n<p>Por su parte, la directiva de la empresa familiar, Paola Toledo, asegur\u00f3: \u00abDecidimos no bajar los brazos, volver a producir; gracias al apoyo del Ministerio a cargo de Juli\u00e1n Dom\u00ednguez, hemos logrado estar nuevamente de pie\u00bb.<\/p>\n<p>\u00abParec\u00eda que iba a ser imposible ponerse de pie nuevamente y, sin embargo, ac\u00e1 estamos. Gracias por creer en nosotros\u00bb, complet\u00f3.<\/p>\n<p>Seg\u00fan la Direcci\u00f3n Nacional de Lecher\u00eda, en 2021 -y por segundo a\u00f1o consecutivo- crecer\u00e1 la producci\u00f3n nacional en el sector l\u00e1cteo.<\/p>\n<p>De acuerdo a las estimaciones, se ubicar\u00e1 en torno a los 11.500 millones de litros de leche producidos, con un crecimiento de al menos 4% y que profundizar\u00e1 la fuerte recuperaci\u00f3n de la actividad que se registr\u00f3 el a\u00f1o anterior.<\/p>\n<p>A su vez, en consumo interno y exportaciones tambi\u00e9n se consolidaron los datos positivos de 2020; en ese sentido, el consumo per c\u00e1pita cerrar\u00e1 el a\u00f1o en torno a los 187 litros, cuando en 2019 se ubic\u00f3 en 182 litros.<\/p>\n<p>En el caso de las exportaciones del sector l\u00e1cteo alcanzar\u00e1n los 3.000 millones de litros y superar\u00edan los US$ 1.300 millones.<\/p>\n","protected":false},"excerpt":{"rendered":"<p>El ministro de Agricultura, Ganader\u00eda y Pesca de la Naci\u00f3n, Juli\u00e1n Dom\u00ednguez, asegur\u00f3 en la localidad bonaerense de 9 de Julio que \u00abpara defender el inter\u00e9s de los argentinos, debemos profundizar la visi\u00f3n com\u00fan sobre el futuro\u00bb. As\u00ed lo expres\u00f3 el titular de la cartera agropecuaria durante una reuni\u00f3n con los directivos de la empresa [&hellip;]<\/p>\n","protected":false},"author":1,"featured_media":34803,"comment_status":"open","ping_status":"closed","sticky":false,"template":"","format":"standard","meta":[],"categories":[19],"tags":[],"_links":{"self":[{"href":"http:\/\/hoycordobaweb.com\/index.php\/wp-json\/wp\/v2\/posts\/34802"}],"collection":[{"href":"http:\/\/hoycordobaweb.com\/index.php\/wp-json\/wp\/v2\/posts"}],"about":[{"href":"http:\/\/hoycordobaweb.com\/index.php\/wp-json\/wp\/v2\/types\/post"}],"author":[{"embeddable":true,"href":"http:\/\/hoycordobaweb.com\/index.php\/wp-json\/wp\/v2\/users\/1"}],"replies":[{"embeddable":true,"href":"http:\/\/hoycordobaweb.com\/index.php\/wp-json\/wp\/v2\/comments?post=34802"}],"version-history":[{"count":0,"href":"http:\/\/hoycordobaweb.com\/index.php\/wp-json\/wp\/v2\/posts\/34802\/revisions"}],"wp:featuredmedia":[{"embeddable":true,"href":"http:\/\/hoycordobaweb.com\/index.php\/wp-json\/wp\/v2\/media\/34803"}],"wp:attachment":[{"href":"http:\/\/hoycordobaweb.com\/index.php\/wp-json\/wp\/v2\/media?parent=34802"}],"wp:term":[{"taxonomy":"category","embeddable":true,"href":"http:\/\/hoycordobaweb.com\/index.php\/wp-json\/wp\/v2\/categories?post=34802"},{"taxonomy":"post_tag","embeddable":true,"href":"http:\/\/hoycordobaweb.com\/index.php\/wp-json\/wp\/v2\/tags?post=34802"}],"curies":[{"name":"wp","href":"https:\/\/api.w.org\/{rel}","templated":true}]}}