{"id":34776,"date":"2021-12-22T20:47:45","date_gmt":"2021-12-22T20:47:45","guid":{"rendered":"http:\/\/ladecimaweb.com\/?p=12247"},"modified":"2021-12-22T20:47:45","modified_gmt":"2021-12-22T20:47:45","slug":"tendran-prorroga-las-licencias-de-conducir-que-vencen-entre-el-20-de-diciembre-y-el-14-de-marzo","status":"publish","type":"post","link":"http:\/\/hoycordobaweb.com\/index.php\/2021\/12\/22\/tendran-prorroga-las-licencias-de-conducir-que-vencen-entre-el-20-de-diciembre-y-el-14-de-marzo\/","title":{"rendered":"Tendr\u00e1n pr\u00f3rroga las licencias de conducir que vencen entre el 20 de diciembre y el 14 de marzo"},"content":{"rendered":"<p>La Secretar\u00eda de Movilidad Urbana informa la pr\u00f3rroga hasta el 15 de marzo de 2022 de las licencias de conducir Categor\u00eda Particular cuyos vencimientos operan entre el d\u00eda 20 de diciembre 2021 y el 14 de marzo 2022.<\/p>\n<p>La medida fue dispuesta ante el actual contexto sanitario impuesto por el incremento de casos de Covid-19.<\/p>\n<div class=\"ubm_banner\"><a href=\"https:\/\/www.cordobaturismo.gov.ar\/\" target=\"_blank\" rel=\"dofollow noopener noreferrer\"><img src=\"http:\/\/hoycordobaweb.com\/wp-content\/uploads\/2021\/12\/tendran-prorroga-las-licencias-de-conducir-que-vencen-entre-el-20-de-diciembre-y-el-14-de-marzo.gif\" alt=\"\"><\/a><\/div>\n<p>La entrada <a rel=\"nofollow\" href=\"https:\/\/ladecimaweb.com\/tendran-prorroga-las-licencias-de-conducir-que-vencen-entre-el-20-de-diciembre-y-el-14-de-marzo\/\">Tendr\u00e1n pr\u00f3rroga las licencias de conducir que vencen entre el 20 de diciembre y el 14 de marzo<\/a> se public\u00f3 primero en <a rel=\"nofollow\" href=\"https:\/\/ladecimaweb.com\">LaDecima<\/a>.<\/p>\n","protected":false},"excerpt":{"rendered":"<p>La Secretar\u00eda de Movilidad Urbana informa la pr\u00f3rroga hasta el 15 de marzo de 2022 de las licencias de conducir Categor\u00eda Particular cuyos vencimientos operan entre el d\u00eda 20 de diciembre 2021 y el 14 de marzo 2022. La medida fue dispuesta ante el actual contexto sanitario impuesto por el incremento de casos de Covid-19. [&hellip;]<\/p>\n","protected":false},"author":1,"featured_media":34777,"comment_status":"closed","ping_status":"closed","sticky":false,"template":"","format":"standard","meta":[],"categories":[19],"tags":[],"_links":{"self":[{"href":"http:\/\/hoycordobaweb.com\/index.php\/wp-json\/wp\/v2\/posts\/34776"}],"collection":[{"href":"http:\/\/hoycordobaweb.com\/index.php\/wp-json\/wp\/v2\/posts"}],"about":[{"href":"http:\/\/hoycordobaweb.com\/index.php\/wp-json\/wp\/v2\/types\/post"}],"author":[{"embeddable":true,"href":"http:\/\/hoycordobaweb.com\/index.php\/wp-json\/wp\/v2\/users\/1"}],"replies":[{"embeddable":true,"href":"http:\/\/hoycordobaweb.com\/index.php\/wp-json\/wp\/v2\/comments?post=34776"}],"version-history":[{"count":0,"href":"http:\/\/hoycordobaweb.com\/index.php\/wp-json\/wp\/v2\/posts\/34776\/revisions"}],"wp:featuredmedia":[{"embeddable":true,"href":"http:\/\/hoycordobaweb.com\/index.php\/wp-json\/wp\/v2\/media\/34777"}],"wp:attachment":[{"href":"http:\/\/hoycordobaweb.com\/index.php\/wp-json\/wp\/v2\/media?parent=34776"}],"wp:term":[{"taxonomy":"category","embeddable":true,"href":"http:\/\/hoycordobaweb.com\/index.php\/wp-json\/wp\/v2\/categories?post=34776"},{"taxonomy":"post_tag","embeddable":true,"href":"http:\/\/hoycordobaweb.com\/index.php\/wp-json\/wp\/v2\/tags?post=34776"}],"curies":[{"name":"wp","href":"https:\/\/api.w.org\/{rel}","templated":true}]}}