{"id":34692,"date":"2021-12-23T18:44:52","date_gmt":"2021-12-23T18:44:52","guid":{"rendered":"https:\/\/www.ole.com.ar\/futbol-internacional\/america\/gianluigi-buffon-liga-mx-mls-parma-juve_0_q2lOad8Z7.html"},"modified":"2021-12-23T18:44:52","modified_gmt":"2021-12-23T18:44:52","slug":"sorpresa-buffon-confeso-que-le-gustaria-atajar-en-la-liga-mx-o-la-mls","status":"publish","type":"post","link":"http:\/\/hoycordobaweb.com\/index.php\/2021\/12\/23\/sorpresa-buffon-confeso-que-le-gustaria-atajar-en-la-liga-mx-o-la-mls\/","title":{"rendered":"Sorpresa: Buffon confes\u00f3 que le gustar\u00eda atajar en la Liga MX o la MLS"},"content":{"rendered":"<p><img src=\"http:\/\/hoycordobaweb.com\/wp-content\/uploads\/2021\/12\/sorpresa-buffon-confeso-que-le-gustaria-atajar-en-la-liga-mx-o-la-mls.jpg\"><\/p>\n<p><strong><a alt=\"gianluigi-buffon\" class=\"slug\" href=\"https:\/\/www.ole.com.ar\/tema\/gianluigi-buffon.html\" target=\"_blank\" title=\"gianluigi-buffon\" rel=\"noopener noreferrer\">Gianluigi Buffon<\/a> es una leyenda en actividad del f\u00fatbol. <\/strong>El arquero italiano, a sus 43 a\u00f1os de edad, se mantiene vigente e intentando volver a la <a alt=\"serie-a\" class=\"slug\" href=\"https:\/\/www.ole.com.ar\/tema\/serie-a.html\" target=\"_blank\" title=\"serie-a\" rel=\"noopener noreferrer\">Serie A<\/a> con el <a alt=\"parma\" class=\"slug\" href=\"https:\/\/www.ole.com.ar\/tema\/parma.html\" target=\"_blank\" title=\"parma\" rel=\"noopener noreferrer\">Parma<\/a>, equipo en el que hizo su debut como profesional -en 1995- y al que retorn\u00f3 para llevarlo nuevamente a la Primera Divisi\u00f3n de Italia. <strong>Con ese objetivo en mente, el ex <a alt=\"juventus\" class=\"slug\" href=\"https:\/\/www.ole.com.ar\/tema\/juventus.html\" target=\"_blank\" title=\"juventus\" rel=\"noopener noreferrer\">Juventus<\/a> no deja de pensar en su futuro&#8230;<\/strong><\/p>\n<div class=\"sp__SM\">\n<div class=\"content-new \">\n<span class=\"tit-mobile\">Mir\u00e1 tambi\u00e9n<\/span><\/p>\n<div class=\"mg\">\n<div class=\"wrap-figure\">\n<picture>\n<a href=\"https:\/\/www.ole.com.ar\/futbol-internacional\/america\/luis-suarez-mls-inter-miami-beckham_0_rhxEI3S3l.html\" target=\"_self\" rel=\"noopener noreferrer\"><br \/>\n<img class=\"img-responsive\" alt=\"La estrella mundial que Beckham quiere llevarse a la MLS\" src=\"http:\/\/hoycordobaweb.com\/wp-content\/uploads\/2021\/12\/sorpresa-buffon-confeso-que-le-gustaria-atajar-en-la-liga-mx-o-la-mls-2.jpg\" loading=\"lazy\"><br \/>\n<\/a>\n<\/picture>\n<\/div>\n<\/div><\/div>\n<\/div>\n<h2><strong>BUFFON Y SUS GANAS DE ATAJAR EN NORTEAM\u00c9RICA<\/strong><\/h2>\n<p>En las \u00faltimas horas, durante una charla con Hristo Stoichkov a trav\u00e9s de TUDN, <strong>Gigi admiti\u00f3 sus ganas de tener un paso por el f\u00fatbol norteamericano, en la Liga MX (M\u00e9xico) o la Major League Soccer (Estados Unidos),<\/strong> campeonatos que en los \u00faltimos a\u00f1os fueron incorporando&nbsp;estrellas mundiales. En caso de concretarse, la llegada de Buffon representar\u00eda una importante refuerzo para cualquiera de los clubes que conforman uno u otro torneo.<\/p>\n<div class=\"sp__Normal\">\n<div class=\"image-embeb image-trigger\" readability=\"7\">\n<picture><source media=\"(min-width: 720px)\" srcset=\"http:\/\/hoycordobaweb.com\/wp-content\/uploads\/2021\/12\/sorpresa-buffon-confeso-que-le-gustaria-atajar-en-la-liga-mx-o-la-mls-3.jpg\"><img itemprop=\"image\" src=\"http:\/\/hoycordobaweb.com\/wp-content\/uploads\/2021\/12\/sorpresa-buffon-confeso-que-le-gustaria-atajar-en-la-liga-mx-o-la-mls-3.jpg\" loading=\"lazy\" alt=\"Buffon confes\u00f3 que, a futuro, tiene en mente la idea de atajar en Norteam\u00e9rica.\">\n<\/picture><figcaption readability=\"4\">\n<p>Buffon confes\u00f3 que, a futuro, tiene en mente la idea de atajar en Norteam\u00e9rica.\n<\/p>\n<\/figcaption><\/div>\n<\/div>\n<p><strong>\u00abSon experiencias que me gustar\u00edan tener. Luego que regresemos al Parma a la Serie A, veremos qu\u00e9 pasar\u00e1\u00bb<\/strong>, fueron las declaraciones del italiano luego de ser consultado por un posible arribo a tierras mexicanas o estadounidenses. Multicampe\u00f3n con la Juve (22 t\u00edtulos) y de paso por otras grandes instituciones como el <a alt=\"paris-saint-germain\" class=\"slug\" href=\"https:\/\/www.ole.com.ar\/tema\/paris-saint-germain.html\" target=\"_blank\" title=\"paris-saint-germain\" rel=\"noopener noreferrer\">Par\u00eds Saint-Germain<\/a>, su excursi\u00f3n por Am\u00e9rica ser\u00eda sin dudas una magn\u00edfica noticia para el deporte del continente.<\/p>\n<div class=\"sp__SM\">\n<div class=\"content-new \">\n<span class=\"tit-mobile\">Mir\u00e1 tambi\u00e9n<\/span><\/p>\n<div class=\"mg\">\n<div class=\"wrap-figure\">\n<picture>\n<a href=\"https:\/\/www.ole.com.ar\/informacion-general\/eric-hayet-abidal-declarar-caso-hamraoui_0_mONYtymg9.html\" target=\"_self\" rel=\"noopener noreferrer\"><br \/>\n<img class=\"img-responsive\" alt=\"\u00c9ric Abidal declara como testigo en el caso de agresi\u00f3n a Kheira Hamraoui\" src=\"http:\/\/hoycordobaweb.com\/wp-content\/uploads\/2021\/12\/sorpresa-buffon-confeso-que-le-gustaria-atajar-en-la-liga-mx-o-la-mls-4.jpg\" loading=\"lazy\"><br \/>\n<\/a>\n<\/picture>\n<\/div>\n<\/div><\/div>\n<\/div>\n<div class=\"sp__Normal\">\n<div class=\"image-embeb image-trigger\" readability=\"6\">\n<picture><source media=\"(min-width: 720px)\" srcset=\"http:\/\/hoycordobaweb.com\/wp-content\/uploads\/2021\/12\/sorpresa-buffon-confeso-que-le-gustaria-atajar-en-la-liga-mx-o-la-mls-5.jpg\"><img itemprop=\"image\" src=\"http:\/\/hoycordobaweb.com\/wp-content\/uploads\/2021\/12\/sorpresa-buffon-confeso-que-le-gustaria-atajar-en-la-liga-mx-o-la-mls-5.jpg\" loading=\"lazy\" alt=\"Gigi con el buzo de arquero del PSG.\">\n<\/picture><figcaption readability=\"2\">\n<p>Gigi con el buzo de arquero del PSG.\n<\/p>\n<\/figcaption><\/div>\n<\/div>\n<div class=\"sp__SM\">\n<div class=\"content-new \">\n<span class=\"tit-mobile\">Mir\u00e1 tambi\u00e9n<\/span><\/p>\n<div class=\"mg\">\n<div class=\"wrap-figure\">\n<picture>\n<a href=\"https:\/\/www.ole.com.ar\/boxeo\/pelea-youtuber-promesa_0_Yu81kUbcN.html\" target=\"_self\" rel=\"noopener noreferrer\"><br \/>\n<img class=\"img-responsive\" alt=\"Ch\u00e1vez Jr y su fuerte promesa si pierde contra un famoso youtuber\" src=\"http:\/\/hoycordobaweb.com\/wp-content\/uploads\/2021\/12\/sorpresa-buffon-confeso-que-le-gustaria-atajar-en-la-liga-mx-o-la-mls-6.jpg\" loading=\"lazy\"><br \/>\n<\/a>\n<\/picture>\n<\/div>\n<\/div><\/div>\n<\/div>\n<p>Antes, consultado sobre su futuro despu\u00e9s del f\u00fatbol, Buffon, pr\u00f3ximo a cumplir 44 a\u00f1os (el 28 de enero) hab\u00eda explicado cu\u00e1l es el rol que pretende tomar una vez que cuelgue los botines. <strong>\u00abSi t\u00fa me preguntas qu\u00e9 tengo en mente a futuro, no s\u00e9 si quiero ser t\u00e9cnico o dirigente. Quiero dominar el ingl\u00e9s, ser dirigente en Estados Unidos o Australia\u00bb<\/strong>, sentenci\u00f3.<\/p>\n<div class=\"sp__SM\">\n<div class=\"content-new \">\n<span class=\"tit-mobile\">Mir\u00e1 tambi\u00e9n<\/span><\/p>\n<div class=\"mg\">\n<div class=\"wrap-figure\">\n<picture>\n<a href=\"https:\/\/www.ole.com.ar\/futbol-internacional\/america\/teo-gutierrez-campeon-deportivo-cali_0_GM3urDNHW.html\" target=\"_self\" rel=\"noopener noreferrer\"><br \/>\n<img class=\"img-responsive\" alt=\"Teo Guti\u00e9rrez: campe\u00f3n con el Deportivo Cali y festejo a puro fernet\" src=\"http:\/\/hoycordobaweb.com\/wp-content\/uploads\/2021\/12\/sorpresa-buffon-confeso-que-le-gustaria-atajar-en-la-liga-mx-o-la-mls-7.jpg\" loading=\"lazy\"><br \/>\n<\/a>\n<\/picture>\n<\/div>\n<\/div><\/div>\n<\/div>\n<h2><strong>LA OTRA ESTRELLA QUE PRETENDEN EN LA MAJOR LEAGUE SOCCER<\/strong><\/h2>\n<p>El <a alt=\"inter-de-miami\" class=\"slug\" href=\"https:\/\/www.ole.com.ar\/tema\/inter-de-miami.html\" target=\"_blank\" title=\"inter-de-miami\" rel=\"noopener noreferrer\">Inter de Miami<\/a> tendr\u00eda en mente la idea de ir a buscar a <strong><a alt=\"luis-suarez\" class=\"slug\" href=\"https:\/\/www.ole.com.ar\/tema\/luis-suarez.html\" target=\"_blank\" title=\"luis-suarez\" rel=\"noopener noreferrer\">Luis Su\u00e1rez<\/a><\/strong>, a quien se le vence el contrato con el <a alt=\"atletico-madrid\" class=\"slug\" href=\"https:\/\/www.ole.com.ar\/tema\/atletico-madrid.html\" target=\"_blank\" title=\"atletico-madrid\" rel=\"noopener noreferrer\">Atl\u00e9tico Madrid<\/a> a mitades del 2022. Seg\u00fan el sitio especializado Calciomercato, <strong><a href=\"https:\/\/www.ole.com.ar\/futbol-internacional\/america\/luis-suarez-mls-inter-miami-beckham_0_rhxEI3S3l.html\" target=\"_blank\" rel=\"noopener noreferrer\">el experimentado delantero uruguayo ser\u00eda el apuntado por David Beckham y compa\u00f1\u00eda, debiendo esperar a que finalice su v\u00ednculo en Espa\u00f1a.<\/a><\/strong> Si se concreta el inter\u00e9s, con el antecedente de estrellas como <a alt=\"zlatan-ibrahimovic\" class=\"slug\" href=\"https:\/\/www.ole.com.ar\/tema\/zlatan-ibrahimovic.html\" target=\"_blank\" title=\"zlatan-ibrahimovic\" rel=\"noopener noreferrer\">Zlatan Ibrahimovic<\/a> -jug\u00f3 en <a alt=\"los-angeles-galaxy\" class=\"slug\" href=\"https:\/\/www.ole.com.ar\/tema\/los-angeles-galaxy.html\" target=\"_blank\" title=\"los-angeles-galaxy\" rel=\"noopener noreferrer\">Los Angeles Galaxy<\/a>-, significar\u00eda uno de los arribos m\u00e1s importantes en la historia del campeonato estadounidense.<\/p>\n<div class=\"sp__Normal\">\n<div class=\"image-embeb image-trigger\" readability=\"6.5\">\n<picture><source media=\"(min-width: 720px)\" srcset=\"http:\/\/hoycordobaweb.com\/wp-content\/uploads\/2021\/12\/sorpresa-buffon-confeso-que-le-gustaria-atajar-en-la-liga-mx-o-la-mls-8.jpg\"><img itemprop=\"image\" src=\"http:\/\/hoycordobaweb.com\/wp-content\/uploads\/2021\/12\/sorpresa-buffon-confeso-que-le-gustaria-atajar-en-la-liga-mx-o-la-mls-8.jpg\" loading=\"lazy\" alt=\"Lucho Su\u00e1rez, en la mira del Inter de Miami.\">\n<\/picture><figcaption readability=\"3\">\n<p>Lucho Su\u00e1rez, en la mira del Inter de Miami.\n<\/p>\n<\/figcaption><\/div>\n<\/div>\n<p>De todos modos, no ser\u00eda el \u00fanico equipo interesado en contratar los servicios de Lucho. <strong><a alt=\"corinthians\" class=\"slug\" href=\"https:\/\/www.ole.com.ar\/tema\/corinthians.html\" target=\"_blank\" title=\"corinthians\" rel=\"noopener noreferrer\">Corinthians<\/a>, uno de los grandes del continente americano, tambi\u00e9n tendr\u00eda intenciones de seducir al Pistolero para que elija continuar con su carrera en Brasil.<\/strong> A sus 34 a\u00f1os de edad, Su\u00e1rez se fue a jugar a Europa en 2006, luego de hacer su debut en el profesionalismo con Nacional, y pas\u00f3 por el FC Groningen y Ajax en los Pa\u00edses Bajos, Liverpool en Inglaterra y Barcelona y <a alt=\"atlletico-de-madrid\" class=\"slug\" href=\"https:\/\/www.ole.com.ar\/tema\/atlletico-de-madrid.html\" target=\"_blank\" title=\"atlletico-de-madrid\" rel=\"noopener noreferrer\">Atl\u00e9tico de Madrid<\/a> en Espa\u00f1a, conquistando una gran cantidad de t\u00edtulos en su excursi\u00f3n por el Viejo Continente.<\/p>\n<div class=\"sp__SM\">\n<div class=\"content-new \">\n<span class=\"tit-mobile\">Mir\u00e1 tambi\u00e9n<\/span><\/p>\n<div class=\"mg\">\n<div class=\"wrap-figure\">\n<picture>\n<a href=\"https:\/\/www.ole.com.ar\/informacion-general\/gerard-pique-multa-millones-euros-bar_0_oDAwlszOU.html\" target=\"_self\" rel=\"noopener noreferrer\"><br \/>\n<img class=\"img-responsive\" alt=\"Piqu\u00e9 se salv\u00f3 de pagar una multa de 2,1 millones de euros\" src=\"http:\/\/hoycordobaweb.com\/wp-content\/uploads\/2021\/12\/sorpresa-buffon-confeso-que-le-gustaria-atajar-en-la-liga-mx-o-la-mls-9.jpg\" loading=\"lazy\"><br \/>\n<\/a>\n<\/picture>\n<\/div>\n<\/div><\/div>\n<\/div>\n<div class=\"sp__Normal\">\n<div class=\"image-embeb image-trigger\" readability=\"6\">\n<picture><source media=\"(min-width: 720px)\" srcset=\"http:\/\/hoycordobaweb.com\/wp-content\/uploads\/2021\/12\/sorpresa-buffon-confeso-que-le-gustaria-atajar-en-la-liga-mx-o-la-mls-10.jpg\"><img itemprop=\"image\" src=\"http:\/\/hoycordobaweb.com\/wp-content\/uploads\/2021\/12\/sorpresa-buffon-confeso-que-le-gustaria-atajar-en-la-liga-mx-o-la-mls-10.jpg\" loading=\"lazy\" alt=\"El goleador uruguayo y un presente no muy bueno en el Atleti.\">\n<\/picture><figcaption readability=\"2\">\n<p>El goleador uruguayo y un presente no muy bueno en el Atleti.\n<\/p>\n<\/figcaption><\/div>\n<\/div>\n<div class=\"sp__SM\">\n<div class=\"content-new \">\n<span class=\"tit-mobile\">Mir\u00e1 tambi\u00e9n<\/span><\/p>\n<div class=\"mg\">\n<div class=\"wrap-figure\">\n<picture>\n<a href=\"https:\/\/www.ole.com.ar\/futbol-internacional\/america\/jefferson-soteldo-regreso-brasileirao_0_POtTiR8hY.html\" target=\"_self\" rel=\"noopener noreferrer\"><br \/>\n<img class=\"img-responsive\" alt=\"La figura por la que Palmeiras, Santos y San Pablo se pelean\" src=\"http:\/\/hoycordobaweb.com\/wp-content\/uploads\/2021\/12\/sorpresa-buffon-confeso-que-le-gustaria-atajar-en-la-liga-mx-o-la-mls-11.jpg\" loading=\"lazy\"><br \/>\n<\/a>\n<\/picture>\n<\/div>\n<\/div><\/div>\n<\/div>\n<p>Lo cierto es que el delantero de la selecci\u00f3n charr\u00faa no atraviesa su mejor momento. <strong>Lucho no moja desde hace m\u00e1s de un mes y lleva ya ocho encuentros sin festejar.<\/strong> <a data-cke-saved-href=\"https:\/\/www.ole.com.ar\/futbol-internacional\/espana\/granada-atletico-madrid-vivo_0_zsQ7aChig.html\" target=\"_blank\" href=\"https:\/\/www.ole.com.ar\/futbol-internacional\/espana\/granada-atletico-madrid-vivo_0_zsQ7aChig.html\" rel=\"noopener noreferrer\">En la ca\u00edda del Colchonero contra el Granada (2-1) de este mi\u00e9rcoles,<\/a> Su\u00e1rez fue reemplazado por el brasile\u00f1o Cunha en el complemento y tampoco marc\u00f3 goles.<\/p>\n<div class=\"sp__SM\">\n<div class=\"content-new \">\n<span class=\"tit-mobile\">Mir\u00e1 tambi\u00e9n<\/span><\/p>\n<div class=\"mg\">\n<div class=\"wrap-figure\">\n<picture>\n<a href=\"https:\/\/www.ole.com.ar\/futbol-internacional\/ranking-fifa-cabezas-serie-mundial_0_1sR-w__Hm.html\" target=\"_self\" rel=\"noopener noreferrer\"><br \/>\n<img class=\"img-responsive\" alt=\"Ranking FIFA: el cabeza de serie que falta y los equipos a evitar en el Mundial\" src=\"http:\/\/hoycordobaweb.com\/wp-content\/uploads\/2021\/12\/sorpresa-buffon-confeso-que-le-gustaria-atajar-en-la-liga-mx-o-la-mls-12.jpg\" loading=\"lazy\"><br \/>\n<\/a>\n<\/picture>\n<\/div>\n<\/div><\/div>\n<\/div>\n<div class=\"sp__SM\">\n<div class=\"content-new \">\n<span class=\"tit-mobile\">Mir\u00e1 tambi\u00e9n<\/span><\/p>\n<div class=\"mg\">\n<div class=\"wrap-figure\">\n<picture>\n<a href=\"https:\/\/www.ole.com.ar\/informacion-general\/fallecio-taufik-ramsyah-tornado-choque_0_-USNrHfaM.html\" target=\"_self\" rel=\"noopener noreferrer\"><br \/>\n<img class=\"img-responsive\" alt=\"Tragedia en Indonesia: un arquero de 20 a\u00f1os falleci\u00f3 tras chocar con un rival\" src=\"http:\/\/hoycordobaweb.com\/wp-content\/uploads\/2021\/12\/sorpresa-buffon-confeso-que-le-gustaria-atajar-en-la-liga-mx-o-la-mls-13.jpg\" loading=\"lazy\"><br \/>\n<\/a>\n<\/picture>\n<\/div>\n<\/div><\/div>\n<\/div>\n<div class=\"sp__SM\">\n<div class=\"content-new \">\n<span class=\"tit-mobile\">Mir\u00e1 tambi\u00e9n<\/span><\/p>\n<div class=\"mg\">\n<div class=\"wrap-figure\">\n<picture>\n<a href=\"https:\/\/www.ole.com.ar\/river-plate\/quintero-enigmatico-mensaje-river_0_gxFRixEw3.html\" target=\"_self\" rel=\"noopener noreferrer\"><br \/>\n<img class=\"img-responsive\" alt=\"Quintero y otro enigm\u00e1tico mensaje que ilusiona a River\" src=\"http:\/\/hoycordobaweb.com\/wp-content\/uploads\/2021\/12\/sorpresa-buffon-confeso-que-le-gustaria-atajar-en-la-liga-mx-o-la-mls-14.jpg\" loading=\"lazy\"><br \/>\n<\/a>\n<\/picture>\n<\/div>\n<\/div><\/div>\n<\/div>\n<div class=\"entry-tags\">\n<h2>TEMAS QUE APARECEN EN ESTA NOTA<\/h2>\n<\/p><\/div>\n","protected":false},"excerpt":{"rendered":"<p>Gianluigi Buffon es una leyenda en actividad del f\u00fatbol. El arquero italiano, a sus 43 a\u00f1os de edad, se mantiene vigente e intentando volver a la Serie A con el Parma, equipo en el que hizo su debut como profesional -en 1995- y al que retorn\u00f3 para llevarlo nuevamente a la Primera Divisi\u00f3n de Italia. [&hellip;]<\/p>\n","protected":false},"author":1,"featured_media":34693,"comment_status":"open","ping_status":"closed","sticky":false,"template":"","format":"standard","meta":[],"categories":[16],"tags":[],"_links":{"self":[{"href":"http:\/\/hoycordobaweb.com\/index.php\/wp-json\/wp\/v2\/posts\/34692"}],"collection":[{"href":"http:\/\/hoycordobaweb.com\/index.php\/wp-json\/wp\/v2\/posts"}],"about":[{"href":"http:\/\/hoycordobaweb.com\/index.php\/wp-json\/wp\/v2\/types\/post"}],"author":[{"embeddable":true,"href":"http:\/\/hoycordobaweb.com\/index.php\/wp-json\/wp\/v2\/users\/1"}],"replies":[{"embeddable":true,"href":"http:\/\/hoycordobaweb.com\/index.php\/wp-json\/wp\/v2\/comments?post=34692"}],"version-history":[{"count":0,"href":"http:\/\/hoycordobaweb.com\/index.php\/wp-json\/wp\/v2\/posts\/34692\/revisions"}],"wp:featuredmedia":[{"embeddable":true,"href":"http:\/\/hoycordobaweb.com\/index.php\/wp-json\/wp\/v2\/media\/34693"}],"wp:attachment":[{"href":"http:\/\/hoycordobaweb.com\/index.php\/wp-json\/wp\/v2\/media?parent=34692"}],"wp:term":[{"taxonomy":"category","embeddable":true,"href":"http:\/\/hoycordobaweb.com\/index.php\/wp-json\/wp\/v2\/categories?post=34692"},{"taxonomy":"post_tag","embeddable":true,"href":"http:\/\/hoycordobaweb.com\/index.php\/wp-json\/wp\/v2\/tags?post=34692"}],"curies":[{"name":"wp","href":"https:\/\/api.w.org\/{rel}","templated":true}]}}